{"id":110727,"date":"2018-02-11T09:36:23","date_gmt":"2018-02-11T12:36:23","guid":{"rendered":"http:\/\/senoticias.com.br\/se\/?p=110727"},"modified":"2018-02-11T09:36:23","modified_gmt":"2018-02-11T12:36:23","slug":"belivaldo-participa-de-segunda-noite-do-rasgadinho","status":"publish","type":"post","link":"https:\/\/senoticias.com.br\/se\/belivaldo-participa-de-segunda-noite-do-rasgadinho\/","title":{"rendered":"Belivaldo participa de segunda noite do Rasgadinho"},"content":{"rendered":"<p style=\"text-align: justify;\">Neste s\u00e1bado (10), o vice-governador Belivaldo Chagas participou da segunda noite de folia do Festival Brasileiro de Ritmos &#8211; Rasgadinho 2018. O evento, que j\u00e1 \u00e9 tradi\u00e7\u00e3o, acontece este ano de 9 a 13 de fevereiro, com novo conceito e uma estrutura diferenciada contando com quatro palcos instalados na avenida Bar\u00e3o de Maruim &#8211; entre a Pra\u00e7a da Bandeira e a rua Santa Luzia -, na regi\u00e3o conhecida como cora\u00e7\u00e3o da cidade.<\/p>\n<div id=\"attachment_110728\" style=\"width: 606px\" class=\"wp-caption aligncenter\"><a href=\"http:\/\/senoticias.com.br\/se\/wp-content\/uploads\/2018\/02\/73addcc0f8c25a5aeca4ae67511c2a46.jpeg-belivaldo-chagas-SE-Noticias-e1518352518639.jpeg\"><img loading=\"lazy\" decoding=\"async\" aria-describedby=\"caption-attachment-110728\" class=\"size-full wp-image-110728\" src=\"http:\/\/senoticias.com.br\/se\/wp-content\/uploads\/2018\/02\/73addcc0f8c25a5aeca4ae67511c2a46.jpeg-belivaldo-chagas-SE-Noticias-e1518352518639.jpeg\" alt=\"Este ano, o Festival Brasileiro de Ritmos - Rasgadinho ganhou novo conceito e estrutura diferenciada, com o apoio do Governo do Estado, por meio do Minist\u00e9rio da Cultura - Foto: Marcelle Cristine\/ASN. \" width=\"596\" height=\"398\" \/><\/a><p id=\"caption-attachment-110728\" class=\"wp-caption-text\">Este ano, o Festival Brasileiro de Ritmos &#8211; Rasgadinho ganhou novo conceito e estrutura diferenciada, com o apoio do Governo do Estado, por meio do Minist\u00e9rio da Cultura &#8211; Foto: Marcelle Cristine\/ASN.<\/p><\/div>\n<p style=\"text-align: justify;\">Para o vice-governador, o evento \u00e9 a celebra\u00e7\u00e3o da cultura e da alegria do povo sergipano. \u201cO Rasgadinho \u00e9 uma festa que nasceu l\u00e1 no passado e foi crescendo, ocupando os bairros e, hoje, a gente pode dizer que o Rasgadinho \u00e9 a festa da cidade, \u00e9 o carnaval que representa Sergipe. E este ano com a novidade que \u00e9 o Festival de Ritmos, preservando o carnaval tradicional, mas tamb\u00e9m acolhendo outros ritmos como podemos acompanhar com a vasta programa\u00e7\u00e3o\u201d.<\/p>\n<p style=\"text-align: justify;\">As atra\u00e7\u00f5es da segunda noite foram as bandas \u00c1gua Viva, \u00c1gua de Cheiro, Silv\u00e9rio Pessoa e as atra\u00e7\u00f5es nacionais Melanina Carioca e o sambista Diogo Nogueira. Ao todo, s\u00e3o 27 atra\u00e7\u00f5es, selecionadas via edital, como acontece todos os anos no per\u00edodo do carnaval. E este ano, o governo do Estado entra como realizador da festa, por meio do Minist\u00e9rio da Cultura, via Funarte.<\/p>\n<p style=\"text-align: justify;\">\u201cO estado est\u00e1 em festa e Aracaju tamb\u00e9m com esse grande evento, e n\u00f3s queremos parabenizar aos organizadores do Rasgadinho, em especial ao deputado Robson\u00a0 coragViana pelaem de abra\u00e7ar esse projeto. A expectativa \u00e9 de que tenhamos um carnaval de paz, com tranquilidade, e o governo do Estado, na medida do poss\u00edvel, est\u00e1 apoiando o evento, principalmente com o apoio log\u00edstico, em especial com a Seguran\u00e7a P\u00fablica, para que as pessoas possam se dirigir pra c\u00e1 tranquilas e curtir a festa com a fam\u00edlia\u201d, ressaltou o vice-governador.<\/p>\n<p style=\"text-align: justify;\">Esse resgate das tradicionais festas de momo se mistura com outros ritmos como o forr\u00f3, o samba e a MPB, durante os dias de folia. Para Robson Viana, um dos idealizadores da festa, \u00e9 gratificante acompanhar a evolu\u00e7\u00e3o e a propor\u00e7\u00e3o que o evento ganhou ano ap\u00f3s ano. \u201cNosso carnaval vem crescendo a cada ano. Ver aquela brincadeira que come\u00e7ou na rua Riach\u00e3o se transformar nessa festa linda com a avenida Bar\u00e3o de Maruim tomada de foli\u00f5es \u00e9 muito gratificante. Al\u00e9m da festa, essa dimens\u00e3o do Rasgadinho ajuda a movimentar a economia do estado e o apoio log\u00edstico do governo do Estado este ano foi fundamental\u201d, destacou.<\/p>\n<p style=\"text-align: justify;\">A mesma satisfa\u00e7\u00e3o \u00e9 expressa por Cesar Viana, organizador da festa e presidente da Associa\u00e7\u00e3o Cultural Rasgadinho (ACRA). \u201cEstamos muito felizes com esses primeiros dias de festa. Gra\u00e7as a Deus deu tudo certo e a expectativa \u00e9 muito grande para os pr\u00f3ximos dias. E sem o apoio log\u00edstico do governo do Estado e da Prefeitura, seria imposs\u00edvel realizar este grande evento. Ficamos mais felizes ainda por perceber que o foli\u00e3o sergipano acreditou na festa, e ainda recebemos v\u00e1rios turistas, o que ajuda a fomentar a economia\u201d.<\/p>\n<p style=\"text-align: justify;\"><strong>Presen\u00e7as<\/strong><\/p>\n<p style=\"text-align: justify;\">Tamb\u00e9m estiveram presentes na festa o presidente da Funda\u00e7\u00e3o Aperip\u00ea, Givaldo Ricardo; o presidente da Assembleia Legislativa de Sergipe (Alese), Luciano Bispo; a superintendente da Casa Civil, Concei\u00e7\u00e3o Vieira; e o diretor da Empresa Sergipana de Turismo (Emsetur), Cincinato J\u00fanior.<\/p>\n<p style=\"text-align: justify;\">Da ASN.<\/p>\n<p style=\"text-align: justify;\"><strong>Acompanhe tamb\u00e9m o SE Not\u00edcias no<\/strong><strong>\u00a0<\/strong><a href=\"https:\/\/twitter.com\/Senoticias\"><strong>Twitter<\/strong><\/a><strong>,<\/strong><strong>\u00a0<\/strong><a href=\"https:\/\/www.facebook.com\/senoticias1\"><strong>Facebook<\/strong><strong>\u00a0<\/strong><\/a><strong>e no<\/strong><strong>\u00a0<\/strong><a href=\"https:\/\/www.instagram.com\/senoticias\/\"><strong>Instagram<\/strong><\/a><strong>.<\/strong><\/p>\n<p style=\"text-align: justify;\"><a href=\"http:\/\/senoticias.com.br\/se\/wp-content\/uploads\/2018\/01\/Logomarca-fone-SE-4-2.jpg\"><img loading=\"lazy\" decoding=\"async\" class=\"aligncenter size-full wp-image-110322\" src=\"http:\/\/senoticias.com.br\/se\/wp-content\/uploads\/2018\/01\/Logomarca-fone-SE-4-2.jpg\" alt=\"Logomarca-fone-SE-4\" width=\"599\" height=\"78\" srcset=\"https:\/\/senoticias.com.br\/se\/wp-content\/uploads\/2018\/01\/Logomarca-fone-SE-4-2.jpg 599w, https:\/\/senoticias.com.br\/se\/wp-content\/uploads\/2018\/01\/Logomarca-fone-SE-4-2-300x39.jpg 300w\" sizes=\"(max-width: 599px) 100vw, 599px\" \/><\/a><\/p>\n","protected":false},"excerpt":{"rendered":"<p>Neste s\u00e1bado (10), o vice-governador Belivaldo Chagas participou da segunda noite de folia do Festival Brasileiro de Ritmos &#8211; Rasgadinho 2018. O evento, que j\u00e1 \u00e9 tradi\u00e7\u00e3o, acontece este ano de 9 a 13 de fevereiro, com novo conceito e uma estrutura diferenciada contando com quatro palcos instalados na avenida Bar\u00e3o de Maruim &#8211; entre [&hellip;]<\/p>\n","protected":false},"author":2,"featured_media":110728,"comment_status":"closed","ping_status":"closed","sticky":false,"template":"","format":"standard","meta":{"footnotes":""},"categories":[6],"tags":[8670],"class_list":{"0":"post-110727","1":"post","2":"type-post","3":"status-publish","4":"format-standard","5":"has-post-thumbnail","7":"category-politica","8":"tag-belivaldo-participa-de-segunda-noite-do-rasgadinho"},"_links":{"self":[{"href":"https:\/\/senoticias.com.br\/se\/wp-json\/wp\/v2\/posts\/110727"}],"collection":[{"href":"https:\/\/senoticias.com.br\/se\/wp-json\/wp\/v2\/posts"}],"about":[{"href":"https:\/\/senoticias.com.br\/se\/wp-json\/wp\/v2\/types\/post"}],"author":[{"embeddable":true,"href":"https:\/\/senoticias.com.br\/se\/wp-json\/wp\/v2\/users\/2"}],"replies":[{"embeddable":true,"href":"https:\/\/senoticias.com.br\/se\/wp-json\/wp\/v2\/comments?post=110727"}],"version-history":[{"count":0,"href":"https:\/\/senoticias.com.br\/se\/wp-json\/wp\/v2\/posts\/110727\/revisions"}],"wp:featuredmedia":[{"embeddable":true,"href":"https:\/\/senoticias.com.br\/se\/wp-json\/wp\/v2\/media\/110728"}],"wp:attachment":[{"href":"https:\/\/senoticias.com.br\/se\/wp-json\/wp\/v2\/media?parent=110727"}],"wp:term":[{"taxonomy":"category","embeddable":true,"href":"https:\/\/senoticias.com.br\/se\/wp-json\/wp\/v2\/categories?post=110727"},{"taxonomy":"post_tag","embeddable":true,"href":"https:\/\/senoticias.com.br\/se\/wp-json\/wp\/v2\/tags?post=110727"}],"curies":[{"name":"wp","href":"https:\/\/api.w.org\/{rel}","templated":true}]}}