{"id":110726,"date":"2018-02-11T09:14:41","date_gmt":"2018-02-11T12:14:41","guid":{"rendered":"http:\/\/senoticias.com.br\/se\/?p=110726"},"modified":"2018-02-11T09:15:08","modified_gmt":"2018-02-11T12:15:08","slug":"homem-e-baleado-em-praia-de-aracaju","status":"publish","type":"post","link":"https:\/\/senoticias.com.br\/se\/homem-e-baleado-em-praia-de-aracaju\/","title":{"rendered":"Homem \u00e9 baleado em praia de Aracaju"},"content":{"rendered":"<p style=\"text-align: justify;\">Um homem foi baleado na tarde deste s\u00e1bado (10), na praia do Robalo, em Aracaju. Segundo a pol\u00edcia, ele estava com o ve\u00edculo da areia quando foi abordado por assaltantes, que durante a tentativa de roubar o ve\u00edculo efetuaram os disparos.<\/p>\n<div id=\"attachment_94621\" style=\"width: 606px\" class=\"wp-caption aligncenter\"><a href=\"http:\/\/senoticias.com.br\/se\/wp-content\/uploads\/2016\/07\/tirosd-e1469569056662.jpg\"><img loading=\"lazy\" decoding=\"async\" aria-describedby=\"caption-attachment-94621\" class=\"size-full wp-image-94621\" src=\"http:\/\/senoticias.com.br\/se\/wp-content\/uploads\/2016\/07\/tirosd-e1469569056662.jpg\" alt=\"imagem ilustrativa\" width=\"596\" height=\"317\" \/><\/a><p id=\"caption-attachment-94621\" class=\"wp-caption-text\">imagem ilustrativa<\/p><\/div>\n<p style=\"text-align: justify;\">Ainda de acordo com a pol\u00edcia, a v\u00edtima foi encaminhada a um hospital particular da capital. O estado de sa\u00fade do homem n\u00e3o foi informado.<\/p>\n<p style=\"text-align: justify;\">A pol\u00edcia informou que uma equipe da criminal\u00edstica foi acionada e est\u00e1 no local do crime.<\/p>\n<p style=\"text-align: justify;\"><em><strong>Do G1 SE.<\/strong><\/em><\/p>\n<p style=\"text-align: justify;\"><strong>Acompanhe tamb\u00e9m o SE Not\u00edcias no<\/strong><strong>\u00a0<\/strong><a href=\"https:\/\/twitter.com\/Senoticias\"><strong>Twitter<\/strong><\/a><strong>,<\/strong><strong>\u00a0<\/strong><a href=\"https:\/\/www.facebook.com\/senoticias1\"><strong>Facebook<\/strong><strong>\u00a0<\/strong><\/a><strong>e no<\/strong><strong>\u00a0<\/strong><a href=\"https:\/\/www.instagram.com\/senoticias\/\"><strong>Instagram<\/strong><\/a><strong>.<\/strong><\/p>\n<p style=\"text-align: justify;\"><a href=\"http:\/\/senoticias.com.br\/se\/wp-content\/uploads\/2018\/01\/Logomarca-fone-SE-4-2.jpg\"><img loading=\"lazy\" decoding=\"async\" class=\"aligncenter size-full wp-image-110322\" src=\"http:\/\/senoticias.com.br\/se\/wp-content\/uploads\/2018\/01\/Logomarca-fone-SE-4-2.jpg\" alt=\"Logomarca-fone-SE-4\" width=\"599\" height=\"78\" srcset=\"https:\/\/senoticias.com.br\/se\/wp-content\/uploads\/2018\/01\/Logomarca-fone-SE-4-2.jpg 599w, https:\/\/senoticias.com.br\/se\/wp-content\/uploads\/2018\/01\/Logomarca-fone-SE-4-2-300x39.jpg 300w\" sizes=\"(max-width: 599px) 100vw, 599px\" \/><\/a><\/p>\n","protected":false},"excerpt":{"rendered":"<p>Um homem foi baleado na tarde deste s\u00e1bado (10), na praia do Robalo, em Aracaju. Segundo a pol\u00edcia, ele estava com o ve\u00edculo da areia quando foi abordado por assaltantes, que durante a tentativa de roubar o ve\u00edculo efetuaram os disparos. Ainda de acordo com a pol\u00edcia, a v\u00edtima foi encaminhada a um hospital particular [&hellip;]<\/p>\n","protected":false},"author":2,"featured_media":94621,"comment_status":"closed","ping_status":"closed","sticky":false,"template":"","format":"standard","meta":{"footnotes":""},"categories":[7],"tags":[],"class_list":{"0":"post-110726","1":"post","2":"type-post","3":"status-publish","4":"format-standard","5":"has-post-thumbnail","7":"category-policia"},"_links":{"self":[{"href":"https:\/\/senoticias.com.br\/se\/wp-json\/wp\/v2\/posts\/110726"}],"collection":[{"href":"https:\/\/senoticias.com.br\/se\/wp-json\/wp\/v2\/posts"}],"about":[{"href":"https:\/\/senoticias.com.br\/se\/wp-json\/wp\/v2\/types\/post"}],"author":[{"embeddable":true,"href":"https:\/\/senoticias.com.br\/se\/wp-json\/wp\/v2\/users\/2"}],"replies":[{"embeddable":true,"href":"https:\/\/senoticias.com.br\/se\/wp-json\/wp\/v2\/comments?post=110726"}],"version-history":[{"count":0,"href":"https:\/\/senoticias.com.br\/se\/wp-json\/wp\/v2\/posts\/110726\/revisions"}],"wp:featuredmedia":[{"embeddable":true,"href":"https:\/\/senoticias.com.br\/se\/wp-json\/wp\/v2\/media\/94621"}],"wp:attachment":[{"href":"https:\/\/senoticias.com.br\/se\/wp-json\/wp\/v2\/media?parent=110726"}],"wp:term":[{"taxonomy":"category","embeddable":true,"href":"https:\/\/senoticias.com.br\/se\/wp-json\/wp\/v2\/categories?post=110726"},{"taxonomy":"post_tag","embeddable":true,"href":"https:\/\/senoticias.com.br\/se\/wp-json\/wp\/v2\/tags?post=110726"}],"curies":[{"name":"wp","href":"https:\/\/api.w.org\/{rel}","templated":true}]}}