{"id":110715,"date":"2018-02-10T06:56:36","date_gmt":"2018-02-10T09:56:36","guid":{"rendered":"http:\/\/senoticias.com.br\/se\/?p=110715"},"modified":"2018-02-10T06:56:36","modified_gmt":"2018-02-10T09:56:36","slug":"saiba-quais-delegacias-do-interior-vao-funcionar-em-regime-de-plantao-durante-o-carnaval","status":"publish","type":"post","link":"https:\/\/senoticias.com.br\/se\/saiba-quais-delegacias-do-interior-vao-funcionar-em-regime-de-plantao-durante-o-carnaval\/","title":{"rendered":"Saiba quais delegacias do interior v\u00e3o funcionar em regime de plant\u00e3o durante o carnaval"},"content":{"rendered":"<div class=\"mc-column content-text active-extra-styles active-capital-letter\" data-block-type=\"unstyled\" data-block-weight=\"42\" data-block-id=\"2\">\n<p class=\"content-text__container theme-color-primary-first-letter\" style=\"text-align: justify;\" data-track-category=\"Link no Texto\" data-track-links=\"\">As delegacias v\u00e3o funcionar em regime de plant\u00e3o at\u00e9 a pr\u00f3xima quinta-feira (15). No Sul do estado vai funcionar a Delegacia de Est\u00e2ncia, no Agreste a de Itabaiana, no Centro-Sul, a de Lagarto e no Sert\u00e3o, a de Nossa Senhora da Gl\u00f3ria.<\/p>\n<div id=\"attachment_110716\" style=\"width: 609px\" class=\"wp-caption aligncenter\"><a href=\"http:\/\/senoticias.com.br\/se\/wp-content\/uploads\/2018\/02\/Delegado-Jonatas-Evangelista-SE-Noticias-e1518256315353.jpg\"><img loading=\"lazy\" decoding=\"async\" aria-describedby=\"caption-attachment-110716\" class=\"size-full wp-image-110716\" src=\"http:\/\/senoticias.com.br\/se\/wp-content\/uploads\/2018\/02\/Delegado-Jonatas-Evangelista-SE-Noticias-e1518256315353.jpg\" alt=\"Segundo o delegado Jonathas Evangelista, equipes est\u00e3o prontas para dar suporte para delegacias caso seja necess\u00e1rio.\" width=\"599\" height=\"399\" \/><\/a><p id=\"caption-attachment-110716\" class=\"wp-caption-text\">Segundo o delegado Jonathas Evangelista, equipes est\u00e3o prontas para dar suporte para delegacias caso seja necess\u00e1rio (foto: arquivo\/SSP\/SE)<\/p><\/div>\n<\/div>\n<div class=\"mc-column content-text active-extra-styles \" style=\"text-align: justify;\" data-block-type=\"unstyled\" data-block-weight=\"31\" data-block-id=\"3\">\n<p class=\"content-text__container \" data-track-category=\"Link no Texto\" data-track-links=\"\">Tamb\u00e9m haver\u00e1 plant\u00e3o em delegacias de munic\u00edpios com festas previstas: Pirambu, Ne\u00f3polis, Canind\u00e9 de S\u00e3o Francisco, Cumbe e Itabaianinha. Na capital, v\u00e3o funcionar as duas Delegacias Plantonistas e a de Turismo.<\/p>\n<\/div>\n<div class=\"mc-column content-text active-extra-styles \" style=\"text-align: justify;\" data-block-type=\"unstyled\" data-block-weight=\"26\" data-block-id=\"4\">\n<p class=\"content-text__container \" data-track-category=\"Link no Texto\" data-track-links=\"\">Segundo o coordenador das delegacias do interior, Jonathas Evangelista quem mora em munic\u00edpios que n\u00e3o possuem delegacias abertas dever\u00e3o se descolar para a delegacia mais pr\u00f3xima.<\/p>\n<\/div>\n<div data-track-category=\"fim do conteudo\" data-track-action=\"ultimo chunk conteudo\" data-track-noninteraction=\"false\" data-track-scroll=\"entrada completa viewport\">\n<div class=\"mc-column content-text active-extra-styles \" data-block-type=\"unstyled\" data-block-weight=\"26\" data-block-id=\"5\">\n<p class=\"content-text__container \" style=\"text-align: justify;\" data-track-category=\"Link no Texto\" data-track-links=\"\">Ainda de acordo com ele, em caso de situa\u00e7\u00f5es mais graves coordenadores estar\u00e3o de sobreaviso para dar suporte as delegacias do interior que v\u00e3o estar funcionando.<\/p>\n<p class=\"content-text__container \" style=\"text-align: justify;\" data-track-category=\"Link no Texto\" data-track-links=\"\"><a href=\"http:\/\/senoticias.com.br\/se\/wp-content\/uploads\/2018\/01\/Logomarca-fone-SE-4-2.jpg\"><img loading=\"lazy\" decoding=\"async\" class=\"aligncenter size-full wp-image-110322\" src=\"http:\/\/senoticias.com.br\/se\/wp-content\/uploads\/2018\/01\/Logomarca-fone-SE-4-2.jpg\" alt=\"Logomarca-fone-SE-4\" width=\"599\" height=\"78\" srcset=\"https:\/\/senoticias.com.br\/se\/wp-content\/uploads\/2018\/01\/Logomarca-fone-SE-4-2.jpg 599w, https:\/\/senoticias.com.br\/se\/wp-content\/uploads\/2018\/01\/Logomarca-fone-SE-4-2-300x39.jpg 300w\" sizes=\"(max-width: 599px) 100vw, 599px\" \/><\/a><\/p>\n<p class=\"content-text__container \" style=\"text-align: justify;\" data-track-category=\"Link no Texto\" data-track-links=\"\">\n<\/div>\n<p class=\"content-text__container \" style=\"text-align: justify;\" data-track-category=\"Link no Texto\" data-track-links=\"\"><em><strong>Acompanhe tamb\u00e9m o SE Not\u00edcias no<\/strong><span class=\"apple-converted-space\"><b>\u00a0<\/b><\/span><a href=\"https:\/\/twitter.com\/Senoticias\" target=\"_blank\"><b>Twitter<\/b><\/a><strong>,<\/strong><span class=\"apple-converted-space\"><b>\u00a0<\/b><\/span><a href=\"https:\/\/www.facebook.com\/senoticias1\" target=\"_blank\"><b>Facebook<\/b><span class=\"apple-converted-space\"><b>\u00a0<\/b><\/span><\/a><strong>e no<\/strong><span class=\"apple-converted-space\"><b>\u00a0<\/b><\/span><a href=\"https:\/\/www.instagram.com\/senoticias\/\" target=\"_blank\"><b>Instagram<\/b><\/a><\/em><\/p>\n<\/div>\n<p class=\"content-text__container \" style=\"text-align: justify;\" data-track-category=\"Link no Texto\" data-track-links=\"\"><em>Com informa\u00e7\u00f5es do <a href=\"https:\/\/g1.globo.com\/se\/sergipe\/noticia\/delegacias-do-interior-vao-funcionar-em-regime-de-plantao-durante-o-carnaval.ghtml\"><strong>G1 SE<\/strong><\/a><\/em><\/p>\n","protected":false},"excerpt":{"rendered":"<p>As delegacias v\u00e3o funcionar em regime de plant\u00e3o at\u00e9 a pr\u00f3xima quinta-feira (15). No Sul do estado vai funcionar a Delegacia de Est\u00e2ncia, no Agreste a de Itabaiana, no Centro-Sul, a de Lagarto e no Sert\u00e3o, a de Nossa Senhora da Gl\u00f3ria. Tamb\u00e9m haver\u00e1 plant\u00e3o em delegacias de munic\u00edpios com festas previstas: Pirambu, Ne\u00f3polis, Canind\u00e9 [&hellip;]<\/p>\n","protected":false},"author":2,"featured_media":110716,"comment_status":"closed","ping_status":"closed","sticky":false,"template":"","format":"standard","meta":{"footnotes":""},"categories":[15],"tags":[8263,8662,8664,8661,8663,495],"class_list":{"0":"post-110715","1":"post","2":"type-post","3":"status-publish","4":"format-standard","5":"has-post-thumbnail","7":"category-destaques","8":"tag-carnaval-2018","9":"tag-delegacias-de-plantao","10":"tag-jonathas-evangelista","11":"tag-plantao","12":"tag-regime-de-plantao","13":"tag-ssp-se"},"_links":{"self":[{"href":"https:\/\/senoticias.com.br\/se\/wp-json\/wp\/v2\/posts\/110715"}],"collection":[{"href":"https:\/\/senoticias.com.br\/se\/wp-json\/wp\/v2\/posts"}],"about":[{"href":"https:\/\/senoticias.com.br\/se\/wp-json\/wp\/v2\/types\/post"}],"author":[{"embeddable":true,"href":"https:\/\/senoticias.com.br\/se\/wp-json\/wp\/v2\/users\/2"}],"replies":[{"embeddable":true,"href":"https:\/\/senoticias.com.br\/se\/wp-json\/wp\/v2\/comments?post=110715"}],"version-history":[{"count":0,"href":"https:\/\/senoticias.com.br\/se\/wp-json\/wp\/v2\/posts\/110715\/revisions"}],"wp:featuredmedia":[{"embeddable":true,"href":"https:\/\/senoticias.com.br\/se\/wp-json\/wp\/v2\/media\/110716"}],"wp:attachment":[{"href":"https:\/\/senoticias.com.br\/se\/wp-json\/wp\/v2\/media?parent=110715"}],"wp:term":[{"taxonomy":"category","embeddable":true,"href":"https:\/\/senoticias.com.br\/se\/wp-json\/wp\/v2\/categories?post=110715"},{"taxonomy":"post_tag","embeddable":true,"href":"https:\/\/senoticias.com.br\/se\/wp-json\/wp\/v2\/tags?post=110715"}],"curies":[{"name":"wp","href":"https:\/\/api.w.org\/{rel}","templated":true}]}}