{"id":110712,"date":"2018-02-09T22:25:06","date_gmt":"2018-02-10T01:25:06","guid":{"rendered":"http:\/\/senoticias.com.br\/se\/?p=110712"},"modified":"2018-02-12T07:41:15","modified_gmt":"2018-02-12T10:41:15","slug":"delegada-da-policia-civil-de-sergipe-morre-apos-fazer-cirurgia-da-arteria-coronaria-em-aracaju","status":"publish","type":"post","link":"https:\/\/senoticias.com.br\/se\/delegada-da-policia-civil-de-sergipe-morre-apos-fazer-cirurgia-da-arteria-coronaria-em-aracaju\/","title":{"rendered":"Delegada da Pol\u00edcia Civil de Sergipe morre ap\u00f3s fazer cirurgia card\u00edaca em Aracaju"},"content":{"rendered":"<p style=\"text-align: justify;\">A Delegada da Pol\u00edcia Civil de Sergipe, Ana Paula Moreira, morreu aos 47 anos no hospital S\u00e3o Lucas, em Aracaju por volta das 20h desta sexta-feira (9). A delegada faleceu ap\u00f3s passar por uma cirurgia de pontagem coron\u00e1ria (tamb\u00e9m conhecido como bypass da art\u00e9ria coron\u00e1ria ou revasculariza\u00e7\u00e3o coron\u00e1ria) \u00e9 realizada para tratar uma isquemia card\u00edaca.<\/p>\n<p style=\"text-align: justify;\">A reportagem do portal <strong>SE Not\u00edcias<\/strong>, apurou que h\u00e1 alguns dias a delegada estava fazendo exames porque desde o final do ano passado estava sentindo fortes dores na altura do peito.<\/p>\n<div id=\"attachment_110713\" style=\"width: 510px\" class=\"wp-caption aligncenter\"><a href=\"http:\/\/senoticias.com.br\/se\/wp-content\/uploads\/2018\/02\/Delegada-Ana-Paula-Moreira.jpg\"><img loading=\"lazy\" decoding=\"async\" aria-describedby=\"caption-attachment-110713\" class=\"size-full wp-image-110713\" src=\"http:\/\/senoticias.com.br\/se\/wp-content\/uploads\/2018\/02\/Delegada-Ana-Paula-Moreira.jpg\" alt=\"Natural de Juazeiro (CE), o delegada morava em Aracaju desde 2006\" width=\"500\" height=\"250\" srcset=\"https:\/\/senoticias.com.br\/se\/wp-content\/uploads\/2018\/02\/Delegada-Ana-Paula-Moreira.jpg 500w, https:\/\/senoticias.com.br\/se\/wp-content\/uploads\/2018\/02\/Delegada-Ana-Paula-Moreira-300x150.jpg 300w\" sizes=\"(max-width: 500px) 100vw, 500px\" \/><\/a><p id=\"caption-attachment-110713\" class=\"wp-caption-text\">A\u00a0delegada Ana Paula Moreira, foi rec\u00e9m-empossada diretora social da Adepol para o tri\u00eanio 2018\/2020 (foto: Fl\u00e1vio Nunes\/arquivo)<\/p><\/div>\n<p style=\"text-align: justify;\">Ontem, foi constatado ap\u00f3s o exame de cateterismo o estreitamente do tronco da coron\u00e1ria.\u00a0 Hoje pela manh\u00e3, Ana Paula chegou a se submeter a uma cirurgia para para tratar uma isquemia card\u00edaca. Por\u00e9m, ap\u00f3s o procedimento, seu quadro de sa\u00fade apresentou complica\u00e7\u00f5es.<\/p>\n<p style=\"text-align: justify;\">Paulista de nascimento e cearense de cora\u00e7\u00e3o, a Delegada Ana Paula ingressou nos quadros da Pol\u00edcia Civil de Sergipe em 2006, notabilizando-se, ao longo de sua carreira de mais de 11 anos.<\/p>\n<p style=\"text-align: justify;\">Teve\u00a0passagens por v\u00e1rias unidades da Pol\u00edcia Civil, Ana Paula\u00a0se destacou na Delegacia da Mulher de Lagarto, al\u00e9m das delegacias de Malhador, Ribeir\u00f3polis, e atualmente estava lotada no Delegacia Plantonista Norte, em Aracaju.<\/p>\n<p style=\"text-align: justify;\">Ana Paula Moreira deixou uma filha de 23 anos. Seu corpo permanece no hospital S\u00e3o Lucas e dever\u00e1 ser\u00a0sepultado em Juazeiro do Norte, no Cear\u00e1.<\/p>\n<p style=\"text-align: justify;\"><strong><em>Reda\u00e7\u00e3o SE Not\u00edcias\u00a0\u00a0<\/em><\/strong><\/p>\n<p style=\"text-align: justify;\"><a href=\"http:\/\/senoticias.com.br\/se\/wp-content\/uploads\/2018\/01\/Logomarca-fone-SE-4-2.jpg\"><img loading=\"lazy\" decoding=\"async\" class=\"aligncenter size-full wp-image-110322\" src=\"http:\/\/senoticias.com.br\/se\/wp-content\/uploads\/2018\/01\/Logomarca-fone-SE-4-2.jpg\" alt=\"Logomarca-fone-SE-4\" width=\"599\" height=\"78\" srcset=\"https:\/\/senoticias.com.br\/se\/wp-content\/uploads\/2018\/01\/Logomarca-fone-SE-4-2.jpg 599w, https:\/\/senoticias.com.br\/se\/wp-content\/uploads\/2018\/01\/Logomarca-fone-SE-4-2-300x39.jpg 300w\" sizes=\"(max-width: 599px) 100vw, 599px\" \/><\/a><\/p>\n<p style=\"text-align: justify;\"><em><strong>Acompanhe tamb\u00e9m o SE Not\u00edcias no<\/strong><span class=\"apple-converted-space\"><b>\u00a0<\/b><\/span><a href=\"https:\/\/twitter.com\/Senoticias\" target=\"_blank\"><b>Twitter<\/b><\/a><strong>,<\/strong><span class=\"apple-converted-space\"><b>\u00a0<\/b><\/span><a href=\"https:\/\/www.facebook.com\/senoticias1\" target=\"_blank\"><b>Facebook<\/b><span class=\"apple-converted-space\"><b>\u00a0<\/b><\/span><\/a><strong>e no<\/strong><span class=\"apple-converted-space\"><b>\u00a0<\/b><\/span><a href=\"https:\/\/www.instagram.com\/senoticias\/\" target=\"_blank\"><b>Instagram<\/b><\/a><\/em><\/p>\n<p>&nbsp;<\/p>\n","protected":false},"excerpt":{"rendered":"<p>A Delegada da Pol\u00edcia Civil de Sergipe, Ana Paula Moreira, morreu aos 47 anos no hospital S\u00e3o Lucas, em Aracaju por volta das 20h desta sexta-feira (9). A delegada faleceu ap\u00f3s passar por uma cirurgia de pontagem coron\u00e1ria (tamb\u00e9m conhecido como bypass da art\u00e9ria coron\u00e1ria ou revasculariza\u00e7\u00e3o coron\u00e1ria) \u00e9 realizada para tratar uma isquemia card\u00edaca. [&hellip;]<\/p>\n","protected":false},"author":2,"featured_media":110713,"comment_status":"closed","ping_status":"closed","sticky":false,"template":"","format":"standard","meta":{"footnotes":""},"categories":[7],"tags":[8659,3574,8660,5300],"class_list":{"0":"post-110712","1":"post","2":"type-post","3":"status-publish","4":"format-standard","5":"has-post-thumbnail","7":"category-policia","8":"tag-ana-paula-moreira","9":"tag-delegada","10":"tag-delegada-ana-paula-moreira","11":"tag-hospital-sao-lucas"},"_links":{"self":[{"href":"https:\/\/senoticias.com.br\/se\/wp-json\/wp\/v2\/posts\/110712"}],"collection":[{"href":"https:\/\/senoticias.com.br\/se\/wp-json\/wp\/v2\/posts"}],"about":[{"href":"https:\/\/senoticias.com.br\/se\/wp-json\/wp\/v2\/types\/post"}],"author":[{"embeddable":true,"href":"https:\/\/senoticias.com.br\/se\/wp-json\/wp\/v2\/users\/2"}],"replies":[{"embeddable":true,"href":"https:\/\/senoticias.com.br\/se\/wp-json\/wp\/v2\/comments?post=110712"}],"version-history":[{"count":0,"href":"https:\/\/senoticias.com.br\/se\/wp-json\/wp\/v2\/posts\/110712\/revisions"}],"wp:featuredmedia":[{"embeddable":true,"href":"https:\/\/senoticias.com.br\/se\/wp-json\/wp\/v2\/media\/110713"}],"wp:attachment":[{"href":"https:\/\/senoticias.com.br\/se\/wp-json\/wp\/v2\/media?parent=110712"}],"wp:term":[{"taxonomy":"category","embeddable":true,"href":"https:\/\/senoticias.com.br\/se\/wp-json\/wp\/v2\/categories?post=110712"},{"taxonomy":"post_tag","embeddable":true,"href":"https:\/\/senoticias.com.br\/se\/wp-json\/wp\/v2\/tags?post=110712"}],"curies":[{"name":"wp","href":"https:\/\/api.w.org\/{rel}","templated":true}]}}