{"id":110709,"date":"2018-02-09T21:16:47","date_gmt":"2018-02-10T00:16:47","guid":{"rendered":"http:\/\/senoticias.com.br\/se\/?p=110709"},"modified":"2018-02-09T21:16:47","modified_gmt":"2018-02-10T00:16:47","slug":"diego-costa-e-eleito-melhor-jogador-do-mes-pela-torcida-do-atletico","status":"publish","type":"post","link":"https:\/\/senoticias.com.br\/se\/diego-costa-e-eleito-melhor-jogador-do-mes-pela-torcida-do-atletico\/","title":{"rendered":"Diego Costa \u00e9 eleito melhor jogador do m\u00eas pela torcida do Atl\u00e9tico"},"content":{"rendered":"<p style=\"text-align: justify;\">Diego Costa voltou ao Atl\u00e9tico de Madrid h\u00e1 menos de um m\u00eas e participou de seis jogos, em que marcou tr\u00eas gols e deu duas assist\u00eancias. As atua\u00e7\u00f5es lhe renderam ser o escolhido da torcida como melhor jogador de janeiro. Feliz com o retorno, o atacante n\u00e3o escondeu a satisfa\u00e7\u00e3o em voltar.<\/p>\n<div id=\"attachment_110710\" style=\"width: 606px\" class=\"wp-caption aligncenter\"><a href=\"http:\/\/senoticias.com.br\/se\/wp-content\/uploads\/2018\/02\/diegocosta.-SE-Noticias-e1518221723684.jpg\"><img loading=\"lazy\" decoding=\"async\" aria-describedby=\"caption-attachment-110710\" class=\"size-full wp-image-110710\" src=\"http:\/\/senoticias.com.br\/se\/wp-content\/uploads\/2018\/02\/diegocosta.-SE-Noticias-e1518221723684.jpg\" alt=\"Diego est\u00e1 na segunda passagem pelo Atl\u00e9tico (Foto: Gabriel Bouys\/AFP) \" width=\"596\" height=\"397\" \/><\/a><p id=\"caption-attachment-110710\" class=\"wp-caption-text\">Diego est\u00e1 na segunda passagem pelo Atl\u00e9tico (Foto: Gabriel Bouys\/AFP)<\/p><\/div>\n<p style=\"text-align: justify;\">O brasileiro naturalizado espanhol sabe da import\u00e2ncia de chegar correspondendo \u00e0s expectativas da torcida. \u201cEu tinha que jogar com esta equipe e esta camisa e nada melhor para come\u00e7ar forte, marcar gols e ajudar o time\u201d, disse.<\/p>\n<p style=\"text-align: justify;\">O atacante ainda agradeceu aos torcedores que o elegeram melhor do time no m\u00eas. \u201cAgrade\u00e7o \u00e0s pessoas por seu apoio, esse pr\u00eamio \u00e9 algo que significa muito para voltar bem e ainda ganhar no primeiro m\u00eas\u201d, declarou, em um v\u00eddeo do clube.<\/p>\n<p style=\"text-align: justify;\">O vice-l\u00edder do Espanhol tem o lanterna M\u00e1laga como pr\u00f3ximo compromisso, fora de casa, no s\u00e1bado, \u00e0s 13h15 (de Bras\u00edlia). O atacante tamb\u00e9m comentou sobre a partida. \u201cEles n\u00e3o est\u00e3o em um bom momento, mas sabemos que \u00e9 uma \u00f3tima equipe, que em seu campo eles sempre tornam dif\u00edcil para qualquer oponente e que, para vencer, temos que ser 100% e fazer uma partida completa\u201d, afirmou.<\/p>\n<p style=\"text-align: justify;\"><em><strong>Da Gazeta Esportiva.<\/strong><\/em><\/p>\n<p style=\"line-height: 14.25pt;\"><strong><span style=\"font-size: 10.0pt; font-family: 'Georgia','serif'; color: #333333;\">Acompanhe tamb\u00e9m o SE Not\u00edcias no<\/span><\/strong><span class=\"apple-converted-space\"><b><span style=\"font-size: 10.0pt; font-family: 'Georgia','serif'; color: #333333;\">\u00a0<\/span><\/b><\/span><a href=\"https:\/\/twitter.com\/Senoticias\" target=\"_blank\"><b><span style=\"font-size: 10.0pt; font-family: 'Georgia','serif';\">Twitter<\/span><\/b><\/a><strong><span style=\"font-size: 10.0pt; font-family: 'Georgia','serif'; color: #333333;\">,<\/span><\/strong><span class=\"apple-converted-space\"><b><span style=\"font-size: 10.0pt; font-family: 'Georgia','serif'; color: #333333;\">\u00a0<\/span><\/b><\/span><a href=\"https:\/\/www.facebook.com\/senoticias1\" target=\"_blank\"><b><span style=\"font-size: 10.0pt; font-family: 'Georgia','serif';\">Facebook<\/span><\/b><span class=\"apple-converted-space\"><b><span style=\"font-size: 10.0pt; font-family: 'Georgia','serif'; color: windowtext; text-decoration: none; text-underline: none;\">\u00a0<\/span><\/b><\/span><\/a><strong><span style=\"font-size: 10.0pt; font-family: 'Georgia','serif'; color: #333333;\">e no<\/span><\/strong><span class=\"apple-converted-space\"><b><span style=\"font-size: 10.0pt; font-family: 'Georgia','serif'; color: #333333;\">\u00a0<\/span><\/b><\/span><a href=\"https:\/\/www.instagram.com\/senoticias\/\" target=\"_blank\"><b><span style=\"font-size: 10.0pt; font-family: 'Georgia','serif';\">Instagram<\/span><\/b><\/a><strong><span style=\"font-size: 10.0pt; font-family: 'Georgia','serif'; color: #333333;\">.<\/span><\/strong><\/p>\n<p style=\"line-height: 14.25pt;\"><a href=\"http:\/\/senoticias.com.br\/se\/wp-content\/uploads\/2018\/01\/Logomarca-fone-SE-4-2.jpg\"><img loading=\"lazy\" decoding=\"async\" class=\"aligncenter size-full wp-image-110322\" src=\"http:\/\/senoticias.com.br\/se\/wp-content\/uploads\/2018\/01\/Logomarca-fone-SE-4-2.jpg\" alt=\"Logomarca-fone-SE-4\" width=\"599\" height=\"78\" srcset=\"https:\/\/senoticias.com.br\/se\/wp-content\/uploads\/2018\/01\/Logomarca-fone-SE-4-2.jpg 599w, https:\/\/senoticias.com.br\/se\/wp-content\/uploads\/2018\/01\/Logomarca-fone-SE-4-2-300x39.jpg 300w\" sizes=\"(max-width: 599px) 100vw, 599px\" \/><\/a><\/p>\n","protected":false},"excerpt":{"rendered":"<p>Diego Costa voltou ao Atl\u00e9tico de Madrid h\u00e1 menos de um m\u00eas e participou de seis jogos, em que marcou tr\u00eas gols e deu duas assist\u00eancias. As atua\u00e7\u00f5es lhe renderam ser o escolhido da torcida como melhor jogador de janeiro. Feliz com o retorno, o atacante n\u00e3o escondeu a satisfa\u00e7\u00e3o em voltar. O brasileiro naturalizado [&hellip;]<\/p>\n","protected":false},"author":2,"featured_media":110710,"comment_status":"closed","ping_status":"closed","sticky":false,"template":"","format":"standard","meta":{"footnotes":""},"categories":[26],"tags":[8658],"class_list":{"0":"post-110709","1":"post","2":"type-post","3":"status-publish","4":"format-standard","5":"has-post-thumbnail","7":"category-esportes","8":"tag-diego-costa-e-eleito-melhor-jogador-do-mes-pela-torcida-do-atletico"},"_links":{"self":[{"href":"https:\/\/senoticias.com.br\/se\/wp-json\/wp\/v2\/posts\/110709"}],"collection":[{"href":"https:\/\/senoticias.com.br\/se\/wp-json\/wp\/v2\/posts"}],"about":[{"href":"https:\/\/senoticias.com.br\/se\/wp-json\/wp\/v2\/types\/post"}],"author":[{"embeddable":true,"href":"https:\/\/senoticias.com.br\/se\/wp-json\/wp\/v2\/users\/2"}],"replies":[{"embeddable":true,"href":"https:\/\/senoticias.com.br\/se\/wp-json\/wp\/v2\/comments?post=110709"}],"version-history":[{"count":0,"href":"https:\/\/senoticias.com.br\/se\/wp-json\/wp\/v2\/posts\/110709\/revisions"}],"wp:featuredmedia":[{"embeddable":true,"href":"https:\/\/senoticias.com.br\/se\/wp-json\/wp\/v2\/media\/110710"}],"wp:attachment":[{"href":"https:\/\/senoticias.com.br\/se\/wp-json\/wp\/v2\/media?parent=110709"}],"wp:term":[{"taxonomy":"category","embeddable":true,"href":"https:\/\/senoticias.com.br\/se\/wp-json\/wp\/v2\/categories?post=110709"},{"taxonomy":"post_tag","embeddable":true,"href":"https:\/\/senoticias.com.br\/se\/wp-json\/wp\/v2\/tags?post=110709"}],"curies":[{"name":"wp","href":"https:\/\/api.w.org\/{rel}","templated":true}]}}