{"id":110707,"date":"2018-02-09T18:18:16","date_gmt":"2018-02-09T21:18:16","guid":{"rendered":"http:\/\/senoticias.com.br\/se\/?p=110707"},"modified":"2018-02-09T18:18:16","modified_gmt":"2018-02-09T21:18:16","slug":"impostometro-deve-alcancar-a-marca-de-r-300-bilhoes-neste-sabado","status":"publish","type":"post","link":"https:\/\/senoticias.com.br\/se\/impostometro-deve-alcancar-a-marca-de-r-300-bilhoes-neste-sabado\/","title":{"rendered":"Impost\u00f4metro deve alcan\u00e7ar a marca de R$ 300 bilh\u00f5es neste s\u00e1bado"},"content":{"rendered":"<p style=\"text-align: justify;\">At\u00e9 amanh\u00e3 (10), os brasileiros j\u00e1 ter\u00e3o pago R$ 300 bilh\u00f5es em tributos somente neste ano. Segundo o Impost\u00f4metro, o valor dever\u00e1 ser atingido por volta das 9h10 deste s\u00e1bado. No ano passado, essa soma foi alcan\u00e7ada dois depois, em 12 de fevereiro.<\/p>\n<div id=\"attachment_87454\" style=\"width: 608px\" class=\"wp-caption aligncenter\"><a href=\"http:\/\/senoticias.com.br\/se\/wp-content\/uploads\/2015\/12\/impostometro1-e1451491660468.jpg\"><img loading=\"lazy\" decoding=\"async\" aria-describedby=\"caption-attachment-87454\" class=\"size-full wp-image-87454\" src=\"http:\/\/senoticias.com.br\/se\/wp-content\/uploads\/2015\/12\/impostometro1-e1451491660468.jpg\" alt=\"(Foto: arquivo\/Nassau)\" width=\"598\" height=\"398\" \/><\/a><p id=\"caption-attachment-87454\" class=\"wp-caption-text\">(Foto: arquivo\/Nassau)<\/p><\/div>\n<p style=\"text-align: justify;\">&#8220;\u00c9 imprescind\u00edvel que n\u00e3o haja aumento de impostos, uma vez que a tend\u00eancia da arrecada\u00e7\u00e3o j\u00e1 aponta um crescimento\u201d, disse o superintendente institucional da Associa\u00e7\u00e3o Comercial de S\u00e3o Paulo, Marcel Solimeo.<\/p>\n<p style=\"text-align: justify;\">O Impost\u00f4metro \u00e9 um mecanismo criado pela associa\u00e7\u00e3o em 2005 e que mede o total de impostos, taxas e contribui\u00e7\u00f5es que a popula\u00e7\u00e3o brasileira paga desde o in\u00edcio do ano.<\/p>\n<p style=\"text-align: justify;\">Segundo a Associa\u00e7\u00e3o Comercial, com esse valor arrecadado seria poss\u00edvel, por exemplo, comprar mais de 438,8 mil apartamentos de tr\u00eas quartos.<\/p>\n<p style=\"text-align: justify;\"><strong><em>Da Ag\u00eancia Brasil.<\/em><\/strong><\/p>\n<p style=\"line-height: 14.25pt;\"><strong><span style=\"font-size: 10.0pt; font-family: 'Georgia','serif'; color: #333333;\">Acompanhe tamb\u00e9m o SE Not\u00edcias no<\/span><\/strong><span class=\"apple-converted-space\"><b><span style=\"font-size: 10.0pt; font-family: 'Georgia','serif'; color: #333333;\">\u00a0<\/span><\/b><\/span><a href=\"https:\/\/twitter.com\/Senoticias\" target=\"_blank\"><b><span style=\"font-size: 10.0pt; font-family: 'Georgia','serif';\">Twitter<\/span><\/b><\/a><strong><span style=\"font-size: 10.0pt; font-family: 'Georgia','serif'; color: #333333;\">,<\/span><\/strong><span class=\"apple-converted-space\"><b><span style=\"font-size: 10.0pt; font-family: 'Georgia','serif'; color: #333333;\">\u00a0<\/span><\/b><\/span><a href=\"https:\/\/www.facebook.com\/senoticias1\" target=\"_blank\"><b><span style=\"font-size: 10.0pt; font-family: 'Georgia','serif';\">Facebook<\/span><\/b><span class=\"apple-converted-space\"><b><span style=\"font-size: 10.0pt; font-family: 'Georgia','serif'; color: windowtext; text-decoration: none; text-underline: none;\">\u00a0<\/span><\/b><\/span><\/a><strong><span style=\"font-size: 10.0pt; font-family: 'Georgia','serif'; color: #333333;\">e no<\/span><\/strong><span class=\"apple-converted-space\"><b><span style=\"font-size: 10.0pt; font-family: 'Georgia','serif'; color: #333333;\">\u00a0<\/span><\/b><\/span><a href=\"https:\/\/www.instagram.com\/senoticias\/\" target=\"_blank\"><b><span style=\"font-size: 10.0pt; font-family: 'Georgia','serif';\">Instagram<\/span><\/b><\/a><strong><span style=\"font-size: 10.0pt; font-family: 'Georgia','serif'; color: #333333;\">.<\/span><\/strong><\/p>\n<p style=\"line-height: 14.25pt;\"><a href=\"http:\/\/senoticias.com.br\/se\/wp-content\/uploads\/2018\/01\/Logomarca-fone-SE-4-2.jpg\"><img loading=\"lazy\" decoding=\"async\" class=\"aligncenter size-full wp-image-110322\" src=\"http:\/\/senoticias.com.br\/se\/wp-content\/uploads\/2018\/01\/Logomarca-fone-SE-4-2.jpg\" alt=\"Logomarca-fone-SE-4\" width=\"599\" height=\"78\" srcset=\"https:\/\/senoticias.com.br\/se\/wp-content\/uploads\/2018\/01\/Logomarca-fone-SE-4-2.jpg 599w, https:\/\/senoticias.com.br\/se\/wp-content\/uploads\/2018\/01\/Logomarca-fone-SE-4-2-300x39.jpg 300w\" sizes=\"(max-width: 599px) 100vw, 599px\" \/><\/a><\/p>\n","protected":false},"excerpt":{"rendered":"<p>At\u00e9 amanh\u00e3 (10), os brasileiros j\u00e1 ter\u00e3o pago R$ 300 bilh\u00f5es em tributos somente neste ano. Segundo o Impost\u00f4metro, o valor dever\u00e1 ser atingido por volta das 9h10 deste s\u00e1bado. No ano passado, essa soma foi alcan\u00e7ada dois depois, em 12 de fevereiro. &#8220;\u00c9 imprescind\u00edvel que n\u00e3o haja aumento de impostos, uma vez que a [&hellip;]<\/p>\n","protected":false},"author":2,"featured_media":87454,"comment_status":"closed","ping_status":"closed","sticky":false,"template":"","format":"standard","meta":{"footnotes":""},"categories":[2961],"tags":[8657],"class_list":{"0":"post-110707","1":"post","2":"type-post","3":"status-publish","4":"format-standard","5":"has-post-thumbnail","7":"category-nacional","8":"tag-impostometro-deve-alcancar-a-marca-de-r-300-bilhoes-neste-sabado"},"_links":{"self":[{"href":"https:\/\/senoticias.com.br\/se\/wp-json\/wp\/v2\/posts\/110707"}],"collection":[{"href":"https:\/\/senoticias.com.br\/se\/wp-json\/wp\/v2\/posts"}],"about":[{"href":"https:\/\/senoticias.com.br\/se\/wp-json\/wp\/v2\/types\/post"}],"author":[{"embeddable":true,"href":"https:\/\/senoticias.com.br\/se\/wp-json\/wp\/v2\/users\/2"}],"replies":[{"embeddable":true,"href":"https:\/\/senoticias.com.br\/se\/wp-json\/wp\/v2\/comments?post=110707"}],"version-history":[{"count":0,"href":"https:\/\/senoticias.com.br\/se\/wp-json\/wp\/v2\/posts\/110707\/revisions"}],"wp:featuredmedia":[{"embeddable":true,"href":"https:\/\/senoticias.com.br\/se\/wp-json\/wp\/v2\/media\/87454"}],"wp:attachment":[{"href":"https:\/\/senoticias.com.br\/se\/wp-json\/wp\/v2\/media?parent=110707"}],"wp:term":[{"taxonomy":"category","embeddable":true,"href":"https:\/\/senoticias.com.br\/se\/wp-json\/wp\/v2\/categories?post=110707"},{"taxonomy":"post_tag","embeddable":true,"href":"https:\/\/senoticias.com.br\/se\/wp-json\/wp\/v2\/tags?post=110707"}],"curies":[{"name":"wp","href":"https:\/\/api.w.org\/{rel}","templated":true}]}}