{"id":110705,"date":"2018-02-09T17:54:10","date_gmt":"2018-02-09T20:54:10","guid":{"rendered":"http:\/\/senoticias.com.br\/se\/?p=110705"},"modified":"2018-02-12T14:30:26","modified_gmt":"2018-02-12T17:30:26","slug":"almeida-convida-sindicatos-da-saude-e-garante-que-servidores-da-fhs-nao-serao-demitidos","status":"publish","type":"post","link":"https:\/\/senoticias.com.br\/se\/almeida-convida-sindicatos-da-saude-e-garante-que-servidores-da-fhs-nao-serao-demitidos\/","title":{"rendered":"Secret\u00e1rio de Estado da Sa\u00fade convida sindicatos da sa\u00fade e garante que servidores da FHS n\u00e3o ser\u00e3o demitidos"},"content":{"rendered":"<p style=\"text-align: justify;\">O secret\u00e1rio de Estado da Sa\u00fade, Almeida Lima, realizou uma reuni\u00e3o nesta sexta-feira, 9, no Centro Administrativo da Sa\u00fade Senador Gilvan Rocha, com dirigentes de sindicatos da sa\u00fade para dialogar sobre a situa\u00e7\u00e3o dos servidores da Funda\u00e7\u00e3o Hospitalar de Sa\u00fade (FHS), j\u00e1 que o contrato estatal de servi\u00e7os da Secretaria de Estado da Sa\u00fade (SES) com a FHS est\u00e1 previsto para ser encerrado no dia 31 de mar\u00e7o de 2019, conforme acordo coletivo firmado entre a Justi\u00e7a Federal, a SES e o Minist\u00e9rio P\u00fablico Federal (MPF). No encontro, Almeida garantiu que os servidores da Funda\u00e7\u00e3o n\u00e3o ser\u00e3o demitidos e a entidade n\u00e3o ser\u00e1 extinta.<\/p>\n<div id=\"attachment_110706\" style=\"width: 606px\" class=\"wp-caption aligncenter\"><a href=\"http:\/\/senoticias.com.br\/se\/wp-content\/uploads\/2018\/02\/52567f16-800d-462c-a7d4-06f2b5508e58.jpg-Almeida-reuniao-do-sindicatos-SE-Noticias-e1518209591808.jpg\"><img loading=\"lazy\" decoding=\"async\" aria-describedby=\"caption-attachment-110706\" class=\"size-full wp-image-110706\" src=\"http:\/\/senoticias.com.br\/se\/wp-content\/uploads\/2018\/02\/52567f16-800d-462c-a7d4-06f2b5508e58.jpg-Almeida-reuniao-do-sindicatos-SE-Noticias-e1518209591808.jpg\" alt=\"Foto: SES\/SE\" width=\"596\" height=\"335\" \/><\/a><p id=\"caption-attachment-110706\" class=\"wp-caption-text\">Foto: SES\/SE<\/p><\/div>\n<p style=\"text-align: justify;\">\u201cNenhum servidor da Funda\u00e7\u00e3o ser\u00e1 demitido e a FHS tamb\u00e9m n\u00e3o ser\u00e1 extinta. Essa \u00e9 a palavra do Governo Jackson Barreto, que vai at\u00e9 o dia 31 de dezembro deste ano. O Estado e a popula\u00e7\u00e3o precisam de todos os servidores para dar continuidade aos servi\u00e7os da sa\u00fade de Sergipe e convocamos esta reuni\u00e3o para esclarecer definitivamente os fatos e dizer que n\u00e3o haver\u00e1 demiss\u00e3o\u201d, frisa. No total, h\u00e1 nove mil servidores na FHS, sendo sete mil concursados, cerca de mil cedidos da SES para a Funda\u00e7\u00e3o e os demais profissionais com contratos tempor\u00e1rios.<br \/>\nDurante a reuni\u00e3o, o secret\u00e1rio apresentou aos sindicatos uma proposta que dever\u00e1 ser levada para aprecia\u00e7\u00e3o na Assembleia Legislativa de Sergipe (Alese), com o objetivo de que todos os servidores concursados da FHS sejam cedidos para a Secretaria de Estado da Sa\u00fade. \u201cApresentei a proposta e o Governo quer enviar a Alese a proposta que estabelece a sess\u00e3o dos servidores da Funda\u00e7\u00e3o para a SES, o que hoje j\u00e1 acontece de forma legal. Acredito que os sindicatos ficaram satisfeitos com a proposta e queremos deixar os servidores tranquilos em rela\u00e7\u00e3o as suas estabilidades\u201d, afirma o secret\u00e1rio.<\/p>\n<p style=\"text-align: justify;\"><strong>Reuni\u00e3o positiva<\/strong><\/p>\n<p style=\"text-align: justify;\">Para Jo\u00e3o Augusto, presidente do Sindicato dos M\u00e9dicos do Estado de Sergipe (Sindimed), a reuni\u00e3o foi extremamente positiva e os trabalhadores, agora, est\u00e3o mais aliviados. \u201cAlmeida Lima realmente est\u00e1 disposto a dar uma seguran\u00e7a aos servidores da FHS, ao contr\u00e1rio dos antigos secret\u00e1rios que n\u00e3o se manifestavam efetivamente sobre este assunto. O secret\u00e1rio lan\u00e7ou uma proposta que aparenta ser vi\u00e1vel e ele ser\u00e1 analisada pelos sindicatos. Estamos saindo da reuni\u00e3o bem mais aliviados porque agora existe uma luz e tamb\u00e9m porque houve uma posi\u00e7\u00e3o do Governo do Estado\u201d, disse.<\/p>\n<p style=\"text-align: justify;\"><em><strong>Da SES\/SE.<\/strong><\/em><\/p>\n<p style=\"line-height: 14.25pt;\"><strong><span style=\"font-size: 10.0pt; font-family: 'Georgia','serif'; color: #333333;\">Acompanhe tamb\u00e9m o SE Not\u00edcias no<\/span><\/strong><span class=\"apple-converted-space\"><b><span style=\"font-size: 10.0pt; font-family: 'Georgia','serif'; color: #333333;\">\u00a0<\/span><\/b><\/span><a href=\"https:\/\/twitter.com\/Senoticias\" target=\"_blank\"><b><span style=\"font-size: 10.0pt; font-family: 'Georgia','serif';\">Twitter<\/span><\/b><\/a><strong><span style=\"font-size: 10.0pt; font-family: 'Georgia','serif'; color: #333333;\">,<\/span><\/strong><span class=\"apple-converted-space\"><b><span style=\"font-size: 10.0pt; font-family: 'Georgia','serif'; color: #333333;\">\u00a0<\/span><\/b><\/span><a href=\"https:\/\/www.facebook.com\/senoticias1\" target=\"_blank\"><b><span style=\"font-size: 10.0pt; font-family: 'Georgia','serif';\">Facebook<\/span><\/b><span class=\"apple-converted-space\"><b><span style=\"font-size: 10.0pt; font-family: 'Georgia','serif'; color: windowtext; text-decoration: none; text-underline: none;\">\u00a0<\/span><\/b><\/span><\/a><strong><span style=\"font-size: 10.0pt; font-family: 'Georgia','serif'; color: #333333;\">e no<\/span><\/strong><span class=\"apple-converted-space\"><b><span style=\"font-size: 10.0pt; font-family: 'Georgia','serif'; color: #333333;\">\u00a0<\/span><\/b><\/span><a href=\"https:\/\/www.instagram.com\/senoticias\/\" target=\"_blank\"><b><span style=\"font-size: 10.0pt; font-family: 'Georgia','serif';\">Instagram<\/span><\/b><\/a><strong><span style=\"font-size: 10.0pt; font-family: 'Georgia','serif'; color: #333333;\">.<\/span><\/strong><\/p>\n<p style=\"line-height: 14.25pt;\"><a href=\"http:\/\/senoticias.com.br\/se\/wp-content\/uploads\/2018\/01\/Logomarca-fone-SE-4-2.jpg\"><img loading=\"lazy\" decoding=\"async\" class=\"aligncenter size-full wp-image-110322\" src=\"http:\/\/senoticias.com.br\/se\/wp-content\/uploads\/2018\/01\/Logomarca-fone-SE-4-2.jpg\" alt=\"Logomarca-fone-SE-4\" width=\"599\" height=\"78\" srcset=\"https:\/\/senoticias.com.br\/se\/wp-content\/uploads\/2018\/01\/Logomarca-fone-SE-4-2.jpg 599w, https:\/\/senoticias.com.br\/se\/wp-content\/uploads\/2018\/01\/Logomarca-fone-SE-4-2-300x39.jpg 300w\" sizes=\"(max-width: 599px) 100vw, 599px\" \/><\/a><\/p>\n","protected":false},"excerpt":{"rendered":"<p>O secret\u00e1rio de Estado da Sa\u00fade, Almeida Lima, realizou uma reuni\u00e3o nesta sexta-feira, 9, no Centro Administrativo da Sa\u00fade Senador Gilvan Rocha, com dirigentes de sindicatos da sa\u00fade para dialogar sobre a situa\u00e7\u00e3o dos servidores da Funda\u00e7\u00e3o Hospitalar de Sa\u00fade (FHS), j\u00e1 que o contrato estatal de servi\u00e7os da Secretaria de Estado da Sa\u00fade (SES) [&hellip;]<\/p>\n","protected":false},"author":2,"featured_media":110706,"comment_status":"closed","ping_status":"closed","sticky":false,"template":"","format":"standard","meta":{"footnotes":""},"categories":[15],"tags":[8656],"class_list":{"0":"post-110705","1":"post","2":"type-post","3":"status-publish","4":"format-standard","5":"has-post-thumbnail","7":"category-destaques","8":"tag-almeida-convida-sindicatos-da-saude-e-garante-que-servidores-da-fhs-nao-serao-demitidos"},"_links":{"self":[{"href":"https:\/\/senoticias.com.br\/se\/wp-json\/wp\/v2\/posts\/110705"}],"collection":[{"href":"https:\/\/senoticias.com.br\/se\/wp-json\/wp\/v2\/posts"}],"about":[{"href":"https:\/\/senoticias.com.br\/se\/wp-json\/wp\/v2\/types\/post"}],"author":[{"embeddable":true,"href":"https:\/\/senoticias.com.br\/se\/wp-json\/wp\/v2\/users\/2"}],"replies":[{"embeddable":true,"href":"https:\/\/senoticias.com.br\/se\/wp-json\/wp\/v2\/comments?post=110705"}],"version-history":[{"count":0,"href":"https:\/\/senoticias.com.br\/se\/wp-json\/wp\/v2\/posts\/110705\/revisions"}],"wp:featuredmedia":[{"embeddable":true,"href":"https:\/\/senoticias.com.br\/se\/wp-json\/wp\/v2\/media\/110706"}],"wp:attachment":[{"href":"https:\/\/senoticias.com.br\/se\/wp-json\/wp\/v2\/media?parent=110705"}],"wp:term":[{"taxonomy":"category","embeddable":true,"href":"https:\/\/senoticias.com.br\/se\/wp-json\/wp\/v2\/categories?post=110705"},{"taxonomy":"post_tag","embeddable":true,"href":"https:\/\/senoticias.com.br\/se\/wp-json\/wp\/v2\/tags?post=110705"}],"curies":[{"name":"wp","href":"https:\/\/api.w.org\/{rel}","templated":true}]}}