{"id":110703,"date":"2018-02-09T17:44:16","date_gmt":"2018-02-09T20:44:16","guid":{"rendered":"http:\/\/senoticias.com.br\/se\/?p=110703"},"modified":"2018-02-10T07:29:23","modified_gmt":"2018-02-10T10:29:23","slug":"estado-e-fida-planejam-investir-r-25-milhoes-em-acoes-produtivas-para-comunidades-pobres-em-2018","status":"publish","type":"post","link":"https:\/\/senoticias.com.br\/se\/estado-e-fida-planejam-investir-r-25-milhoes-em-acoes-produtivas-para-comunidades-pobres-em-2018\/","title":{"rendered":"Estado de Sergipe e FIDA planejam investir R$ 25 milh\u00f5es em a\u00e7\u00f5es produtivas para comunidades pobres em 2018"},"content":{"rendered":"<p style=\"text-align: justify;\">Ampliar os investimentos de R$ 15 milh\u00f5es para R$ 25 milh\u00f5es em 2018 e aumentar a contrata\u00e7\u00e3o de t\u00e9cnicos est\u00e3o dentre os principais entendimentos firmados entre o Governo do Estado, por meio da Secretaria de Estado da Agricultura, Desenvolvimento Agr\u00e1rio e da Pesca (Seagri), e o Fundo Internacional de Desenvolvimento Agr\u00edcola (FIDA). O acordo \u00e9 resultado da \u00faltima miss\u00e3o de acompanhamento ao Projeto Dom T\u00e1vora, realizada entre 5 e 8 de fevereiro, em Sergipe.<\/p>\n<p style=\"text-align: justify;\">At\u00e9 janeiro de 2018, o Projeto Dom T\u00e1vora beneficiou 2.291 fam\u00edlias de agricultores sergipanos, atendidas com 64 Planos de Neg\u00f3cios em 15 munic\u00edpios. O investimento total \u00e9 de R$ 19.495.242,69, oriundos do FIDA mais a contrapartida do Governo de Sergipe. Os valores aplicados permitiram a realiza\u00e7\u00e3o de atividades produtivas locais como: piscicultura, ovinocultura, artesanato, apicultura, pecu\u00e1ria leiteira, agricultura irrigada e a\u00e7\u00f5es de educa\u00e7\u00e3o e recupera\u00e7\u00e3o ambiental.<\/p>\n<div id=\"attachment_110704\" style=\"width: 606px\" class=\"wp-caption aligncenter\"><a href=\"http:\/\/senoticias.com.br\/se\/wp-content\/uploads\/2018\/02\/b191655f2e0b8203600e6d1f5ce479e7-peixe-SE-Noticias-e1518208979446.jpg\"><img loading=\"lazy\" decoding=\"async\" aria-describedby=\"caption-attachment-110704\" class=\"size-full wp-image-110704\" src=\"http:\/\/senoticias.com.br\/se\/wp-content\/uploads\/2018\/02\/b191655f2e0b8203600e6d1f5ce479e7-peixe-SE-Noticias-e1518208979446.jpg\" alt=\"At\u00e9 janeiro de 2018, o Projeto Dom T\u00e1vora beneficiou 2.291 fam\u00edlias de agricultores sergipanos, atendidas com 64 Planos de Neg\u00f3cios em 15 munic\u00edpios. O investimento total \u00e9 de R$ 19.495.242,69, oriundos do FIDA mais a contrapartida do Governode Sergipe \/ Foto: Marcelle Cristinne\/ASN \" width=\"596\" height=\"416\" \/><\/a><p id=\"caption-attachment-110704\" class=\"wp-caption-text\">Projeto Dom T\u00e1vora beneficiou 2.291 fam\u00edlias de agricultores sergipanos, atendidas com 64 Planos de Neg\u00f3cios em 15 munic\u00edpios (foto: Marcelle Cristinne\/ASN)<\/p><\/div>\n<p style=\"text-align: justify;\">O oficial de Programa para o Pa\u00eds Divis\u00e3o da Am\u00e9rica Latina e Caribe do FIDA, \u00a0Leonardo Bichara Rocha, falou da evolu\u00e7\u00e3o e expectativas: \u201cO Projeto teve avan\u00e7os no sentido de que mais comunidades foram conveniadas e financiadas. Temos, hoje, 64 projetos do Dom T\u00e1vora nas comunidades j\u00e1 apoiadas, e pretendemos chegar num total de 148 que v\u00e3o ser financiados este ano. Obviamente existe \u00a0muito trabalho a ser feito, mas \u00e9 uma meta que o Projeto tem condi\u00e7\u00f5es de cumprir, se dispensar os esfor\u00e7os necess\u00e1rios. Temos a certeza de que com o empenho redobrado no campo, o Dom T\u00e1vora vai chegar a beneficiar todas as 6.300 fam\u00edlias tidas como meta do Projeto\u201d.<\/p>\n<p>De acordo com Rocha, a expectativa do FIDA \u00e9 fazer todo o desembolso do Projeto este ano. \u201cN\u00f3s temos um acordo de que as metas e prazos sendo cumpridos, todo o montante de recursos para Sergipe vai ser desembolsado at\u00e9 setembro deste ano de 2018. Permitindo, ent\u00e3o, que todos os recursos j\u00e1 estejam nas contas das associa\u00e7\u00f5es conveniadas para acompanharmos o uso, efetuarmos todas as licita\u00e7\u00f5es e garantirmos que os projetos sejam realizados na integridade at\u00e9 setembro de 2019\u201d, detalhou.<\/p>\n<p style=\"text-align: justify;\">O secret\u00e1rio de Estado da Agricultura, Esmeraldo Leal, qualificou o papel do \u00f3rg\u00e3o internacional e disse que persegue o objetivo de levar o benef\u00edcio ao maior n\u00famero de pessoas. \u201c\u00c9 importante destacar que o FIDA sempre se portou como grande parceiro, orientando e provocando principalmente em rela\u00e7\u00e3o aos prazos. O Dom T\u00e1vora \u00e9 uma a\u00e7\u00e3o extremamente importante para o FIDA, para o Estado de Sergipe e, principalmente, para os agricultores familiares. Portanto, temos que ficar atentos aos prazos para atingir o maior n\u00famero poss\u00edvel de benefici\u00e1rios. Sem d\u00favidas, esse \u00e9 o pontap\u00e9 final do Projeto Dom T\u00e1vora. Precisamos realizar muito bem suas a\u00e7\u00f5es para que no futuro tenhamos mais recursos do FIDA para atender outras fam\u00edlias e munic\u00edpios\u201d, disse confiante Esmeraldo.<\/p>\n<p><strong>Contribui\u00e7\u00f5es da miss\u00e3o FIDA<\/strong><\/p>\n<p style=\"text-align: justify;\">Um dos entendimentos mais importantes firmados com o Estado, nesta visita do FIDA, foi no sentido de aumentar de R$15 milh\u00f5es para R$ 25 milh\u00f5es o total de recursos a serem aplicados em 2018. \u201cEntrou-se em contato com a Secretaria de Estado da Fazenda e esta j\u00e1 autorizou or\u00e7amentariamente o acr\u00e9scimo de R$ 10 milh\u00f5es para serem alocados nos Planos de Neg\u00f3cios. Com a aplica\u00e7\u00e3o destes R$ 25 milh\u00f5es pode-se finalizar todos os Planos da fase final do Dom T\u00e1vora, beneficiando as 6.300 fam\u00edlias previstas na meta inicial\u201d, disse Delmo Naziazeno, coordenador do Projeto Dom T\u00e1vora.<\/p>\n<p style=\"text-align: justify;\">\u201cTodas as miss\u00f5es t\u00eam ajudado bastante nosso projeto. Uma dessas ajudas desta \u00faltima miss\u00e3o foi refor\u00e7ar a contrata\u00e7\u00e3o de mais 15 t\u00e9cnicos para assist\u00eancia t\u00e9cnica aos Planos de Investimento comunit\u00e1rio. A outra foi de fortalecer a gest\u00e3o das associa\u00e7\u00f5es, atrav\u00e9s da contrata\u00e7\u00e3o de mais cinco profissionais na \u00e1rea de contabilidade, para apoiar na aplica\u00e7\u00e3o e gest\u00e3o dos recursos\u201d, relacionou Delmo.<\/p>\n<p style=\"text-align: justify;\">Ele explicou que hoje existe um acumulo de servi\u00e7o na \u00e1rea de licita\u00e7\u00e3o como tamb\u00e9m na presta\u00e7\u00e3o de contas. Mas com o refor\u00e7o na equipe vai dar para acompanhar o total de Planos de Neg\u00f3cios que devem ser financiados para as associa\u00e7\u00f5es at\u00e9 setembro pr\u00f3ximo. Outra orienta\u00e7\u00e3o do FIDA foi quanto ao mapeamento de todos os Planos que v\u00e3o ser financiados a partir do resultado do Edital 2018. \u201cO anuncio j\u00e1 est\u00e1 em andamento e se encerra dia 02 de mar\u00e7o. A partir da\u00ed, vamos fazer o acompanhamento dos financiamentos, licita\u00e7\u00f5es, aquisi\u00e7\u00f5es, presta\u00e7\u00e3o de contas, como tamb\u00e9m servi\u00e7o de assist\u00eancia t\u00e9cnica a estes planos\u201d finalizou o coordenador.<\/p>\n<p><strong>Coopera\u00e7\u00e3o t\u00e9cnica PNUD prorrogada<\/strong><\/p>\n<p style=\"text-align: justify;\">No \u00e2mbito da implementa\u00e7\u00e3o do Projeto Dom T\u00e1vora existe tamb\u00e9m o Projeto de Coopera\u00e7\u00e3o T\u00e9cnica com o Programa das Na\u00e7\u00f5es Unidas para o Desenvolvimento \u00a0(PNUD) que tem o objetivo de viabilizar a contrata\u00e7\u00e3o de t\u00e9cnicos, especialista, capacita\u00e7\u00e3o e interc\u00e2mbio. Durante esta primeira miss\u00e3o de 2018, o coordenador do PNUD, Frederico Lacerda, participou das avalia\u00e7\u00f5es e em entendimento com a equipe do FIDA e coordena\u00e7\u00e3o do Dom T\u00e1vora resolveram prorrogar a coopera\u00e7\u00e3o at\u00e9 o encerramento do Projeto em 2019. \u201cEssa coopera\u00e7\u00e3o t\u00e9cnica \u00e9 fundamental para o sucesso de nossas a\u00e7\u00f5es e se justifica pela necessidade de t\u00e9cnicos e especialistas para atender \u00e0 diversidade de projetos comunit\u00e1rios em an\u00e1lise,\u201d explicou Delmo.<\/p>\n<p style=\"text-align: justify;\">Participaram da Miss\u00e3o do FIDA o oficial de Programa para o Pa\u00eds Divis\u00e3o da Am\u00e9rica Latina e Caribe do FIDA, Leonardo Bichara; o coordenador t\u00e9cnico e especialista em Desenvolvimento Produtivo e Meio-Ambiente, Emmanuel Bayle; a especialista em licita\u00e7\u00f5es, Lucianna Matte; o especialista em an\u00e1lise de viabilidade, planos de neg\u00f3cios e projetos produtivos, Pedro Melonis; o especialista e planejamento, monitoramente e avalia\u00e7\u00e3o, Rodrigo Dias; e o especialista em gest\u00e3o financeira, Danilo Pisani; Al\u00e9m do coordenador do PNUD, Frederico Lacerda.<\/p>\n<p style=\"text-align: justify;\"><strong>Da ASN<\/strong><\/p>\n<p style=\"line-height: 14.25pt; text-align: justify;\"><span style=\"font-size: 12pt;\"><em><strong><span style=\"font-family: Georgia, serif; color: #333333;\">Acompanhe tamb\u00e9m o SE Not\u00edcias no<\/span><\/strong><span class=\"apple-converted-space\"><b><span style=\"font-family: Georgia, serif; color: #333333;\">\u00a0<\/span><\/b><\/span><a href=\"https:\/\/twitter.com\/Senoticias\" target=\"_blank\"><b><span style=\"font-family: Georgia, serif;\">Twitter<\/span><\/b><\/a><strong><span style=\"font-family: Georgia, serif; color: #333333;\">,<\/span><\/strong><span class=\"apple-converted-space\"><b><span style=\"font-family: Georgia, serif; color: #333333;\">\u00a0<\/span><\/b><\/span><a href=\"https:\/\/www.facebook.com\/senoticias1\" target=\"_blank\"><b><span style=\"font-family: Georgia, serif;\">Facebook<\/span><\/b><span class=\"apple-converted-space\"><b><span style=\"font-family: Georgia, serif; color: windowtext; text-decoration: none;\">\u00a0<\/span><\/b><\/span><\/a><strong><span style=\"font-family: Georgia, serif; color: #333333;\">e no<\/span><\/strong><span class=\"apple-converted-space\"><b><span style=\"font-family: Georgia, serif; color: #333333;\">\u00a0<\/span><\/b><\/span><a href=\"https:\/\/www.instagram.com\/senoticias\/\" target=\"_blank\"><b><span style=\"font-family: Georgia, serif;\">Instagram<\/span><\/b><\/a><strong><span style=\"font-family: Georgia, serif; color: #333333;\">.<\/span><\/strong><\/em><\/span><\/p>\n<p style=\"line-height: 14.25pt; text-align: justify;\"><a href=\"http:\/\/senoticias.com.br\/se\/wp-content\/uploads\/2018\/01\/Logomarca-fone-SE-4-2.jpg\"><img loading=\"lazy\" decoding=\"async\" class=\"aligncenter size-full wp-image-110322\" src=\"http:\/\/senoticias.com.br\/se\/wp-content\/uploads\/2018\/01\/Logomarca-fone-SE-4-2.jpg\" alt=\"Logomarca-fone-SE-4\" width=\"599\" height=\"78\" srcset=\"https:\/\/senoticias.com.br\/se\/wp-content\/uploads\/2018\/01\/Logomarca-fone-SE-4-2.jpg 599w, https:\/\/senoticias.com.br\/se\/wp-content\/uploads\/2018\/01\/Logomarca-fone-SE-4-2-300x39.jpg 300w\" sizes=\"(max-width: 599px) 100vw, 599px\" \/><\/a><\/p>\n<p style=\"line-height: 14.25pt;\">\n","protected":false},"excerpt":{"rendered":"<p>Ampliar os investimentos de R$ 15 milh\u00f5es para R$ 25 milh\u00f5es em 2018 e aumentar a contrata\u00e7\u00e3o de t\u00e9cnicos est\u00e3o dentre os principais entendimentos firmados entre o Governo do Estado, por meio da Secretaria de Estado da Agricultura, Desenvolvimento Agr\u00e1rio e da Pesca (Seagri), e o Fundo Internacional de Desenvolvimento Agr\u00edcola (FIDA). O acordo \u00e9 [&hellip;]<\/p>\n","protected":false},"author":2,"featured_media":110704,"comment_status":"closed","ping_status":"closed","sticky":false,"template":"","format":"standard","meta":{"footnotes":""},"categories":[6],"tags":[8655],"class_list":{"0":"post-110703","1":"post","2":"type-post","3":"status-publish","4":"format-standard","5":"has-post-thumbnail","7":"category-politica","8":"tag-estado-e-fida-planejam-investir-r-25-milhoes-em-acoes-produtivas-para-comunidades-pobres-em-2018"},"_links":{"self":[{"href":"https:\/\/senoticias.com.br\/se\/wp-json\/wp\/v2\/posts\/110703"}],"collection":[{"href":"https:\/\/senoticias.com.br\/se\/wp-json\/wp\/v2\/posts"}],"about":[{"href":"https:\/\/senoticias.com.br\/se\/wp-json\/wp\/v2\/types\/post"}],"author":[{"embeddable":true,"href":"https:\/\/senoticias.com.br\/se\/wp-json\/wp\/v2\/users\/2"}],"replies":[{"embeddable":true,"href":"https:\/\/senoticias.com.br\/se\/wp-json\/wp\/v2\/comments?post=110703"}],"version-history":[{"count":0,"href":"https:\/\/senoticias.com.br\/se\/wp-json\/wp\/v2\/posts\/110703\/revisions"}],"wp:featuredmedia":[{"embeddable":true,"href":"https:\/\/senoticias.com.br\/se\/wp-json\/wp\/v2\/media\/110704"}],"wp:attachment":[{"href":"https:\/\/senoticias.com.br\/se\/wp-json\/wp\/v2\/media?parent=110703"}],"wp:term":[{"taxonomy":"category","embeddable":true,"href":"https:\/\/senoticias.com.br\/se\/wp-json\/wp\/v2\/categories?post=110703"},{"taxonomy":"post_tag","embeddable":true,"href":"https:\/\/senoticias.com.br\/se\/wp-json\/wp\/v2\/tags?post=110703"}],"curies":[{"name":"wp","href":"https:\/\/api.w.org\/{rel}","templated":true}]}}