{"id":110699,"date":"2018-02-09T17:01:21","date_gmt":"2018-02-09T20:01:21","guid":{"rendered":"http:\/\/senoticias.com.br\/se\/?p=110699"},"modified":"2018-02-10T07:30:27","modified_gmt":"2018-02-10T10:30:27","slug":"carnaval-aumenta-movimento-nas-rodoviarias-da-capital","status":"publish","type":"post","link":"https:\/\/senoticias.com.br\/se\/carnaval-aumenta-movimento-nas-rodoviarias-da-capital\/","title":{"rendered":"Carnaval aumenta movimento nas rodovi\u00e1rias da capital"},"content":{"rendered":"<p style=\"text-align: justify;\">At\u00e9 a pr\u00f3xima quarta-feira (14), as empresas que circulam no transporte p\u00fablico intermunicipal disponibilizam 701 \u00f4nibus, 41 ve\u00edculos a mais que o n\u00famero dos dias normais nos terminais rodovi\u00e1rios de Aracaju (SE), segundo \u00e0 Coordenadoria Estadual de Transportes (Cotransp).<\/p>\n<div id=\"attachment_110700\" style=\"width: 606px\" class=\"wp-caption aligncenter\"><a href=\"http:\/\/senoticias.com.br\/se\/wp-content\/uploads\/2018\/02\/rodoviaria-SE-Noticias-e1518206419485.jpg\"><img loading=\"lazy\" decoding=\"async\" aria-describedby=\"caption-attachment-110700\" class=\"size-full wp-image-110700\" src=\"http:\/\/senoticias.com.br\/se\/wp-content\/uploads\/2018\/02\/rodoviaria-SE-Noticias-e1518206419485.jpg\" alt=\"Terminal Rodovi\u00e1rio Rollemberg Leite em Aracaju (SE) (Foto: G1 Sergipe)\" width=\"596\" height=\"447\" \/><\/a><p id=\"caption-attachment-110700\" class=\"wp-caption-text\">Terminal Rodovi\u00e1rio Rollemberg Leite em Aracaju (SE) (Foto: G1 Sergipe)<\/p><\/div>\n<p style=\"text-align: justify;\">\u201cEm virtude disso, orientamos antecipadamente \u00e0s empresas para que entre os dias 09 e 14 de Fevereiro (sexta \u00e0 quarta-feira) toda a frota de ve\u00edculos esteja dispon\u00edvel, a fim de que a popula\u00e7\u00e3o possa usufruir um servi\u00e7o de atendimento com tranquilidade, tanto nos terminais rodovi\u00e1rios de Aracaju, quanto nos das cidades polos: Est\u00e2ncia, Lagarto, Itabaiana, Nossa Senhora da Gl\u00f3ria, Propri\u00e1\u201d, explica.<\/p>\n<p style=\"text-align: justify;\">De acordo com o Coordenador Estadual de Transportes, Everton Menezes, o intuito \u00e9 assegurar uma melhor mobilidade para os usu\u00e1rios, fazendo inclusive fiscaliza\u00e7\u00f5es para que todos tenham uma viagem segura. As cidades sergipanas com maior demanda para o per\u00edodo do Carnaval s\u00e3o Ne\u00f3polis, Est\u00e2ncia, Itaporanga D\u2019Ajuda e Canind\u00e9 de S\u00e3o Francisco.<\/p>\n<p style=\"text-align: justify;\"><em><strong>Do G1\/SE.<\/strong><\/em><\/p>\n<p style=\"line-height: 14.25pt;\"><span style=\"font-size: 12pt;\"><em><strong><span style=\"font-family: Georgia, serif; color: #333333;\">Acompanhe tamb\u00e9m o SE Not\u00edcias no<\/span><\/strong><span class=\"apple-converted-space\"><b><span style=\"font-family: Georgia, serif; color: #333333;\">\u00a0<\/span><\/b><\/span><a href=\"https:\/\/twitter.com\/Senoticias\" target=\"_blank\"><b><span style=\"font-family: Georgia, serif;\">Twitter<\/span><\/b><\/a><strong><span style=\"font-family: Georgia, serif; color: #333333;\">,<\/span><\/strong><span class=\"apple-converted-space\"><b><span style=\"font-family: Georgia, serif; color: #333333;\">\u00a0<\/span><\/b><\/span><a href=\"https:\/\/www.facebook.com\/senoticias1\" target=\"_blank\"><b><span style=\"font-family: Georgia, serif;\">Facebook<\/span><\/b><span class=\"apple-converted-space\"><b><span style=\"font-family: Georgia, serif; color: windowtext; text-decoration: none;\">\u00a0<\/span><\/b><\/span><\/a><strong><span style=\"font-family: Georgia, serif; color: #333333;\">e no<\/span><\/strong><span class=\"apple-converted-space\"><b><span style=\"font-family: Georgia, serif; color: #333333;\">\u00a0<\/span><\/b><\/span><a href=\"https:\/\/www.instagram.com\/senoticias\/\" target=\"_blank\"><b><span style=\"font-family: Georgia, serif;\">Instagram<\/span><\/b><\/a><strong><span style=\"font-family: Georgia, serif; color: #333333;\">.<\/span><\/strong><\/em><\/span><\/p>\n<p style=\"line-height: 14.25pt;\"><a href=\"http:\/\/senoticias.com.br\/se\/wp-content\/uploads\/2018\/01\/Logomarca-fone-SE-4-2.jpg\"><img loading=\"lazy\" decoding=\"async\" class=\"aligncenter size-full wp-image-110322\" src=\"http:\/\/senoticias.com.br\/se\/wp-content\/uploads\/2018\/01\/Logomarca-fone-SE-4-2.jpg\" alt=\"Logomarca-fone-SE-4\" width=\"599\" height=\"78\" srcset=\"https:\/\/senoticias.com.br\/se\/wp-content\/uploads\/2018\/01\/Logomarca-fone-SE-4-2.jpg 599w, https:\/\/senoticias.com.br\/se\/wp-content\/uploads\/2018\/01\/Logomarca-fone-SE-4-2-300x39.jpg 300w\" sizes=\"(max-width: 599px) 100vw, 599px\" \/><\/a><\/p>\n","protected":false},"excerpt":{"rendered":"<p>At\u00e9 a pr\u00f3xima quarta-feira (14), as empresas que circulam no transporte p\u00fablico intermunicipal disponibilizam 701 \u00f4nibus, 41 ve\u00edculos a mais que o n\u00famero dos dias normais nos terminais rodovi\u00e1rios de Aracaju (SE), segundo \u00e0 Coordenadoria Estadual de Transportes (Cotransp). \u201cEm virtude disso, orientamos antecipadamente \u00e0s empresas para que entre os dias 09 e 14 de [&hellip;]<\/p>\n","protected":false},"author":2,"featured_media":110700,"comment_status":"closed","ping_status":"closed","sticky":false,"template":"","format":"standard","meta":{"footnotes":""},"categories":[15,38],"tags":[8653],"class_list":{"0":"post-110699","1":"post","2":"type-post","3":"status-publish","4":"format-standard","5":"has-post-thumbnail","7":"category-destaques","8":"category-municipios","9":"tag-carnaval-aumenta-movimento-nas-rodoviarias-da-capital"},"_links":{"self":[{"href":"https:\/\/senoticias.com.br\/se\/wp-json\/wp\/v2\/posts\/110699"}],"collection":[{"href":"https:\/\/senoticias.com.br\/se\/wp-json\/wp\/v2\/posts"}],"about":[{"href":"https:\/\/senoticias.com.br\/se\/wp-json\/wp\/v2\/types\/post"}],"author":[{"embeddable":true,"href":"https:\/\/senoticias.com.br\/se\/wp-json\/wp\/v2\/users\/2"}],"replies":[{"embeddable":true,"href":"https:\/\/senoticias.com.br\/se\/wp-json\/wp\/v2\/comments?post=110699"}],"version-history":[{"count":0,"href":"https:\/\/senoticias.com.br\/se\/wp-json\/wp\/v2\/posts\/110699\/revisions"}],"wp:featuredmedia":[{"embeddable":true,"href":"https:\/\/senoticias.com.br\/se\/wp-json\/wp\/v2\/media\/110700"}],"wp:attachment":[{"href":"https:\/\/senoticias.com.br\/se\/wp-json\/wp\/v2\/media?parent=110699"}],"wp:term":[{"taxonomy":"category","embeddable":true,"href":"https:\/\/senoticias.com.br\/se\/wp-json\/wp\/v2\/categories?post=110699"},{"taxonomy":"post_tag","embeddable":true,"href":"https:\/\/senoticias.com.br\/se\/wp-json\/wp\/v2\/tags?post=110699"}],"curies":[{"name":"wp","href":"https:\/\/api.w.org\/{rel}","templated":true}]}}