{"id":110697,"date":"2018-02-09T16:47:48","date_gmt":"2018-02-09T19:47:48","guid":{"rendered":"http:\/\/senoticias.com.br\/se\/?p=110697"},"modified":"2018-02-09T16:47:48","modified_gmt":"2018-02-09T19:47:48","slug":"jota-quest-xande-de-pilares-e-fernanda-abreu-participam-da-abertura-do-carnaval-de-aracaju","status":"publish","type":"post","link":"https:\/\/senoticias.com.br\/se\/jota-quest-xande-de-pilares-e-fernanda-abreu-participam-da-abertura-do-carnaval-de-aracaju\/","title":{"rendered":"Jota Quest, Xande de Pilares e Fernanda Abreu participam da abertura do carnaval de Aracaju"},"content":{"rendered":"<p style=\"text-align: justify;\">A partir das 18 horas desta sexta-feira (9), Aracaju (SE) se rende a festa mais popular do Brasil, o carnaval. Em quatro palcos instalados na regi\u00e3o central da capital os ritmos do frevo, ax\u00e9, samba, chorinho, forr\u00f3 e MPB s\u00f3 silenciam na ter\u00e7a-feira (13) no Festival Brasileiro de Ritmos \u2013 Rasgadinho 2018.<\/p>\n<div id=\"attachment_110698\" style=\"width: 606px\" class=\"wp-caption aligncenter\"><a href=\"http:\/\/senoticias.com.br\/se\/wp-content\/uploads\/2018\/02\/xande.jpg-SE-Noticias-e1518205628909.jpg\"><img loading=\"lazy\" decoding=\"async\" aria-describedby=\"caption-attachment-110698\" class=\"size-full wp-image-110698\" src=\"http:\/\/senoticias.com.br\/se\/wp-content\/uploads\/2018\/02\/xande.jpg-SE-Noticias-e1518205628909.jpg\" alt=\"Xande de Pilares \u00e9 atra\u00e7\u00e3o no Carnaval de Aracaju (SE) (Foto: Foto: Divulga\u00e7\u00e3o) \" width=\"596\" height=\"398\" \/><\/a><p id=\"caption-attachment-110698\" class=\"wp-caption-text\">Xande de Pilares \u00e9 atra\u00e7\u00e3o no Carnaval de Aracaju (SE) (Foto: Foto: Divulga\u00e7\u00e3o)<\/p><\/div>\n<p style=\"text-align: justify;\">Na abertura, o palco principal \u201cCora\u00e7\u00e3o da Cidadae\u201d recebe \u00e0s 18horas a Orquestra Indomada, seguida por Tonho Baixinho, Xande de Pilares, Fernanda Abreu e Jota Quest, encerrando o primeiro dia. Em cinco dias de festa, sergipanos e turistas v\u00e3o curtir 92 atra\u00e7\u00f5es regionais e nacionais, como Paralamas do Sucesso e Baby do Brasil.<\/p>\n<p style=\"text-align: justify;\">No s\u00e1bado (10), a partir das 9h, a Pra\u00e7a da Bandeira e parte da Avenida Pedro Calazans ser\u00e3o animadas por DJs. \u00c0s 14horas, os tiros el\u00e9tricos iniciam os desfiles. V\u00e3o ser tr\u00eas: os: no primeiro as atra\u00e7\u00f5es tocar\u00e3o m\u00fasicas de todos os ritmos levando uma mistura de ritmos.<\/p>\n<p style=\"text-align: justify;\">Os sergipanos e turistas que vierem passar o carnaval em Aracaju poder\u00e3o se divertir com as 92 apresenta\u00e7\u00f5es de cantores com reconhecimento local, regional e nacional, a exemplo de Paralamas do Sucesso, Jota Quest e Baby do Brasil.<\/p>\n<p style=\"text-align: justify;\"><em><strong>Do G1\/SE.<\/strong><\/em><\/p>\n<p style=\"line-height: 14.25pt;\"><strong><span style=\"font-size: 10.0pt; font-family: 'Georgia','serif'; color: #333333;\">Acompanhe tamb\u00e9m o SE Not\u00edcias no<\/span><\/strong><span class=\"apple-converted-space\"><b><span style=\"font-size: 10.0pt; font-family: 'Georgia','serif'; color: #333333;\">\u00a0<\/span><\/b><\/span><a href=\"https:\/\/twitter.com\/Senoticias\" target=\"_blank\"><b><span style=\"font-size: 10.0pt; font-family: 'Georgia','serif';\">Twitter<\/span><\/b><\/a><strong><span style=\"font-size: 10.0pt; font-family: 'Georgia','serif'; color: #333333;\">,<\/span><\/strong><span class=\"apple-converted-space\"><b><span style=\"font-size: 10.0pt; font-family: 'Georgia','serif'; color: #333333;\">\u00a0<\/span><\/b><\/span><a href=\"https:\/\/www.facebook.com\/senoticias1\" target=\"_blank\"><b><span style=\"font-size: 10.0pt; font-family: 'Georgia','serif';\">Facebook<\/span><\/b><span class=\"apple-converted-space\"><b><span style=\"font-size: 10.0pt; font-family: 'Georgia','serif'; color: windowtext; text-decoration: none; text-underline: none;\">\u00a0<\/span><\/b><\/span><\/a><strong><span style=\"font-size: 10.0pt; font-family: 'Georgia','serif'; color: #333333;\">e no<\/span><\/strong><span class=\"apple-converted-space\"><b><span style=\"font-size: 10.0pt; font-family: 'Georgia','serif'; color: #333333;\">\u00a0<\/span><\/b><\/span><a href=\"https:\/\/www.instagram.com\/senoticias\/\" target=\"_blank\"><b><span style=\"font-size: 10.0pt; font-family: 'Georgia','serif';\">Instagram<\/span><\/b><\/a><strong><span style=\"font-size: 10.0pt; font-family: 'Georgia','serif'; color: #333333;\">.<\/span><\/strong><\/p>\n<p style=\"line-height: 14.25pt;\"><a href=\"http:\/\/senoticias.com.br\/se\/wp-content\/uploads\/2018\/01\/Logomarca-fone-SE-4-2.jpg\"><img loading=\"lazy\" decoding=\"async\" class=\"aligncenter size-full wp-image-110322\" src=\"http:\/\/senoticias.com.br\/se\/wp-content\/uploads\/2018\/01\/Logomarca-fone-SE-4-2.jpg\" alt=\"Logomarca-fone-SE-4\" width=\"599\" height=\"78\" srcset=\"https:\/\/senoticias.com.br\/se\/wp-content\/uploads\/2018\/01\/Logomarca-fone-SE-4-2.jpg 599w, https:\/\/senoticias.com.br\/se\/wp-content\/uploads\/2018\/01\/Logomarca-fone-SE-4-2-300x39.jpg 300w\" sizes=\"(max-width: 599px) 100vw, 599px\" \/><\/a><\/p>\n","protected":false},"excerpt":{"rendered":"<p>A partir das 18 horas desta sexta-feira (9), Aracaju (SE) se rende a festa mais popular do Brasil, o carnaval. Em quatro palcos instalados na regi\u00e3o central da capital os ritmos do frevo, ax\u00e9, samba, chorinho, forr\u00f3 e MPB s\u00f3 silenciam na ter\u00e7a-feira (13) no Festival Brasileiro de Ritmos \u2013 Rasgadinho 2018. Na abertura, o [&hellip;]<\/p>\n","protected":false},"author":2,"featured_media":110698,"comment_status":"closed","ping_status":"closed","sticky":false,"template":"","format":"standard","meta":{"footnotes":""},"categories":[21],"tags":[8651,8652],"class_list":{"0":"post-110697","1":"post","2":"type-post","3":"status-publish","4":"format-standard","5":"has-post-thumbnail","7":"category-entretenimento","8":"tag-jota-quest","9":"tag-xande-de-pilares-e-fernanda-abreu-participam-da-abertura-do-carnaval-de-aracaju"},"_links":{"self":[{"href":"https:\/\/senoticias.com.br\/se\/wp-json\/wp\/v2\/posts\/110697"}],"collection":[{"href":"https:\/\/senoticias.com.br\/se\/wp-json\/wp\/v2\/posts"}],"about":[{"href":"https:\/\/senoticias.com.br\/se\/wp-json\/wp\/v2\/types\/post"}],"author":[{"embeddable":true,"href":"https:\/\/senoticias.com.br\/se\/wp-json\/wp\/v2\/users\/2"}],"replies":[{"embeddable":true,"href":"https:\/\/senoticias.com.br\/se\/wp-json\/wp\/v2\/comments?post=110697"}],"version-history":[{"count":0,"href":"https:\/\/senoticias.com.br\/se\/wp-json\/wp\/v2\/posts\/110697\/revisions"}],"wp:featuredmedia":[{"embeddable":true,"href":"https:\/\/senoticias.com.br\/se\/wp-json\/wp\/v2\/media\/110698"}],"wp:attachment":[{"href":"https:\/\/senoticias.com.br\/se\/wp-json\/wp\/v2\/media?parent=110697"}],"wp:term":[{"taxonomy":"category","embeddable":true,"href":"https:\/\/senoticias.com.br\/se\/wp-json\/wp\/v2\/categories?post=110697"},{"taxonomy":"post_tag","embeddable":true,"href":"https:\/\/senoticias.com.br\/se\/wp-json\/wp\/v2\/tags?post=110697"}],"curies":[{"name":"wp","href":"https:\/\/api.w.org\/{rel}","templated":true}]}}