{"id":110696,"date":"2018-02-09T16:34:13","date_gmt":"2018-02-09T19:34:13","guid":{"rendered":"http:\/\/senoticias.com.br\/se\/?p=110696"},"modified":"2018-02-12T14:31:01","modified_gmt":"2018-02-12T17:31:01","slug":"travesti-e-preso-suspeito-de-aliciar-menores-em-sao-cristovao","status":"publish","type":"post","link":"https:\/\/senoticias.com.br\/se\/travesti-e-preso-suspeito-de-aliciar-menores-em-sao-cristovao\/","title":{"rendered":"Travesti \u00e9 preso suspeito de aliciar menores em S\u00e3o Crist\u00f3v\u00e3o"},"content":{"rendered":"<p style=\"text-align: justify;\">A Secretaria de Seguran\u00e7a P\u00fablica de Sergipe (SSP\/SE) informou na tarde desta sexta-feira (9), que realizaram a pris\u00e3o tempor\u00e1ria do travesti, Everton de Jesus Santos, de 31 anos, conhecido como \u201cLalinha\u201d, acusado de ter sumido com um adolescente de 14 anos a cerca de oito dias e que por surpresa dos policias, o garoto estava escondido em uma arm\u00e1rio, dentro da casa do suspeito, na Rua G, n\u00ba 93, Loteamento Recanto dos P\u00e1ssaros, em S\u00e3o Crist\u00f3v\u00e3o.<\/p>\n<div id=\"attachment_110719\" style=\"width: 609px\" class=\"wp-caption aligncenter\"><a href=\"http:\/\/senoticias.com.br\/se\/wp-content\/uploads\/2018\/02\/TRAVESTI-MENOR-LALINHA-EVERTON-DE-JESIS-SANTOS-2-1-e1518258797291.jpg\"><img loading=\"lazy\" decoding=\"async\" aria-describedby=\"caption-attachment-110719\" class=\"size-full wp-image-110719\" src=\"http:\/\/senoticias.com.br\/se\/wp-content\/uploads\/2018\/02\/TRAVESTI-MENOR-LALINHA-EVERTON-DE-JESIS-SANTOS-2-1-e1518258797291.jpg\" alt=\"Everton de Jesus Santos, de 31 anos, conhecido como \u201cLalinha\u201d\" width=\"599\" height=\"349\" \/><\/a><p id=\"caption-attachment-110719\" class=\"wp-caption-text\">Everton de Jesus Santos, de 31 anos, conhecido como \u201cLalinha\u201d (foto: Marcos Couto)<\/p><\/div>\n<p style=\"text-align: justify;\">De acordo com informa\u00e7\u00f5es de uma fonte do Portal Imprensa1, tudo come\u00e7ou quando os pais do adolescente prestaram um Boletim de Ocorr\u00eancia (B.O) dia 31 de Janeiro de 2018, informando a pol\u00edcia o sumisso do garoto que teria sa\u00eddo de casa as 16h e n\u00e3o retornou.<\/p>\n<p style=\"text-align: justify;\">A m\u00e3e do jovem disse que o filho n\u00e3o era depressivo, mas andava com pessoas com comportamentos estranhos. Foi ent\u00e3o, que aconteceram as investiga\u00e7\u00f5es coordenadas pelo delegado Joel Ferreira, que com sua equipe fez a primeira averigua\u00e7\u00e3o na casa do acusado, mas sem sucesso. Pois, o jovem estava escondido no arm\u00e1rio.<\/p>\n<p style=\"text-align: justify;\">O travesti foi levado para delegacia e negou ter escondido o adolescente, s\u00f3 que a pol\u00edcia insistiu nas investiga\u00e7\u00f5es e chegou a Anthony Patrick Vieira da Silva, de 18 anos , que disse ao delegado que era companheiro da travesti \u00a0\u201cLalinha\u201d , e revelou que o jovem estava escondido no arm\u00e1rio.<\/p>\n<p style=\"text-align: justify;\">Ao chegar na casa do travesti, o jovem estava na casa e disse que n\u00e3o queria voltar para casa por causa de algumas acusa\u00e7\u00f5es e maus tratos.<\/p>\n<p style=\"text-align: justify;\">Na delegacia, o garoto foi entregue aos pais e o travesti ficou preso, pois existem suspeitas que o mesmo pode ter tido algum tipo de contato sexual com o adolescente.<\/p>\n<p style=\"text-align: justify;\">A pris\u00e3o foi realizada por policiais civis da 6\u00aa Delegacia Metropolitana, que fica localizada no Conjunto Eduardo Gomes, em S\u00e3o Crist\u00f3v\u00e3o.<\/p>\n<p style=\"text-align: justify;\">No final da tarde de ontem (9), o suspeito foi colocado em liberdade ap\u00f3s audi\u00eancia de cust\u00f3dia.<\/p>\n<p style=\"line-height: 14.25pt;\"><span style=\"font-size: 12pt;\"><em><strong><span style=\"font-family: Georgia, serif; color: #333333;\">Acompanhe tamb\u00e9m o SE Not\u00edcias no<\/span><\/strong><span class=\"apple-converted-space\"><b><span style=\"font-family: Georgia, serif; color: #333333;\">\u00a0<\/span><\/b><\/span><a href=\"https:\/\/twitter.com\/Senoticias\" target=\"_blank\"><b><span style=\"font-family: Georgia, serif;\">Twitter<\/span><\/b><\/a><strong><span style=\"font-family: Georgia, serif; color: #333333;\">,<\/span><\/strong><span class=\"apple-converted-space\"><b><span style=\"font-family: Georgia, serif; color: #333333;\">\u00a0<\/span><\/b><\/span><a href=\"https:\/\/www.facebook.com\/senoticias1\" target=\"_blank\"><b><span style=\"font-family: Georgia, serif;\">Facebook<\/span><\/b><span class=\"apple-converted-space\"><b><span style=\"font-family: Georgia, serif; color: windowtext; text-decoration: none;\">\u00a0<\/span><\/b><\/span><\/a><strong><span style=\"font-family: Georgia, serif; color: #333333;\">e no<\/span><\/strong><span class=\"apple-converted-space\"><b><span style=\"font-family: Georgia, serif; color: #333333;\">\u00a0<\/span><\/b><\/span><a href=\"https:\/\/www.instagram.com\/senoticias\/\" target=\"_blank\"><b><span style=\"font-family: Georgia, serif;\">Instagram<\/span><\/b><\/a><strong><span style=\"font-family: Georgia, serif; color: #333333;\">.<\/span><\/strong><\/em><\/span><\/p>\n<p style=\"line-height: 14.25pt;\"><a href=\"http:\/\/senoticias.com.br\/se\/wp-content\/uploads\/2018\/01\/Logomarca-fone-SE-4-2.jpg\"><img loading=\"lazy\" decoding=\"async\" class=\"aligncenter size-full wp-image-110322\" src=\"http:\/\/senoticias.com.br\/se\/wp-content\/uploads\/2018\/01\/Logomarca-fone-SE-4-2.jpg\" alt=\"Logomarca-fone-SE-4\" width=\"599\" height=\"78\" srcset=\"https:\/\/senoticias.com.br\/se\/wp-content\/uploads\/2018\/01\/Logomarca-fone-SE-4-2.jpg 599w, https:\/\/senoticias.com.br\/se\/wp-content\/uploads\/2018\/01\/Logomarca-fone-SE-4-2-300x39.jpg 300w\" sizes=\"(max-width: 599px) 100vw, 599px\" \/><\/a><\/p>\n<p style=\"line-height: 14.25pt;\"><em>Com informa\u00e7\u00f5es de Marcos Couto, do portal Imprensa1<\/em><\/p>\n","protected":false},"excerpt":{"rendered":"<p>A Secretaria de Seguran\u00e7a P\u00fablica de Sergipe (SSP\/SE) informou na tarde desta sexta-feira (9), que realizaram a pris\u00e3o tempor\u00e1ria do travesti, Everton de Jesus Santos, de 31 anos, conhecido como \u201cLalinha\u201d, acusado de ter sumido com um adolescente de 14 anos a cerca de oito dias e que por surpresa dos policias, o garoto estava [&hellip;]<\/p>\n","protected":false},"author":2,"featured_media":110719,"comment_status":"closed","ping_status":"closed","sticky":false,"template":"","format":"standard","meta":{"footnotes":""},"categories":[7],"tags":[8665,8666,8650],"class_list":{"0":"post-110696","1":"post","2":"type-post","3":"status-publish","4":"format-standard","5":"has-post-thumbnail","7":"category-policia","8":"tag-lalinha","9":"tag-recanto-dos-passaros","10":"tag-travesti-e-preso-suspeito-de-aliciar-menores-em-sao-cristovao"},"_links":{"self":[{"href":"https:\/\/senoticias.com.br\/se\/wp-json\/wp\/v2\/posts\/110696"}],"collection":[{"href":"https:\/\/senoticias.com.br\/se\/wp-json\/wp\/v2\/posts"}],"about":[{"href":"https:\/\/senoticias.com.br\/se\/wp-json\/wp\/v2\/types\/post"}],"author":[{"embeddable":true,"href":"https:\/\/senoticias.com.br\/se\/wp-json\/wp\/v2\/users\/2"}],"replies":[{"embeddable":true,"href":"https:\/\/senoticias.com.br\/se\/wp-json\/wp\/v2\/comments?post=110696"}],"version-history":[{"count":0,"href":"https:\/\/senoticias.com.br\/se\/wp-json\/wp\/v2\/posts\/110696\/revisions"}],"wp:featuredmedia":[{"embeddable":true,"href":"https:\/\/senoticias.com.br\/se\/wp-json\/wp\/v2\/media\/110719"}],"wp:attachment":[{"href":"https:\/\/senoticias.com.br\/se\/wp-json\/wp\/v2\/media?parent=110696"}],"wp:term":[{"taxonomy":"category","embeddable":true,"href":"https:\/\/senoticias.com.br\/se\/wp-json\/wp\/v2\/categories?post=110696"},{"taxonomy":"post_tag","embeddable":true,"href":"https:\/\/senoticias.com.br\/se\/wp-json\/wp\/v2\/tags?post=110696"}],"curies":[{"name":"wp","href":"https:\/\/api.w.org\/{rel}","templated":true}]}}