{"id":110695,"date":"2018-02-09T16:19:06","date_gmt":"2018-02-09T19:19:06","guid":{"rendered":"http:\/\/senoticias.com.br\/se\/?p=110695"},"modified":"2018-02-09T16:19:06","modified_gmt":"2018-02-09T19:19:06","slug":"justica-suspende-interdicao-do-matadouro-de-lagarto","status":"publish","type":"post","link":"https:\/\/senoticias.com.br\/se\/justica-suspende-interdicao-do-matadouro-de-lagarto\/","title":{"rendered":"Justi\u00e7a suspende interdi\u00e7\u00e3o do matadouro de Lagarto"},"content":{"rendered":"<p style=\"text-align: justify;\">Na tarde desta sexta-feira (9) a Justi\u00e7a, por meio do desembargador Roberto Eugenio da Fonseca Porto, suspendeu a interdi\u00e7\u00e3o do matadouro da cidade de Lagarto. O matadouro municipal estava interditado desde o \u00faltimo domingo (4) para a realiza\u00e7\u00e3o de adequa\u00e7\u00f5es f\u00edsicas e sanit\u00e1rias.<\/p>\n<div id=\"attachment_90794\" style=\"width: 609px\" class=\"wp-caption aligncenter\"><a href=\"http:\/\/senoticias.com.br\/se\/wp-content\/uploads\/2016\/04\/SENOTICIAS-JUSTI\u00c7A-e1460895161151.jpe\"><img loading=\"lazy\" decoding=\"async\" aria-describedby=\"caption-attachment-90794\" class=\"size-full wp-image-90794\" src=\"http:\/\/senoticias.com.br\/se\/wp-content\/uploads\/2016\/04\/SENOTICIAS-JUSTI\u00c7A-e1460895161151.jpe\" alt=\"(Foto: arquivo\/STJ)\" width=\"599\" height=\"390\" \/><\/a><p id=\"caption-attachment-90794\" class=\"wp-caption-text\">(Foto: arquivo\/STJ)<\/p><\/div>\n<p style=\"text-align: justify;\">O desembargador relatou em sua decis\u00e3o que recebeu diversos documentos que mostravam que as medidas de adequa\u00e7\u00e3o do abatedouro est\u00e3o sendo executadas.<\/p>\n<p style=\"text-align: justify;\">Al\u00e9m disso, o magistrado afirmou que a interdi\u00e7\u00e3o gera o desemprego de in\u00fameras pessoas, como tamb\u00e9m estimula o abate clandestino.<\/p>\n<p style=\"text-align: justify;\"><em><strong>Do G1\/SE.<\/strong><\/em><\/p>\n<p style=\"line-height: 14.25pt;\"><strong><span style=\"font-size: 10.0pt; font-family: 'Georgia','serif'; color: #333333;\">Acompanhe tamb\u00e9m o SE Not\u00edcias no<\/span><\/strong><span class=\"apple-converted-space\"><b><span style=\"font-size: 10.0pt; font-family: 'Georgia','serif'; color: #333333;\">\u00a0<\/span><\/b><\/span><a href=\"https:\/\/twitter.com\/Senoticias\" target=\"_blank\"><b><span style=\"font-size: 10.0pt; font-family: 'Georgia','serif';\">Twitter<\/span><\/b><\/a><strong><span style=\"font-size: 10.0pt; font-family: 'Georgia','serif'; color: #333333;\">,<\/span><\/strong><span class=\"apple-converted-space\"><b><span style=\"font-size: 10.0pt; font-family: 'Georgia','serif'; color: #333333;\">\u00a0<\/span><\/b><\/span><a href=\"https:\/\/www.facebook.com\/senoticias1\" target=\"_blank\"><b><span style=\"font-size: 10.0pt; font-family: 'Georgia','serif';\">Facebook<\/span><\/b><span class=\"apple-converted-space\"><b><span style=\"font-size: 10.0pt; font-family: 'Georgia','serif'; color: windowtext; text-decoration: none; text-underline: none;\">\u00a0<\/span><\/b><\/span><\/a><strong><span style=\"font-size: 10.0pt; font-family: 'Georgia','serif'; color: #333333;\">e no<\/span><\/strong><span class=\"apple-converted-space\"><b><span style=\"font-size: 10.0pt; font-family: 'Georgia','serif'; color: #333333;\">\u00a0<\/span><\/b><\/span><a href=\"https:\/\/www.instagram.com\/senoticias\/\" target=\"_blank\"><b><span style=\"font-size: 10.0pt; font-family: 'Georgia','serif';\">Instagram<\/span><\/b><\/a><strong><span style=\"font-size: 10.0pt; font-family: 'Georgia','serif'; color: #333333;\">.<\/span><\/strong><\/p>\n<p style=\"line-height: 14.25pt;\"><a href=\"http:\/\/senoticias.com.br\/se\/wp-content\/uploads\/2018\/01\/Logomarca-fone-SE-4-2.jpg\"><img loading=\"lazy\" decoding=\"async\" class=\"aligncenter size-full wp-image-110322\" src=\"http:\/\/senoticias.com.br\/se\/wp-content\/uploads\/2018\/01\/Logomarca-fone-SE-4-2.jpg\" alt=\"Logomarca-fone-SE-4\" width=\"599\" height=\"78\" srcset=\"https:\/\/senoticias.com.br\/se\/wp-content\/uploads\/2018\/01\/Logomarca-fone-SE-4-2.jpg 599w, https:\/\/senoticias.com.br\/se\/wp-content\/uploads\/2018\/01\/Logomarca-fone-SE-4-2-300x39.jpg 300w\" sizes=\"(max-width: 599px) 100vw, 599px\" \/><\/a><\/p>\n","protected":false},"excerpt":{"rendered":"<p>Na tarde desta sexta-feira (9) a Justi\u00e7a, por meio do desembargador Roberto Eugenio da Fonseca Porto, suspendeu a interdi\u00e7\u00e3o do matadouro da cidade de Lagarto. O matadouro municipal estava interditado desde o \u00faltimo domingo (4) para a realiza\u00e7\u00e3o de adequa\u00e7\u00f5es f\u00edsicas e sanit\u00e1rias. O desembargador relatou em sua decis\u00e3o que recebeu diversos documentos que mostravam [&hellip;]<\/p>\n","protected":false},"author":2,"featured_media":90794,"comment_status":"closed","ping_status":"closed","sticky":false,"template":"","format":"standard","meta":{"footnotes":""},"categories":[38],"tags":[8649],"class_list":{"0":"post-110695","1":"post","2":"type-post","3":"status-publish","4":"format-standard","5":"has-post-thumbnail","7":"category-municipios","8":"tag-justica-suspende-interdicao-do-matadouro-de-lagarto"},"_links":{"self":[{"href":"https:\/\/senoticias.com.br\/se\/wp-json\/wp\/v2\/posts\/110695"}],"collection":[{"href":"https:\/\/senoticias.com.br\/se\/wp-json\/wp\/v2\/posts"}],"about":[{"href":"https:\/\/senoticias.com.br\/se\/wp-json\/wp\/v2\/types\/post"}],"author":[{"embeddable":true,"href":"https:\/\/senoticias.com.br\/se\/wp-json\/wp\/v2\/users\/2"}],"replies":[{"embeddable":true,"href":"https:\/\/senoticias.com.br\/se\/wp-json\/wp\/v2\/comments?post=110695"}],"version-history":[{"count":0,"href":"https:\/\/senoticias.com.br\/se\/wp-json\/wp\/v2\/posts\/110695\/revisions"}],"wp:featuredmedia":[{"embeddable":true,"href":"https:\/\/senoticias.com.br\/se\/wp-json\/wp\/v2\/media\/90794"}],"wp:attachment":[{"href":"https:\/\/senoticias.com.br\/se\/wp-json\/wp\/v2\/media?parent=110695"}],"wp:term":[{"taxonomy":"category","embeddable":true,"href":"https:\/\/senoticias.com.br\/se\/wp-json\/wp\/v2\/categories?post=110695"},{"taxonomy":"post_tag","embeddable":true,"href":"https:\/\/senoticias.com.br\/se\/wp-json\/wp\/v2\/tags?post=110695"}],"curies":[{"name":"wp","href":"https:\/\/api.w.org\/{rel}","templated":true}]}}