{"id":110693,"date":"2018-02-09T15:23:12","date_gmt":"2018-02-09T18:23:12","guid":{"rendered":"http:\/\/senoticias.com.br\/se\/?p=110693"},"modified":"2018-02-09T15:23:12","modified_gmt":"2018-02-09T18:23:12","slug":"prefeitura-de-itaporanga-realiza-de-10-a-13-de-fevereiro-o-caunaueira","status":"publish","type":"post","link":"https:\/\/senoticias.com.br\/se\/prefeitura-de-itaporanga-realiza-de-10-a-13-de-fevereiro-o-caunaueira\/","title":{"rendered":"Prefeitura de Itaporanga realiza, de 10 a 13 de fevereiro, o Caunaueira"},"content":{"rendered":"<header>\n<div class=\"m_2793888769932814406row-fluid\">\n<div class=\"m_2793888769932814406col-xs-12 m_2793888769932814406col-sm-10\" style=\"text-align: justify;\">A Prefeitura de Itaporanga d\u2019Ajuda, atrav\u00e9s da Secretaria Municipal de Cultura, realiza de 10 a 13 de fevereiro o Carnaueira 2018. O Carnaueira \u00e9 o evento de carnaval realizado na Praia da Caueira, um dos pontos tur\u00edsticos do munic\u00edpio de Itaporanga. O evento contar\u00e1 com 16 atra\u00e7\u00f5es se apresentando no palco principal durante a noite, duas bandas realizando os arrast\u00f5es de carnaval no domingo (11) e segunda (12), al\u00e9m de DJs, bloquinhos de rua e bandas de frevo durante o dia.<\/p>\n<div id=\"attachment_110694\" style=\"width: 609px\" class=\"wp-caption aligncenter\"><a href=\"http:\/\/senoticias.com.br\/se\/wp-content\/uploads\/2018\/02\/caueira-e1518200261784.jpg\"><img loading=\"lazy\" decoding=\"async\" aria-describedby=\"caption-attachment-110694\" class=\"size-full wp-image-110694\" src=\"http:\/\/senoticias.com.br\/se\/wp-content\/uploads\/2018\/02\/caueira-e1518200261784.jpg\" alt=\"Prefeitura divulga programa\u00e7\u00e3o do Carnaueira\" width=\"599\" height=\"599\" \/><\/a><p id=\"caption-attachment-110694\" class=\"wp-caption-text\">Prefeitura divulga programa\u00e7\u00e3o do Carnaueira (foto arte: ascom\/Itaporanga)<\/p><\/div>\n<\/div>\n<\/div>\n<\/header>\n<section class=\"m_2793888769932814406card-post-content\">\n<div class=\"m_2793888769932814406col-xs-12\">\n<p style=\"text-align: justify;\">O prefeito Ot\u00e1vio Sobral destaca a import\u00e2ncia e o esfor\u00e7o em realizar o carnaval da Praia da Caueira. \u201cNos planejamos bastante para a realiza\u00e7\u00e3o do Carnaueira 2018, desde o in\u00edcio da gest\u00e3o mantemos o pagamento dos sal\u00e1rios em dia, pagamos o d\u00e9cimo terceiro, cumprimos com todas as nossas obriga\u00e7\u00f5es, realizamos a Festa da Padroeira e agora estamos realizando um dos melhores carnavais do estado de Sergipe. \u00c9 uma alegria muito grande realizar mais um evento t\u00e3o importante para o turismo e com\u00e9rcio do nosso munic\u00edpio\u201d, afirmou o gestor.<\/p>\n<p><a href=\"http:\/\/senoticias.com.br\/se\/wp-content\/uploads\/2018\/01\/Logomarca-fone-SE-4-2.jpg\"><img loading=\"lazy\" decoding=\"async\" class=\"aligncenter size-full wp-image-110322\" src=\"http:\/\/senoticias.com.br\/se\/wp-content\/uploads\/2018\/01\/Logomarca-fone-SE-4-2.jpg\" alt=\"Logomarca-fone-SE-4\" width=\"599\" height=\"78\" srcset=\"https:\/\/senoticias.com.br\/se\/wp-content\/uploads\/2018\/01\/Logomarca-fone-SE-4-2.jpg 599w, https:\/\/senoticias.com.br\/se\/wp-content\/uploads\/2018\/01\/Logomarca-fone-SE-4-2-300x39.jpg 300w\" sizes=\"(max-width: 599px) 100vw, 599px\" \/><\/a><\/p>\n<\/div>\n<p><em><strong>Acompanhe tamb\u00e9m o SE Not\u00edcias no<\/strong><span class=\"apple-converted-space\"><b>\u00a0<\/b><\/span><a href=\"https:\/\/twitter.com\/Senoticias\" target=\"_blank\"><b>Twitter<\/b><\/a><strong>,<\/strong><span class=\"apple-converted-space\"><b>\u00a0<\/b><\/span><a href=\"https:\/\/www.facebook.com\/senoticias1\" target=\"_blank\"><b>Facebook<\/b><span class=\"apple-converted-space\"><b>\u00a0<\/b><\/span><\/a><strong>e no<\/strong><span class=\"apple-converted-space\"><b>\u00a0<\/b><\/span><a href=\"https:\/\/www.instagram.com\/senoticias\/\" target=\"_blank\"><b>Instagram<\/b><\/a><\/em><\/p>\n<\/section>\n<p>Informa\u00e7\u00f5es da Assessoria de Comunica\u00e7\u00e3o\/Itaporanga<\/p>\n","protected":false},"excerpt":{"rendered":"<p>A Prefeitura de Itaporanga d\u2019Ajuda, atrav\u00e9s da Secretaria Municipal de Cultura, realiza de 10 a 13 de fevereiro o Carnaueira 2018. O Carnaueira \u00e9 o evento de carnaval realizado na Praia da Caueira, um dos pontos tur\u00edsticos do munic\u00edpio de Itaporanga. O evento contar\u00e1 com 16 atra\u00e7\u00f5es se apresentando no palco principal durante a noite, [&hellip;]<\/p>\n","protected":false},"author":2,"featured_media":110694,"comment_status":"closed","ping_status":"closed","sticky":false,"template":"","format":"standard","meta":{"footnotes":""},"categories":[15,21],"tags":[8648,8263,2306],"class_list":{"0":"post-110693","1":"post","2":"type-post","3":"status-publish","4":"format-standard","5":"has-post-thumbnail","7":"category-destaques","8":"category-entretenimento","9":"tag-carnaueira","10":"tag-carnaval-2018","11":"tag-itaporanga-dajuda"},"_links":{"self":[{"href":"https:\/\/senoticias.com.br\/se\/wp-json\/wp\/v2\/posts\/110693"}],"collection":[{"href":"https:\/\/senoticias.com.br\/se\/wp-json\/wp\/v2\/posts"}],"about":[{"href":"https:\/\/senoticias.com.br\/se\/wp-json\/wp\/v2\/types\/post"}],"author":[{"embeddable":true,"href":"https:\/\/senoticias.com.br\/se\/wp-json\/wp\/v2\/users\/2"}],"replies":[{"embeddable":true,"href":"https:\/\/senoticias.com.br\/se\/wp-json\/wp\/v2\/comments?post=110693"}],"version-history":[{"count":0,"href":"https:\/\/senoticias.com.br\/se\/wp-json\/wp\/v2\/posts\/110693\/revisions"}],"wp:featuredmedia":[{"embeddable":true,"href":"https:\/\/senoticias.com.br\/se\/wp-json\/wp\/v2\/media\/110694"}],"wp:attachment":[{"href":"https:\/\/senoticias.com.br\/se\/wp-json\/wp\/v2\/media?parent=110693"}],"wp:term":[{"taxonomy":"category","embeddable":true,"href":"https:\/\/senoticias.com.br\/se\/wp-json\/wp\/v2\/categories?post=110693"},{"taxonomy":"post_tag","embeddable":true,"href":"https:\/\/senoticias.com.br\/se\/wp-json\/wp\/v2\/tags?post=110693"}],"curies":[{"name":"wp","href":"https:\/\/api.w.org\/{rel}","templated":true}]}}