{"id":110692,"date":"2018-02-09T15:06:49","date_gmt":"2018-02-09T18:06:49","guid":{"rendered":"http:\/\/senoticias.com.br\/se\/?p=110692"},"modified":"2018-02-09T15:06:49","modified_gmt":"2018-02-09T18:06:49","slug":"justica-determina-a-interdicao-imediata-do-matadouro-de-simao-dias","status":"publish","type":"post","link":"https:\/\/senoticias.com.br\/se\/justica-determina-a-interdicao-imediata-do-matadouro-de-simao-dias\/","title":{"rendered":"Justi\u00e7a determina a interdi\u00e7\u00e3o imediata do Matadouro de Sim\u00e3o Dias"},"content":{"rendered":"<p style=\"text-align: justify;\">A Justi\u00e7a determinou \u00e0 Prefeitura de Sim\u00e3o Dias a interdi\u00e7\u00e3o imediata do Matadouro Municipal.<\/p>\n<div id=\"attachment_108788\" style=\"width: 609px\" class=\"wp-caption aligncenter\"><a href=\"http:\/\/senoticias.com.br\/se\/wp-content\/uploads\/2017\/12\/WhatsApp-Image-2017-12-04-at-17.41.13-e1512416869677.jpeg\"><img loading=\"lazy\" decoding=\"async\" aria-describedby=\"caption-attachment-108788\" class=\"size-full wp-image-108788\" src=\"http:\/\/senoticias.com.br\/se\/wp-content\/uploads\/2017\/12\/WhatsApp-Image-2017-12-04-at-17.41.13-e1512416869677.jpeg\" alt=\"A desobedi\u00eancia levar\u00e1 o Munic\u00edpio a ter que pagar multa di\u00e1ria de R$ 5 mil.\" width=\"599\" height=\"449\" \/><\/a><p id=\"caption-attachment-108788\" class=\"wp-caption-text\">A desobedi\u00eancia levar\u00e1 o Munic\u00edpio a ter que pagar multa di\u00e1ria de R$ 5 mil.<\/p><\/div>\n<p><strong>Veja a decis\u00e3o:<\/strong><\/p>\n<p style=\"text-align: justify;\"><em>Diante do exposto, com esteio nos argumento e provas existentes nos autos, EXTINGO O FEITO COM AN\u00c1LISE DE M\u00c9RITO, com fulcro no artigo 487, I, do CPC, JULGANDO PROCEDENTE EM PARTE os pedidos formulados pelo autor, para que seja, total e imediatamente, interditado o Matadouro Municipal de Sim\u00e3o Dias-SE, ficando o estabelecimento proibido de funcionar, at\u00e9 que cumpra todas as normas sanit\u00e1rias e ambientais inerentes a sua atividade, bem como seja devidamente registrado no \u00f3rg\u00e3o fiscalizador competente. [&#8230;] Ex positis, CONCEDO a tutela antecipada de urg\u00eancia, determinando, por conseguinte, a interdi\u00e7\u00e3o total e imediata do Matadouro do Munic\u00edpio de Sim\u00e3o Dias-SE. A desobedi\u00eancia a esta determina\u00e7\u00e3o importar\u00e1 em multa di\u00e1ria no valor de R$ 5.000,00 (cinco mil reais), valor este a ser revertido ao Fundo Estadual de Sa\u00fade \u2013 FES \u2013 e suportado pelo Munic\u00edpio requerido, sem preju\u00edzo do aumento do valor ou da ado\u00e7\u00e3o de outras medidas que se fizerem necess\u00e1rias ao fiel cumprimento desta decis\u00e3o. [&#8230;]<\/em><\/p>\n<p style=\"text-align: justify;\">\n<p style=\"text-align: justify;\"><a href=\"http:\/\/senoticias.com.br\/se\/wp-content\/uploads\/2018\/01\/Logomarca-fone-SE-4-2.jpg\"><img loading=\"lazy\" decoding=\"async\" class=\"aligncenter size-full wp-image-110322\" src=\"http:\/\/senoticias.com.br\/se\/wp-content\/uploads\/2018\/01\/Logomarca-fone-SE-4-2.jpg\" alt=\"Logomarca-fone-SE-4\" width=\"599\" height=\"78\" srcset=\"https:\/\/senoticias.com.br\/se\/wp-content\/uploads\/2018\/01\/Logomarca-fone-SE-4-2.jpg 599w, https:\/\/senoticias.com.br\/se\/wp-content\/uploads\/2018\/01\/Logomarca-fone-SE-4-2-300x39.jpg 300w\" sizes=\"(max-width: 599px) 100vw, 599px\" \/><\/a><\/p>\n<p style=\"text-align: justify;\">\n<p style=\"text-align: justify;\"><em><strong>Acompanhe tamb\u00e9m o SE Not\u00edcias no<\/strong><span class=\"apple-converted-space\"><b>\u00a0<\/b><\/span><a href=\"https:\/\/twitter.com\/Senoticias\" target=\"_blank\"><b>Twitter<\/b><\/a><strong>,<\/strong><span class=\"apple-converted-space\"><b>\u00a0<\/b><\/span><a href=\"https:\/\/www.facebook.com\/senoticias1\" target=\"_blank\"><b>Facebook<\/b><span class=\"apple-converted-space\"><b>\u00a0<\/b><\/span><\/a><strong>e no<\/strong><span class=\"apple-converted-space\"><b>\u00a0<\/b><\/span><a href=\"https:\/\/www.instagram.com\/senoticias\/\" target=\"_blank\"><b>Instagram<\/b><\/a><\/em><\/p>\n<p style=\"text-align: justify;\">\n<p style=\"text-align: justify;\"><em>Da assessoria de Imprensa\/MPE<\/em><\/p>\n","protected":false},"excerpt":{"rendered":"<p>A Justi\u00e7a determinou \u00e0 Prefeitura de Sim\u00e3o Dias a interdi\u00e7\u00e3o imediata do Matadouro Municipal. Veja a decis\u00e3o: Diante do exposto, com esteio nos argumento e provas existentes nos autos, EXTINGO O FEITO COM AN\u00c1LISE DE M\u00c9RITO, com fulcro no artigo 487, I, do CPC, JULGANDO PROCEDENTE EM PARTE os pedidos formulados pelo autor, para que [&hellip;]<\/p>\n","protected":false},"author":2,"featured_media":108788,"comment_status":"closed","ping_status":"closed","sticky":false,"template":"","format":"standard","meta":{"footnotes":""},"categories":[15],"tags":[8647,802],"class_list":{"0":"post-110692","1":"post","2":"type-post","3":"status-publish","4":"format-standard","5":"has-post-thumbnail","7":"category-destaques","8":"tag-matadouro-de-simao-dias","9":"tag-simao-dias"},"_links":{"self":[{"href":"https:\/\/senoticias.com.br\/se\/wp-json\/wp\/v2\/posts\/110692"}],"collection":[{"href":"https:\/\/senoticias.com.br\/se\/wp-json\/wp\/v2\/posts"}],"about":[{"href":"https:\/\/senoticias.com.br\/se\/wp-json\/wp\/v2\/types\/post"}],"author":[{"embeddable":true,"href":"https:\/\/senoticias.com.br\/se\/wp-json\/wp\/v2\/users\/2"}],"replies":[{"embeddable":true,"href":"https:\/\/senoticias.com.br\/se\/wp-json\/wp\/v2\/comments?post=110692"}],"version-history":[{"count":0,"href":"https:\/\/senoticias.com.br\/se\/wp-json\/wp\/v2\/posts\/110692\/revisions"}],"wp:featuredmedia":[{"embeddable":true,"href":"https:\/\/senoticias.com.br\/se\/wp-json\/wp\/v2\/media\/108788"}],"wp:attachment":[{"href":"https:\/\/senoticias.com.br\/se\/wp-json\/wp\/v2\/media?parent=110692"}],"wp:term":[{"taxonomy":"category","embeddable":true,"href":"https:\/\/senoticias.com.br\/se\/wp-json\/wp\/v2\/categories?post=110692"},{"taxonomy":"post_tag","embeddable":true,"href":"https:\/\/senoticias.com.br\/se\/wp-json\/wp\/v2\/tags?post=110692"}],"curies":[{"name":"wp","href":"https:\/\/api.w.org\/{rel}","templated":true}]}}