{"id":110654,"date":"2018-02-07T17:11:51","date_gmt":"2018-02-07T20:11:51","guid":{"rendered":"http:\/\/senoticias.com.br\/se\/?p=110654"},"modified":"2018-02-07T17:11:51","modified_gmt":"2018-02-07T20:11:51","slug":"sergipe-tem-um-caso-de-febre-amarela-sob-investigacao","status":"publish","type":"post","link":"https:\/\/senoticias.com.br\/se\/sergipe-tem-um-caso-de-febre-amarela-sob-investigacao\/","title":{"rendered":"Sergipe tem um caso de febre amarela sob investiga\u00e7\u00e3o"},"content":{"rendered":"<p style=\"text-align: justify;\"><span style=\"color: #000000;\">O Minist\u00e9rio da Sa\u00fade atualizou, nesta quarta-feira, 7, os casos de febre amarela no Brasil e informou que Sergipe tem um sob investiga\u00e7\u00e3o. Em todo o pa\u00eds, foram confirmados 353 casos e 98 \u00f3bitos entre 1\u00ba julho de 2017 a 6 de fevereiro deste ano. Ao todo, foram notificados 1.286 casos suspeitos, sendo que 510 foram descartados e 423 permanecem em investiga\u00e7\u00e3o.<\/span><\/p>\n<p style=\"text-align: justify;\"><span style=\"color: #000000;\">De acordo com a Secretaria de Estado da Sa\u00fade, o caso envolve uma crian\u00e7a, que viajou a S\u00e3o Paulo e voltou \u00e0 Aracaju com sintomas da febre amarela. A m\u00e3e, que \u00e9 m\u00e9dica, suspeitou que poderia ser um caso da doen\u00e7a e solicitou o exame. O caso foi colocado sob investiga\u00e7\u00e3o enquanto os resultados n\u00e3o s\u00e3o divulgados. Apesar da suspeita, a crian\u00e7a passa bem.<\/span><\/p>\n<div id=\"attachment_110209\" style=\"width: 550px\" class=\"wp-caption aligncenter\"><a href=\"http:\/\/senoticias.com.br\/se\/wp-content\/uploads\/2018\/01\/vacina_febre_amarela-SENOTICIAS.jpg\"><img loading=\"lazy\" decoding=\"async\" aria-describedby=\"caption-attachment-110209\" class=\"size-full wp-image-110209\" src=\"http:\/\/senoticias.com.br\/se\/wp-content\/uploads\/2018\/01\/vacina_febre_amarela-SENOTICIAS.jpg\" alt=\"Foto: G1\/divulga\u00e7\u00e3o\" width=\"540\" height=\"304\" srcset=\"https:\/\/senoticias.com.br\/se\/wp-content\/uploads\/2018\/01\/vacina_febre_amarela-SENOTICIAS.jpg 540w, https:\/\/senoticias.com.br\/se\/wp-content\/uploads\/2018\/01\/vacina_febre_amarela-SENOTICIAS-300x169.jpg 300w\" sizes=\"(max-width: 540px) 100vw, 540px\" \/><\/a><p id=\"caption-attachment-110209\" class=\"wp-caption-text\">Foto: G1\/divulga\u00e7\u00e3o<\/p><\/div>\n<p style=\"text-align: justify;\"><span style=\"color: #000000;\">O Minist\u00e9rio da Sa\u00fade informa que n\u00e3o h\u00e1 registro confirmado de febre amarela urbana no pa\u00eds e esclarece que todos os casos registrados no Brasil desde 1942 s\u00e3o silvestres, inclusive os atuais, ou seja, a doen\u00e7a foi transmitida por vetores que existem em ambientes de mata (mosquitos dos g\u00eaneros Haemagogus e Sabethes). Al\u00e9m disso, o que caracteriza a transmiss\u00e3o silvestre, al\u00e9m da esp\u00e9cie do mosquito envolvida, \u00e9 que os mosquitos transmitem o v\u00edrus e tamb\u00e9m se infectam a partir de um hospedeiro silvestre, no caso o macaco.<\/span><\/p>\n<p style=\"text-align: justify;\"><span style=\"color: #000000;\">Sergipe possui 40 munic\u00edpios receptores da vacina. Por fazer parte de um estado que n\u00e3o \u00e9 considerado end\u00eamico para febre amarela, Aracaju oferta a dose padr\u00e3o da vacina contra a febre amarela com 0,5 ml e aplica\u00e7\u00e3o via subcut\u00e2nea, em 10 unidades de sa\u00fade, das 8h \u00e0s 17h, distribu\u00eddas em variados dias da semana.<\/span><\/p>\n<p style=\"text-align: justify;\"><span style=\"color: #000000;\">Na capital, os locais de vacina\u00e7\u00e3o s\u00e3o as UBS Dina Sinhazinha, Ed\u00e9zio Vieira de Melo, Joaldo Barbosa, Augusto C\u00e9sar Leite, Maria do C\u00e9u, Jos\u00e9 Machado de Souza, Lauro Dantas, Celso Daniel e Marx Carvalho, que passou a disponibilizar as doses. Al\u00e9m dessas, o Ipesa\u00fade tamb\u00e9m as disponibiliza.<\/span><\/p>\n<p style=\"text-align: justify;\"><span style=\"color: #000000;\">Cada unidade possui 300 doses da vacina, 150 por turno, nos dias espec\u00edficos reservados \u00e0 aplica\u00e7\u00e3o. S\u00f3 pode tomar a vacina quem vai viajar para locais considerados de risco. \u00c9 necess\u00e1rio apresentar comprovante de viagem ou hospedagem no posto de sa\u00fade.<\/span><\/p>\n<p style=\"text-align: justify;\">\n<p style=\"text-align: justify;\">\n<p><a href=\"http:\/\/senoticias.com.br\/se\/wp-content\/uploads\/2018\/01\/Logomarca-fone-SE-4-2.jpg\"><img loading=\"lazy\" decoding=\"async\" class=\"aligncenter size-full wp-image-110322\" src=\"http:\/\/senoticias.com.br\/se\/wp-content\/uploads\/2018\/01\/Logomarca-fone-SE-4-2.jpg\" alt=\"Logomarca-fone-SE-4\" width=\"599\" height=\"78\" srcset=\"https:\/\/senoticias.com.br\/se\/wp-content\/uploads\/2018\/01\/Logomarca-fone-SE-4-2.jpg 599w, https:\/\/senoticias.com.br\/se\/wp-content\/uploads\/2018\/01\/Logomarca-fone-SE-4-2-300x39.jpg 300w\" sizes=\"(max-width: 599px) 100vw, 599px\" \/><\/a><\/p>\n<p><strong>Acompanhe tamb\u00e9m o SE Not\u00edcias no<\/strong><span class=\"apple-converted-space\"><b>\u00a0<\/b><\/span><a href=\"https:\/\/twitter.com\/Senoticias\" target=\"_blank\"><b>Twitter<\/b><\/a><strong>,<\/strong><span class=\"apple-converted-space\"><b>\u00a0<\/b><\/span><a href=\"https:\/\/www.facebook.com\/senoticias1\" target=\"_blank\"><b>Facebook<\/b><span class=\"apple-converted-space\"><b>\u00a0<\/b><\/span><\/a><strong>e no<\/strong><span class=\"apple-converted-space\"><b>\u00a0<\/b><\/span><a href=\"https:\/\/www.instagram.com\/senoticias\/\" target=\"_blank\"><b>Instagram<\/b><\/a><strong>.<\/strong><\/p>\n<p><em>Por Portal Infonet,\u00a0Com informa\u00e7\u00f5es do Minist\u00e9rio da Sa\u00fade e da SES<\/em><\/p>\n","protected":false},"excerpt":{"rendered":"<p>O Minist\u00e9rio da Sa\u00fade atualizou, nesta quarta-feira, 7, os casos de febre amarela no Brasil e informou que Sergipe tem um sob investiga\u00e7\u00e3o. Em todo o pa\u00eds, foram confirmados 353 casos e 98 \u00f3bitos entre 1\u00ba julho de 2017 a 6 de fevereiro deste ano. Ao todo, foram notificados 1.286 casos suspeitos, sendo que 510 [&hellip;]<\/p>\n","protected":false},"author":2,"featured_media":0,"comment_status":"closed","ping_status":"closed","sticky":false,"template":"","format":"standard","meta":{"footnotes":""},"categories":[15,38],"tags":[339,3944,8103,1304,223,554],"class_list":{"0":"post-110654","1":"post","2":"type-post","3":"status-publish","4":"format-standard","6":"category-destaques","7":"category-municipios","8":"tag-aracaju","9":"tag-casos","10":"tag-febre-amarela","11":"tag-saude","12":"tag-sergipe","13":"tag-vacina"},"_links":{"self":[{"href":"https:\/\/senoticias.com.br\/se\/wp-json\/wp\/v2\/posts\/110654"}],"collection":[{"href":"https:\/\/senoticias.com.br\/se\/wp-json\/wp\/v2\/posts"}],"about":[{"href":"https:\/\/senoticias.com.br\/se\/wp-json\/wp\/v2\/types\/post"}],"author":[{"embeddable":true,"href":"https:\/\/senoticias.com.br\/se\/wp-json\/wp\/v2\/users\/2"}],"replies":[{"embeddable":true,"href":"https:\/\/senoticias.com.br\/se\/wp-json\/wp\/v2\/comments?post=110654"}],"version-history":[{"count":0,"href":"https:\/\/senoticias.com.br\/se\/wp-json\/wp\/v2\/posts\/110654\/revisions"}],"wp:attachment":[{"href":"https:\/\/senoticias.com.br\/se\/wp-json\/wp\/v2\/media?parent=110654"}],"wp:term":[{"taxonomy":"category","embeddable":true,"href":"https:\/\/senoticias.com.br\/se\/wp-json\/wp\/v2\/categories?post=110654"},{"taxonomy":"post_tag","embeddable":true,"href":"https:\/\/senoticias.com.br\/se\/wp-json\/wp\/v2\/tags?post=110654"}],"curies":[{"name":"wp","href":"https:\/\/api.w.org\/{rel}","templated":true}]}}