{"id":110627,"date":"2018-02-07T08:33:33","date_gmt":"2018-02-07T11:33:33","guid":{"rendered":"http:\/\/senoticias.com.br\/se\/?p=110627"},"modified":"2018-02-07T08:33:33","modified_gmt":"2018-02-07T11:33:33","slug":"presidente-do-tce-recebe-o-superintendente-do-banco-do-nordeste","status":"publish","type":"post","link":"https:\/\/senoticias.com.br\/se\/presidente-do-tce-recebe-o-superintendente-do-banco-do-nordeste\/","title":{"rendered":"Presidente do TCE recebe o superintendente do Banco do Nordeste"},"content":{"rendered":"<p style=\"text-align: justify;\">O conselheiro Ulices Andrade, presidente do Tribunal de Contas do Estado (TCE), recebeu em seu gabinete na manh\u00e3 desta ter\u00e7a-feira, 6, o superintendente do Banco do Nordeste do Brasil em Sergipe, Ant\u00f4nio C\u00e9sar de Santana. A visita foi acompanhada tamb\u00e9m pelos conselheiros Luiz Augusto Ribeiro e Susana Azevedo.<\/p>\n<div id=\"attachment_110628\" style=\"width: 609px\" class=\"wp-caption aligncenter\"><a href=\"http:\/\/senoticias.com.br\/se\/wp-content\/uploads\/2018\/02\/unnamed-1.jpg\"><img loading=\"lazy\" decoding=\"async\" aria-describedby=\"caption-attachment-110628\" class=\"size-full wp-image-110628\" src=\"http:\/\/senoticias.com.br\/se\/wp-content\/uploads\/2018\/02\/unnamed-1-e1518002967467.jpg\" alt=\"A visita foi acompanhada tamb\u00e9m pelos conselheiros Luiz Augusto Ribeiro e Susana Azevedo\" width=\"599\" height=\"400\" \/><\/a><p id=\"caption-attachment-110628\" class=\"wp-caption-text\">A visita foi acompanhada tamb\u00e9m pelos conselheiros Luiz Augusto Ribeiro e Susana Azevedo (foto: Cleverton Ribeiro\/TCE)<\/p><\/div>\n<p style=\"text-align: justify;\">Durante o encontro, o conselheiro enfatizou a atua\u00e7\u00e3o da institui\u00e7\u00e3o financeira como &#8220;importante pe\u00e7a de desenvolvimento e fundamental na luta pela redu\u00e7\u00e3o das desigualdades regionais&#8221;, colocando ainda a Corte de Contas \u00e0 disposi\u00e7\u00e3o para estabelecer a\u00e7\u00f5es conjuntas em prol dos munic\u00edpios sergipanos.<\/p>\n<p style=\"text-align: justify;\">Ant\u00f4nio C\u00e9sar enalteceu tamb\u00e9m o papel dos \u00f3rg\u00e3os de controle como fiscais dos recursos p\u00fablicos. &#8220;S\u00e3o guardi\u00f5es do er\u00e1rio p\u00fablico, fazendo com que os recursos sejam alocados de forma correta&#8221;, afirmou.<\/p>\n<p style=\"text-align: justify;\">\n<p style=\"text-align: justify;\"><a href=\"http:\/\/senoticias.com.br\/se\/wp-content\/uploads\/2018\/01\/Logomarca-fone-SE-4-2.jpg\"><img loading=\"lazy\" decoding=\"async\" class=\"aligncenter size-full wp-image-110322\" src=\"http:\/\/senoticias.com.br\/se\/wp-content\/uploads\/2018\/01\/Logomarca-fone-SE-4-2.jpg\" alt=\"Logomarca-fone-SE-4\" width=\"599\" height=\"78\" srcset=\"https:\/\/senoticias.com.br\/se\/wp-content\/uploads\/2018\/01\/Logomarca-fone-SE-4-2.jpg 599w, https:\/\/senoticias.com.br\/se\/wp-content\/uploads\/2018\/01\/Logomarca-fone-SE-4-2-300x39.jpg 300w\" sizes=\"(max-width: 599px) 100vw, 599px\" \/><\/a><\/p>\n<p style=\"text-align: justify;\">\n<p style=\"text-align: justify;\"><em><strong>Acompanhe tamb\u00e9m o SE Not\u00edcias no\u00a0<a href=\"https:\/\/twitter.com\/Senoticias\" target=\"_blank\">Twitter<\/a>,\u00a0<a href=\"https:\/\/www.facebook.com\/senoticias1\" target=\"_blank\">Facebook<\/a>\u00a0e no\u00a0<a href=\"https:\/\/www.instagram.com\/senoticias\/\" target=\"_blank\">Instagram<\/a>\u00a0<\/strong><\/em><\/p>\n<p style=\"text-align: justify;\">\n<p style=\"text-align: justify;\"><em>Da Dicom\/TCE<\/em><\/p>\n","protected":false},"excerpt":{"rendered":"<p>O conselheiro Ulices Andrade, presidente do Tribunal de Contas do Estado (TCE), recebeu em seu gabinete na manh\u00e3 desta ter\u00e7a-feira, 6, o superintendente do Banco do Nordeste do Brasil em Sergipe, Ant\u00f4nio C\u00e9sar de Santana. A visita foi acompanhada tamb\u00e9m pelos conselheiros Luiz Augusto Ribeiro e Susana Azevedo. Durante o encontro, o conselheiro enfatizou a [&hellip;]<\/p>\n","protected":false},"author":2,"featured_media":110628,"comment_status":"closed","ping_status":"closed","sticky":false,"template":"","format":"standard","meta":{"footnotes":""},"categories":[6],"tags":[8621,529,565,6984],"class_list":{"0":"post-110627","1":"post","2":"type-post","3":"status-publish","4":"format-standard","5":"has-post-thumbnail","7":"category-politica","8":"tag-banco-do-nordeste","9":"tag-tce","10":"tag-tribunal-de-contas-do-estado","11":"tag-ulices-andrade"},"_links":{"self":[{"href":"https:\/\/senoticias.com.br\/se\/wp-json\/wp\/v2\/posts\/110627"}],"collection":[{"href":"https:\/\/senoticias.com.br\/se\/wp-json\/wp\/v2\/posts"}],"about":[{"href":"https:\/\/senoticias.com.br\/se\/wp-json\/wp\/v2\/types\/post"}],"author":[{"embeddable":true,"href":"https:\/\/senoticias.com.br\/se\/wp-json\/wp\/v2\/users\/2"}],"replies":[{"embeddable":true,"href":"https:\/\/senoticias.com.br\/se\/wp-json\/wp\/v2\/comments?post=110627"}],"version-history":[{"count":0,"href":"https:\/\/senoticias.com.br\/se\/wp-json\/wp\/v2\/posts\/110627\/revisions"}],"wp:featuredmedia":[{"embeddable":true,"href":"https:\/\/senoticias.com.br\/se\/wp-json\/wp\/v2\/media\/110628"}],"wp:attachment":[{"href":"https:\/\/senoticias.com.br\/se\/wp-json\/wp\/v2\/media?parent=110627"}],"wp:term":[{"taxonomy":"category","embeddable":true,"href":"https:\/\/senoticias.com.br\/se\/wp-json\/wp\/v2\/categories?post=110627"},{"taxonomy":"post_tag","embeddable":true,"href":"https:\/\/senoticias.com.br\/se\/wp-json\/wp\/v2\/tags?post=110627"}],"curies":[{"name":"wp","href":"https:\/\/api.w.org\/{rel}","templated":true}]}}