{"id":110606,"date":"2018-02-06T08:12:15","date_gmt":"2018-02-06T11:12:15","guid":{"rendered":"http:\/\/senoticias.com.br\/se\/?p=110606"},"modified":"2018-02-06T08:16:11","modified_gmt":"2018-02-06T11:16:11","slug":"prouni-abre-inscricoes-nesta-terca-feira","status":"publish","type":"post","link":"https:\/\/senoticias.com.br\/se\/prouni-abre-inscricoes-nesta-terca-feira\/","title":{"rendered":"ProUni abre inscri\u00e7\u00f5es nesta ter\u00e7a-feira"},"content":{"rendered":"<p style=\"text-align: justify;\">Os estudantes interessados em obter uma bolsa de estudos por meio do Programa Universidade para Todos (ProUni) j\u00e1 podem fazer sua inscri\u00e7\u00e3o na\u00a0<a href=\"http:\/\/prouniportal.mec.gov.br\/\">p\u00e1gina<\/a>\u00a0do programa na internet.<\/p>\n<p>O prazo para as inscri\u00e7\u00f5es come\u00e7a hoje (6) e vai\u00a0 at\u00e9 sexta-feira (9).<\/p>\n<p style=\"text-align: justify;\">O ProUni oferece bolsas de estudo integrais e parciais (50%) em institui\u00e7\u00f5es privadas de educa\u00e7\u00e3o superior, em cursos de gradua\u00e7\u00e3o e sequenciais de forma\u00e7\u00e3o espec\u00edfica.<\/p>\n<div id=\"attachment_100064\" style=\"width: 609px\" class=\"wp-caption aligncenter\"><a href=\"http:\/\/senoticias.com.br\/se\/wp-content\/uploads\/2017\/01\/prouni1-SE-Not\u00edcias.jpg\"><img loading=\"lazy\" decoding=\"async\" aria-describedby=\"caption-attachment-100064\" class=\"size-full wp-image-100064\" src=\"http:\/\/senoticias.com.br\/se\/wp-content\/uploads\/2017\/01\/prouni1-SE-Not\u00edcias.jpg\" alt=\"site do ProUni (Foto: Divulga\u00e7\u00e3o) \" width=\"599\" height=\"399\" srcset=\"https:\/\/senoticias.com.br\/se\/wp-content\/uploads\/2017\/01\/prouni1-SE-Not\u00edcias.jpg 599w, https:\/\/senoticias.com.br\/se\/wp-content\/uploads\/2017\/01\/prouni1-SE-Not\u00edcias-300x200.jpg 300w, https:\/\/senoticias.com.br\/se\/wp-content\/uploads\/2017\/01\/prouni1-SE-Not\u00edcias-90x60.jpg 90w, https:\/\/senoticias.com.br\/se\/wp-content\/uploads\/2017\/01\/prouni1-SE-Not\u00edcias-180x120.jpg 180w, https:\/\/senoticias.com.br\/se\/wp-content\/uploads\/2017\/01\/prouni1-SE-Not\u00edcias-95x64.jpg 95w\" sizes=\"(max-width: 599px) 100vw, 599px\" \/><\/a><p id=\"caption-attachment-100064\" class=\"wp-caption-text\">site do ProUni (Foto: Divulga\u00e7\u00e3o)<\/p><\/div>\n<p style=\"text-align: justify;\">Podem concorrer brasileiros sem diploma de curso superior que tenham participado do Exame Nacional do Ensino M\u00e9dio (Enem) em 2017 e n\u00e3o tenham zerado a prova.<\/p>\n<p style=\"text-align: justify;\">\u00c9 necess\u00e1rio, ainda, que o candidato atenda a pelo menos uma das seguintes condi\u00e7\u00f5es: ter cursado o ensino m\u00e9dio completo em escola p\u00fablica ou em institui\u00e7\u00e3o privada como bolsista integral, ter alguma defici\u00eancia, ser professor da rede p\u00fablica ou estar enquadrado no perfil de renda exigido pelo programa.<\/p>\n<p>A bolsa integral \u00e9 oferecida a candidatos com renda\u00a0<em>per capita<\/em>\u00a0mensal de at\u00e9 1,5 sal\u00e1rio m\u00ednimo e bolsa parcial para candidatos cuja renda familiar mensal seja de at\u00e9 tr\u00eas sal\u00e1rios m\u00ednimos.<\/p>\n<p style=\"text-align: justify;\">O processo seletivo \u00e9 composto por duas chamadas sucessivas. O resultado com a lista dos candidatos pr\u00e9-selecionados na primeira chamada deve ser divulgado no dia 14 deste m\u00eas. A divulga\u00e7\u00e3o do resultado da segunda chamada est\u00e1 prevista para 2 de mar\u00e7o.<\/p>\n<p style=\"text-align: justify;\">Da Ag\u00eancia Brasil.<\/p>\n<p style=\"line-height: 14.25pt;\"><strong><span style=\"font-size: 10.0pt; font-family: 'Georgia','serif'; color: #333333;\">Acompanhe tamb\u00e9m o SE Not\u00edcias no<\/span><\/strong><span class=\"apple-converted-space\"><b><span style=\"font-size: 10.0pt; font-family: 'Georgia','serif'; color: #333333;\">\u00a0<\/span><\/b><\/span><a href=\"https:\/\/twitter.com\/Senoticias\" target=\"_blank\"><b><span style=\"font-size: 10.0pt; font-family: 'Georgia','serif';\">Twitter<\/span><\/b><\/a><strong><span style=\"font-size: 10.0pt; font-family: 'Georgia','serif'; color: #333333;\">,<\/span><\/strong><span class=\"apple-converted-space\"><b><span style=\"font-size: 10.0pt; font-family: 'Georgia','serif'; color: #333333;\">\u00a0<\/span><\/b><\/span><a href=\"https:\/\/www.facebook.com\/senoticias1\" target=\"_blank\"><b><span style=\"font-size: 10.0pt; font-family: 'Georgia','serif';\">Facebook<\/span><\/b><span class=\"apple-converted-space\"><b><span style=\"font-size: 10.0pt; font-family: 'Georgia','serif'; color: windowtext; text-decoration: none; text-underline: none;\">\u00a0<\/span><\/b><\/span><\/a><strong><span style=\"font-size: 10.0pt; font-family: 'Georgia','serif'; color: #333333;\">e no<\/span><\/strong><span class=\"apple-converted-space\"><b><span style=\"font-size: 10.0pt; font-family: 'Georgia','serif'; color: #333333;\">\u00a0<\/span><\/b><\/span><a href=\"https:\/\/www.instagram.com\/senoticias\/\" target=\"_blank\"><b><span style=\"font-size: 10.0pt; font-family: 'Georgia','serif';\">Instagram<\/span><\/b><\/a><strong><span style=\"font-size: 10.0pt; font-family: 'Georgia','serif'; color: #333333;\">.<\/span><\/strong><\/p>\n<p style=\"line-height: 14.25pt;\"><a href=\"http:\/\/senoticias.com.br\/se\/wp-content\/uploads\/2018\/01\/Logomarca-fone-SE-4-2.jpg\"><img loading=\"lazy\" decoding=\"async\" class=\"aligncenter size-full wp-image-110322\" src=\"http:\/\/senoticias.com.br\/se\/wp-content\/uploads\/2018\/01\/Logomarca-fone-SE-4-2.jpg\" alt=\"Logomarca-fone-SE-4\" width=\"599\" height=\"78\" srcset=\"https:\/\/senoticias.com.br\/se\/wp-content\/uploads\/2018\/01\/Logomarca-fone-SE-4-2.jpg 599w, https:\/\/senoticias.com.br\/se\/wp-content\/uploads\/2018\/01\/Logomarca-fone-SE-4-2-300x39.jpg 300w\" sizes=\"(max-width: 599px) 100vw, 599px\" \/><\/a><\/p>\n","protected":false},"excerpt":{"rendered":"<p>Os estudantes interessados em obter uma bolsa de estudos por meio do Programa Universidade para Todos (ProUni) j\u00e1 podem fazer sua inscri\u00e7\u00e3o na\u00a0p\u00e1gina\u00a0do programa na internet. O prazo para as inscri\u00e7\u00f5es come\u00e7a hoje (6) e vai\u00a0 at\u00e9 sexta-feira (9). O ProUni oferece bolsas de estudo integrais e parciais (50%) em institui\u00e7\u00f5es privadas de educa\u00e7\u00e3o superior, [&hellip;]<\/p>\n","protected":false},"author":2,"featured_media":100064,"comment_status":"closed","ping_status":"closed","sticky":false,"template":"","format":"standard","meta":{"footnotes":""},"categories":[44,8],"tags":[8609],"class_list":{"0":"post-110606","1":"post","2":"type-post","3":"status-publish","4":"format-standard","5":"has-post-thumbnail","7":"category-educacao","8":"category-esporte-e-cultura","9":"tag-prouni-abre-inscricoes-nesta-terca-feira"},"_links":{"self":[{"href":"https:\/\/senoticias.com.br\/se\/wp-json\/wp\/v2\/posts\/110606"}],"collection":[{"href":"https:\/\/senoticias.com.br\/se\/wp-json\/wp\/v2\/posts"}],"about":[{"href":"https:\/\/senoticias.com.br\/se\/wp-json\/wp\/v2\/types\/post"}],"author":[{"embeddable":true,"href":"https:\/\/senoticias.com.br\/se\/wp-json\/wp\/v2\/users\/2"}],"replies":[{"embeddable":true,"href":"https:\/\/senoticias.com.br\/se\/wp-json\/wp\/v2\/comments?post=110606"}],"version-history":[{"count":0,"href":"https:\/\/senoticias.com.br\/se\/wp-json\/wp\/v2\/posts\/110606\/revisions"}],"wp:featuredmedia":[{"embeddable":true,"href":"https:\/\/senoticias.com.br\/se\/wp-json\/wp\/v2\/media\/100064"}],"wp:attachment":[{"href":"https:\/\/senoticias.com.br\/se\/wp-json\/wp\/v2\/media?parent=110606"}],"wp:term":[{"taxonomy":"category","embeddable":true,"href":"https:\/\/senoticias.com.br\/se\/wp-json\/wp\/v2\/categories?post=110606"},{"taxonomy":"post_tag","embeddable":true,"href":"https:\/\/senoticias.com.br\/se\/wp-json\/wp\/v2\/tags?post=110606"}],"curies":[{"name":"wp","href":"https:\/\/api.w.org\/{rel}","templated":true}]}}