{"id":110603,"date":"2018-02-06T08:05:49","date_gmt":"2018-02-06T11:05:49","guid":{"rendered":"http:\/\/senoticias.com.br\/se\/?p=110603"},"modified":"2018-02-06T08:05:49","modified_gmt":"2018-02-06T11:05:49","slug":"luiz-fux-toma-posse-hoje-na-presidencia-do-tse","status":"publish","type":"post","link":"https:\/\/senoticias.com.br\/se\/luiz-fux-toma-posse-hoje-na-presidencia-do-tse\/","title":{"rendered":"Luiz Fux toma posse hoje na presid\u00eancia do TSE"},"content":{"rendered":"<p style=\"text-align: justify;\">O ministro do Supremo Tribunal Federal (STF), Luiz Fux, toma posse hoje (6) no cargo de presidente do Tribunal Superior Eleitoral (TSE). A cerim\u00f4nia est\u00e1 prevista para as 19h e dever\u00e1 contar com a presen\u00e7a do presidente Michel Temer e de autoridades do Legislativo e do Judici\u00e1rio.<\/p>\n<p style=\"text-align: justify;\">Fux ocupar\u00e1 a vaga deixada pelo ministro Gilmar Mendes, que completa o per\u00edodo m\u00e1ximo de dois anos no cargo. A vice-presid\u00eancia ser\u00e1 ocupada pela ministra Rosa Weber, que presidir\u00e1 as elei\u00e7\u00f5es de outubro. No dia 15 de agosto, Fux tamb\u00e9m completar\u00e1 o segundo bi\u00eanio e dever\u00e1 deixar o tribunal.<\/p>\n<div id=\"attachment_110605\" style=\"width: 590px\" class=\"wp-caption aligncenter\"><a href=\"http:\/\/senoticias.com.br\/se\/wp-content\/uploads\/2018\/02\/1056050-1-28-11-2016_dsc1123.jpg-Luiz-Fux-SE-Noticias.jpg\"><img loading=\"lazy\" decoding=\"async\" aria-describedby=\"caption-attachment-110605\" class=\"size-full wp-image-110605\" src=\"http:\/\/senoticias.com.br\/se\/wp-content\/uploads\/2018\/02\/1056050-1-28-11-2016_dsc1123.jpg-Luiz-Fux-SE-Noticias.jpg\" alt=\"O ministro Luiz Fux ocupar\u00e1 a vaga deixada por Gilmar Mendes - Fernando Fraz\u00e3o\/Arquivo Ag\u00eancia Brasil \" width=\"580\" height=\"388\" srcset=\"https:\/\/senoticias.com.br\/se\/wp-content\/uploads\/2018\/02\/1056050-1-28-11-2016_dsc1123.jpg-Luiz-Fux-SE-Noticias.jpg 580w, https:\/\/senoticias.com.br\/se\/wp-content\/uploads\/2018\/02\/1056050-1-28-11-2016_dsc1123.jpg-Luiz-Fux-SE-Noticias-300x201.jpg 300w, https:\/\/senoticias.com.br\/se\/wp-content\/uploads\/2018\/02\/1056050-1-28-11-2016_dsc1123.jpg-Luiz-Fux-SE-Noticias-90x60.jpg 90w, https:\/\/senoticias.com.br\/se\/wp-content\/uploads\/2018\/02\/1056050-1-28-11-2016_dsc1123.jpg-Luiz-Fux-SE-Noticias-180x120.jpg 180w, https:\/\/senoticias.com.br\/se\/wp-content\/uploads\/2018\/02\/1056050-1-28-11-2016_dsc1123.jpg-Luiz-Fux-SE-Noticias-95x64.jpg 95w\" sizes=\"(max-width: 580px) 100vw, 580px\" \/><\/a><p id=\"caption-attachment-110605\" class=\"wp-caption-text\">O ministro Luiz Fux ocupar\u00e1 a vaga deixada por Gilmar Mendes &#8211; Fernando Fraz\u00e3o\/Arquivo Ag\u00eancia Brasil<\/p><\/div>\n<p style=\"text-align: justify;\">Luiz Fux nasceu no Rio de Janeiro e formou-se em direito pela Universidade do Estado do Rio de Janeiro (Uerj). Ele foi o primeiro ministro do STF indicado pela ex-presidente Dilma Rousseff.<\/p>\n<p style=\"text-align: justify;\">O TSE \u00e9 composto por sete ministros. A presid\u00eancia \u00e9 ocupada por ordem de antiguidade entre os tr\u00eas ministros do STF que tamb\u00e9m comp\u00f5em o tribunal eleitoral. Dois ministros oriundos do Superior Tribunal de Justi\u00e7a (STJ) e dois membros da advocacia completam a composi\u00e7\u00e3o do TSE.<\/p>\n<p style=\"text-align: justify;\">Da Ag\u00eancia Brasil.<\/p>\n<p style=\"line-height: 14.25pt;\"><strong><span style=\"font-size: 10.0pt; font-family: 'Georgia','serif'; color: #333333;\">Acompanhe tamb\u00e9m o SE Not\u00edcias no<\/span><\/strong><span class=\"apple-converted-space\"><b><span style=\"font-size: 10.0pt; font-family: 'Georgia','serif'; color: #333333;\">\u00a0<\/span><\/b><\/span><a href=\"https:\/\/twitter.com\/Senoticias\" target=\"_blank\"><b><span style=\"font-size: 10.0pt; font-family: 'Georgia','serif';\">Twitter<\/span><\/b><\/a><strong><span style=\"font-size: 10.0pt; font-family: 'Georgia','serif'; color: #333333;\">,<\/span><\/strong><span class=\"apple-converted-space\"><b><span style=\"font-size: 10.0pt; font-family: 'Georgia','serif'; color: #333333;\">\u00a0<\/span><\/b><\/span><a href=\"https:\/\/www.facebook.com\/senoticias1\" target=\"_blank\"><b><span style=\"font-size: 10.0pt; font-family: 'Georgia','serif';\">Facebook<\/span><\/b><span class=\"apple-converted-space\"><b><span style=\"font-size: 10.0pt; font-family: 'Georgia','serif'; color: windowtext; text-decoration: none; text-underline: none;\">\u00a0<\/span><\/b><\/span><\/a><strong><span style=\"font-size: 10.0pt; font-family: 'Georgia','serif'; color: #333333;\">e no<\/span><\/strong><span class=\"apple-converted-space\"><b><span style=\"font-size: 10.0pt; font-family: 'Georgia','serif'; color: #333333;\">\u00a0<\/span><\/b><\/span><a href=\"https:\/\/www.instagram.com\/senoticias\/\" target=\"_blank\"><b><span style=\"font-size: 10.0pt; font-family: 'Georgia','serif';\">Instagram<\/span><\/b><\/a><strong><span style=\"font-size: 10.0pt; font-family: 'Georgia','serif'; color: #333333;\">.<\/span><\/strong><\/p>\n<p style=\"line-height: 14.25pt;\"><a href=\"http:\/\/senoticias.com.br\/se\/wp-content\/uploads\/2018\/01\/Logomarca-fone-SE-4-2.jpg\"><img loading=\"lazy\" decoding=\"async\" class=\"aligncenter size-full wp-image-110322\" src=\"http:\/\/senoticias.com.br\/se\/wp-content\/uploads\/2018\/01\/Logomarca-fone-SE-4-2.jpg\" alt=\"Logomarca-fone-SE-4\" width=\"599\" height=\"78\" srcset=\"https:\/\/senoticias.com.br\/se\/wp-content\/uploads\/2018\/01\/Logomarca-fone-SE-4-2.jpg 599w, https:\/\/senoticias.com.br\/se\/wp-content\/uploads\/2018\/01\/Logomarca-fone-SE-4-2-300x39.jpg 300w\" sizes=\"(max-width: 599px) 100vw, 599px\" \/><\/a><\/p>\n","protected":false},"excerpt":{"rendered":"<p>O ministro do Supremo Tribunal Federal (STF), Luiz Fux, toma posse hoje (6) no cargo de presidente do Tribunal Superior Eleitoral (TSE). A cerim\u00f4nia est\u00e1 prevista para as 19h e dever\u00e1 contar com a presen\u00e7a do presidente Michel Temer e de autoridades do Legislativo e do Judici\u00e1rio. Fux ocupar\u00e1 a vaga deixada pelo ministro Gilmar [&hellip;]<\/p>\n","protected":false},"author":2,"featured_media":110605,"comment_status":"closed","ping_status":"closed","sticky":false,"template":"","format":"standard","meta":{"footnotes":""},"categories":[6],"tags":[8608],"class_list":{"0":"post-110603","1":"post","2":"type-post","3":"status-publish","4":"format-standard","5":"has-post-thumbnail","7":"category-politica","8":"tag-luiz-fux-toma-posse-hoje-na-presidencia-do-tse"},"_links":{"self":[{"href":"https:\/\/senoticias.com.br\/se\/wp-json\/wp\/v2\/posts\/110603"}],"collection":[{"href":"https:\/\/senoticias.com.br\/se\/wp-json\/wp\/v2\/posts"}],"about":[{"href":"https:\/\/senoticias.com.br\/se\/wp-json\/wp\/v2\/types\/post"}],"author":[{"embeddable":true,"href":"https:\/\/senoticias.com.br\/se\/wp-json\/wp\/v2\/users\/2"}],"replies":[{"embeddable":true,"href":"https:\/\/senoticias.com.br\/se\/wp-json\/wp\/v2\/comments?post=110603"}],"version-history":[{"count":0,"href":"https:\/\/senoticias.com.br\/se\/wp-json\/wp\/v2\/posts\/110603\/revisions"}],"wp:featuredmedia":[{"embeddable":true,"href":"https:\/\/senoticias.com.br\/se\/wp-json\/wp\/v2\/media\/110605"}],"wp:attachment":[{"href":"https:\/\/senoticias.com.br\/se\/wp-json\/wp\/v2\/media?parent=110603"}],"wp:term":[{"taxonomy":"category","embeddable":true,"href":"https:\/\/senoticias.com.br\/se\/wp-json\/wp\/v2\/categories?post=110603"},{"taxonomy":"post_tag","embeddable":true,"href":"https:\/\/senoticias.com.br\/se\/wp-json\/wp\/v2\/tags?post=110603"}],"curies":[{"name":"wp","href":"https:\/\/api.w.org\/{rel}","templated":true}]}}