{"id":110600,"date":"2018-02-06T08:00:57","date_gmt":"2018-02-06T11:00:57","guid":{"rendered":"http:\/\/senoticias.com.br\/se\/?p=110600"},"modified":"2018-02-06T08:00:57","modified_gmt":"2018-02-06T11:00:57","slug":"gasolina-ficara-mais-cara-a-partir-de-hoje","status":"publish","type":"post","link":"https:\/\/senoticias.com.br\/se\/gasolina-ficara-mais-cara-a-partir-de-hoje\/","title":{"rendered":"Gasolina ficar\u00e1 mais cara a partir de hoje"},"content":{"rendered":"<p style=\"text-align: justify;\">A Petrobras reajustou os pre\u00e7os da gasolina para as distribuidoras em 0,5% e do diesel em 0,6%. O aumento vale a partir de hoje, 6. Esta foi a terceira corre\u00e7\u00e3o neste m\u00eas. A que entrou em vigor no s\u00e1bado, 3, teve os mesmos percentuais, e a que passou a valer na sexta-feira, 2, ficou em 0,8% para a gasolina.<\/p>\n<p style=\"text-align: justify;\">De acordo com a companhia, a pol\u00edtica de pre\u00e7os para a gasolina e para o diesel vendidos nas suas refinarias \u00e0s distribuidoras tem como base o pre\u00e7o de paridade de importa\u00e7\u00e3o, &#8220;que representa a alternativa de suprimento oferecido pelos nossos principais concorrentes para o mercado, na importa\u00e7\u00e3o do produto&#8221;.<\/p>\n<div id=\"attachment_86145\" style=\"width: 609px\" class=\"wp-caption aligncenter\"><a href=\"http:\/\/senoticias.com.br\/se\/wp-content\/uploads\/2015\/11\/grande-bomba_gasolina_11122014.jpg-e1495794929611.jpg\"><img loading=\"lazy\" decoding=\"async\" aria-describedby=\"caption-attachment-86145\" class=\"size-full wp-image-86145\" src=\"http:\/\/senoticias.com.br\/se\/wp-content\/uploads\/2015\/11\/grande-bomba_gasolina_11122014.jpg-e1495794929611.jpg\" alt=\"(Foto: divulga\u00e7\u00e3o) \" width=\"599\" height=\"398\" \/><\/a><p id=\"caption-attachment-86145\" class=\"wp-caption-text\">(Foto: divulga\u00e7\u00e3o)<\/p><\/div>\n<p style=\"text-align: justify;\">Somado a isso, a empresa informa na sua p\u00e1gina que \u00e9 avaliada a margem que considera \u201cos riscos inerentes \u00e0 atividade de importa\u00e7\u00e3o, como volatilidade da taxa de c\u00e2mbio e dos pre\u00e7os\u201d.<\/p>\n<p style=\"text-align: justify;\">Ainda na sua p\u00e1gina na internet, a Petrobras informa que, em busca de converg\u00eancia no curto prazo com a paridade do mercado internacional, analisa a sua participa\u00e7\u00e3o no mercado interno e avalia frequentemente se haver\u00e1 manuten\u00e7\u00e3o, redu\u00e7\u00e3o ou aumento nos pre\u00e7os praticados nas refinarias. \u201cSendo assim, os ajustes nos pre\u00e7os podem ser realizados a qualquer momento, inclusive diariamente\u201d, apontou.<\/p>\n<p style=\"text-align: justify;\"><em>Com informa\u00e7\u00f5es da Ag\u00eancia Brasil<\/em><\/p>\n<p style=\"line-height: 14.25pt;\"><strong><span style=\"font-size: 10.0pt; font-family: 'Georgia','serif'; color: #333333;\">Acompanhe tamb\u00e9m o SE Not\u00edcias no<\/span><\/strong><span class=\"apple-converted-space\"><b><span style=\"font-size: 10.0pt; font-family: 'Georgia','serif'; color: #333333;\">\u00a0<\/span><\/b><\/span><a href=\"https:\/\/twitter.com\/Senoticias\" target=\"_blank\"><b><span style=\"font-size: 10.0pt; font-family: 'Georgia','serif';\">Twitter<\/span><\/b><\/a><strong><span style=\"font-size: 10.0pt; font-family: 'Georgia','serif'; color: #333333;\">,<\/span><\/strong><span class=\"apple-converted-space\"><b><span style=\"font-size: 10.0pt; font-family: 'Georgia','serif'; color: #333333;\">\u00a0<\/span><\/b><\/span><a href=\"https:\/\/www.facebook.com\/senoticias1\" target=\"_blank\"><b><span style=\"font-size: 10.0pt; font-family: 'Georgia','serif';\">Facebook<\/span><\/b><span class=\"apple-converted-space\"><b><span style=\"font-size: 10.0pt; font-family: 'Georgia','serif'; color: windowtext; text-decoration: none; text-underline: none;\">\u00a0<\/span><\/b><\/span><\/a><strong><span style=\"font-size: 10.0pt; font-family: 'Georgia','serif'; color: #333333;\">e no<\/span><\/strong><span class=\"apple-converted-space\"><b><span style=\"font-size: 10.0pt; font-family: 'Georgia','serif'; color: #333333;\">\u00a0<\/span><\/b><\/span><a href=\"https:\/\/www.instagram.com\/senoticias\/\" target=\"_blank\"><b><span style=\"font-size: 10.0pt; font-family: 'Georgia','serif';\">Instagram<\/span><\/b><\/a><strong><span style=\"font-size: 10.0pt; font-family: 'Georgia','serif'; color: #333333;\">.<\/span><\/strong><\/p>\n<p style=\"line-height: 14.25pt;\"><a href=\"http:\/\/senoticias.com.br\/se\/wp-content\/uploads\/2018\/01\/Logomarca-fone-SE-4-2.jpg\"><img loading=\"lazy\" decoding=\"async\" class=\"aligncenter size-full wp-image-110322\" src=\"http:\/\/senoticias.com.br\/se\/wp-content\/uploads\/2018\/01\/Logomarca-fone-SE-4-2.jpg\" alt=\"Logomarca-fone-SE-4\" width=\"599\" height=\"78\" srcset=\"https:\/\/senoticias.com.br\/se\/wp-content\/uploads\/2018\/01\/Logomarca-fone-SE-4-2.jpg 599w, https:\/\/senoticias.com.br\/se\/wp-content\/uploads\/2018\/01\/Logomarca-fone-SE-4-2-300x39.jpg 300w\" sizes=\"(max-width: 599px) 100vw, 599px\" \/><\/a><\/p>\n","protected":false},"excerpt":{"rendered":"<p>A Petrobras reajustou os pre\u00e7os da gasolina para as distribuidoras em 0,5% e do diesel em 0,6%. O aumento vale a partir de hoje, 6. Esta foi a terceira corre\u00e7\u00e3o neste m\u00eas. A que entrou em vigor no s\u00e1bado, 3, teve os mesmos percentuais, e a que passou a valer na sexta-feira, 2, ficou em [&hellip;]<\/p>\n","protected":false},"author":2,"featured_media":86145,"comment_status":"closed","ping_status":"closed","sticky":false,"template":"","format":"standard","meta":{"footnotes":""},"categories":[2961],"tags":[8603],"class_list":{"0":"post-110600","1":"post","2":"type-post","3":"status-publish","4":"format-standard","5":"has-post-thumbnail","7":"category-nacional","8":"tag-gasolina-ficara-mais-cara-a-partir-de-hoje"},"_links":{"self":[{"href":"https:\/\/senoticias.com.br\/se\/wp-json\/wp\/v2\/posts\/110600"}],"collection":[{"href":"https:\/\/senoticias.com.br\/se\/wp-json\/wp\/v2\/posts"}],"about":[{"href":"https:\/\/senoticias.com.br\/se\/wp-json\/wp\/v2\/types\/post"}],"author":[{"embeddable":true,"href":"https:\/\/senoticias.com.br\/se\/wp-json\/wp\/v2\/users\/2"}],"replies":[{"embeddable":true,"href":"https:\/\/senoticias.com.br\/se\/wp-json\/wp\/v2\/comments?post=110600"}],"version-history":[{"count":0,"href":"https:\/\/senoticias.com.br\/se\/wp-json\/wp\/v2\/posts\/110600\/revisions"}],"wp:featuredmedia":[{"embeddable":true,"href":"https:\/\/senoticias.com.br\/se\/wp-json\/wp\/v2\/media\/86145"}],"wp:attachment":[{"href":"https:\/\/senoticias.com.br\/se\/wp-json\/wp\/v2\/media?parent=110600"}],"wp:term":[{"taxonomy":"category","embeddable":true,"href":"https:\/\/senoticias.com.br\/se\/wp-json\/wp\/v2\/categories?post=110600"},{"taxonomy":"post_tag","embeddable":true,"href":"https:\/\/senoticias.com.br\/se\/wp-json\/wp\/v2\/tags?post=110600"}],"curies":[{"name":"wp","href":"https:\/\/api.w.org\/{rel}","templated":true}]}}