{"id":110596,"date":"2018-02-06T07:43:26","date_gmt":"2018-02-06T10:43:26","guid":{"rendered":"http:\/\/senoticias.com.br\/se\/?p=110596"},"modified":"2018-02-06T08:12:21","modified_gmt":"2018-02-06T11:12:21","slug":"secretaria-de-estado-orienta-primatas-mortos-nem-sempre-trazem-evidencias-de-febre-amarela","status":"publish","type":"post","link":"https:\/\/senoticias.com.br\/se\/secretaria-de-estado-orienta-primatas-mortos-nem-sempre-trazem-evidencias-de-febre-amarela\/","title":{"rendered":"Primatas mortos nem sempre trazem evid\u00eancias de febre amarela"},"content":{"rendered":"<p style=\"text-align: justify;\">Mesmo com registros relacionados \u00e0 febre amarela em alguns estados brasileiros, o governo de Sergipe, atrav\u00e9s da Secretaria de Estado da Sa\u00fade (SES), reafirma a inexist\u00eancia de casos da doen\u00e7a no territ\u00f3rio sergipano. Al\u00e9m disso, esclarece que a morte de primatas n\u00e3o humanos nem sempre est\u00e1 associada \u00e0 exist\u00eancia desses registros, mas, caso ocorra em grande n\u00famero, serve de alerta para que os \u00f3rg\u00e3os competentes investiguem os registros da doen\u00e7a em cada localidade.<\/p>\n<p style=\"text-align: justify;\">Al\u00e9m de prejudicar a identifica\u00e7\u00e3o das poss\u00edveis\u00a0\u00e1reas de presen\u00e7a do v\u00edrus &#8211; o que facilita o planejamento e a\u00e7\u00f5es dos \u00f3rg\u00e3os p\u00fablicos para imuniza\u00e7\u00e3o da popula\u00e7\u00e3o-,\u00a0matar ou agredir macacos, ou qualquer outro animal, \u00e9 crime. O ato il\u00edcito est\u00e1 previsto no artigo 32 da Lei de Crimes Ambientais (9605\/98). A pena prevista \u00e9 de tr\u00eas meses a um ano de pris\u00e3o, al\u00e9m do pagamento de uma multa. Em caso de morte do animal, a puni\u00e7\u00e3o \u00e9 aumentada de 1\/6 a 1\/3.<\/p>\n<div id=\"attachment_110597\" style=\"width: 606px\" class=\"wp-caption aligncenter\"><a href=\"http:\/\/senoticias.com.br\/se\/wp-content\/uploads\/2018\/02\/Febre-Amarela-SE-Noticias-e1517913721943.jpeg\"><img loading=\"lazy\" decoding=\"async\" aria-describedby=\"caption-attachment-110597\" class=\"size-full wp-image-110597\" src=\"http:\/\/senoticias.com.br\/se\/wp-content\/uploads\/2018\/02\/Febre-Amarela-SE-Noticias-e1517913721943.jpeg\" alt=\"Imagem: SES\" width=\"596\" height=\"397\" \/><\/a><p id=\"caption-attachment-110597\" class=\"wp-caption-text\">Imagem: SES<\/p><\/div>\n<p style=\"text-align: justify;\">Segundo a gerente do N\u00facleo de Endemias da SES, Sidney S\u00e1, o macaco \u00e9 v\u00edtima da febre amarela, assim como o indiv\u00edduo que contraiu o v\u00edrus da doen\u00e7a, sendo que o principal transmissor desse v\u00edrus, em \u00e1reas silvestres, \u00e9 o mosquito do g\u00eanero Haemagogus. Na \u00e1rea urbana, o principal transmissor \u00e9 o do g\u00eanero Aedes, ou seja, tanto o Aedes aegypti, quanto o Aedes albopictus.<\/p>\n<p style=\"text-align: justify;\">\u201cO primata n\u00e3o \u00e9 transmissor dessa arbovirose. Ele \u00e9 um hospedeiro desse v\u00edrus. Quem transmite a doen\u00e7a para o ser humano ou para o macaco \u00e9 o pr\u00f3prio mosquito, considerando que todos os casos da doen\u00e7a registrados no Brasil, na atualidade, est\u00e3o ligados \u00e0 proced\u00eancia silvestre do tal mosquito\u201d, esclareceu Sidney S\u00e1.<\/p>\n<p style=\"text-align: justify;\"><strong>Como proceder<\/strong><\/p>\n<p style=\"text-align: justify;\">Sergipe nunca registrou casos de febre amarela, seja em indiv\u00edduos ou mesmo em primatas n\u00e3o humanos, que acabam por se comportar como animais sentinela. Quando um cidad\u00e3o encontra um animal desse morto \u00e9 importante que a secretaria municipal da sa\u00fade dessa localidade seja informada imediatamente, para que todas as medidas cab\u00edveis sejam tomadas. O indiv\u00edduo tamb\u00e9m pode acionar a SES ou mesmo a Empresa de Desenvolvimento Agropecu\u00e1rio de Sergipe (Emdagro).<\/p>\n<p style=\"text-align: justify;\">A identifica\u00e7\u00e3o de macacos mortos e o consequente acionamento dos \u00f3rg\u00e3os respons\u00e1veis diante do fato \u00e9 tarefa de todos, especialmente da popula\u00e7\u00e3o. O prazo m\u00e1ximo de seis horas ap\u00f3s a morte do macaco deve ser respeitado, a fim de que amostras de sangue e de v\u00edsceras desse animal sejam coletadas pelos \u00f3rg\u00e3os competentes e enviadas ao Laborat\u00f3rio Central de Sa\u00fade do Estado de Sergipe (Lacen), da\u00ed a import\u00e2ncia de ser imediata a notifica\u00e7\u00e3o do primata morto. O Lacen, por sua vez, encaminha tais amostras para o laborat\u00f3rio refer\u00eancia Adolfo Lutz, localizado no estado do Par\u00e1.<\/p>\n<p style=\"text-align: justify;\">\u201cA secretaria municipal de sa\u00fade em quest\u00e3o tamb\u00e9m deve ser informada se o animal for encontrado em estado de decomposi\u00e7\u00e3o. Enquanto houver condi\u00e7\u00f5es, se a ideia for armazenar o macaco para que seja entregue ao \u00f3rg\u00e3o competente, n\u00e3o h\u00e1 preocupa\u00e7\u00f5es quanto \u00e0 transmiss\u00e3o da febre amarela, mas \u00e9 preciso manter, pelo menos, cuidados com as m\u00e3os durante o manuseio, visto que o animal pode trazer consigo outros v\u00edrus, de outras zoonoses, a exemplo da raiva\u201d, orientou a gerente.<\/p>\n<p style=\"text-align: justify;\"><strong>Servi\u00e7os dispon\u00edveis<\/strong><\/p>\n<p style=\"text-align: justify;\">Na aus\u00eancia de procedimentos quanto ao animal morto junto \u00e0 secretaria municipal de sa\u00fade da localidade, o cidad\u00e3o pode contatar a SES, que mant\u00e9m seus profissionais em observa\u00e7\u00e3o para quaisquer casos suspeitos. Nesse caso, o fato deve ser informado ao Centro de Informa\u00e7\u00e3o Estrat\u00e9gica em Vigil\u00e2ncia em Sa\u00fade no Estado de Sergipe (CIEVS-SE), atrav\u00e9s do telefone 0800-282-282-2 ou do e-mail notifica@saude.se.gov.br. Se preferir, o cidad\u00e3o pode entrar em contato diretamente com o N\u00facleo de Endemias da SES, atrav\u00e9s do (79) 3226 8323.<\/p>\n<p style=\"line-height: 14.25pt;\"><span style=\"font-size: 12pt;\"><em><strong><span style=\"font-family: Georgia, serif; color: #333333;\">Acompanhe tamb\u00e9m o SE Not\u00edcias no<\/span><\/strong><span class=\"apple-converted-space\"><b><span style=\"font-family: Georgia, serif; color: #333333;\">\u00a0<\/span><\/b><\/span><a href=\"https:\/\/twitter.com\/Senoticias\" target=\"_blank\"><b><span style=\"font-family: Georgia, serif;\">Twitter<\/span><\/b><\/a><strong><span style=\"font-family: Georgia, serif; color: #333333;\">,<\/span><\/strong><span class=\"apple-converted-space\"><b><span style=\"font-family: Georgia, serif; color: #333333;\">\u00a0<\/span><\/b><\/span><a href=\"https:\/\/www.facebook.com\/senoticias1\" target=\"_blank\"><b><span style=\"font-family: Georgia, serif;\">Facebook<\/span><\/b><span class=\"apple-converted-space\"><b><span style=\"font-family: Georgia, serif; color: windowtext; text-decoration: none;\">\u00a0<\/span><\/b><\/span><\/a><strong><span style=\"font-family: Georgia, serif; color: #333333;\">e no<\/span><\/strong><span class=\"apple-converted-space\"><b><span style=\"font-family: Georgia, serif; color: #333333;\">\u00a0<\/span><\/b><\/span><a href=\"https:\/\/www.instagram.com\/senoticias\/\" target=\"_blank\"><b><span style=\"font-family: Georgia, serif;\">Instagram<\/span><\/b><\/a><\/em><\/span><\/p>\n<p style=\"line-height: 14.25pt;\"><a href=\"http:\/\/senoticias.com.br\/se\/wp-content\/uploads\/2018\/01\/Logomarca-fone-SE-4-2.jpg\"><img loading=\"lazy\" decoding=\"async\" class=\"aligncenter size-full wp-image-110322\" src=\"http:\/\/senoticias.com.br\/se\/wp-content\/uploads\/2018\/01\/Logomarca-fone-SE-4-2.jpg\" alt=\"Logomarca-fone-SE-4\" width=\"599\" height=\"78\" srcset=\"https:\/\/senoticias.com.br\/se\/wp-content\/uploads\/2018\/01\/Logomarca-fone-SE-4-2.jpg 599w, https:\/\/senoticias.com.br\/se\/wp-content\/uploads\/2018\/01\/Logomarca-fone-SE-4-2-300x39.jpg 300w\" sizes=\"(max-width: 599px) 100vw, 599px\" \/><\/a><\/p>\n<p style=\"line-height: 14.25pt;\"><em>Ag\u00eancia Sergipe de Not\u00edcias<\/em><\/p>\n","protected":false},"excerpt":{"rendered":"<p>Mesmo com registros relacionados \u00e0 febre amarela em alguns estados brasileiros, o governo de Sergipe, atrav\u00e9s da Secretaria de Estado da Sa\u00fade (SES), reafirma a inexist\u00eancia de casos da doen\u00e7a no territ\u00f3rio sergipano. Al\u00e9m disso, esclarece que a morte de primatas n\u00e3o humanos nem sempre est\u00e1 associada \u00e0 exist\u00eancia desses registros, mas, caso ocorra em [&hellip;]<\/p>\n","protected":false},"author":2,"featured_media":110597,"comment_status":"closed","ping_status":"closed","sticky":false,"template":"","format":"standard","meta":{"footnotes":""},"categories":[8],"tags":[8607,8606,8605,8604],"class_list":{"0":"post-110596","1":"post","2":"type-post","3":"status-publish","4":"format-standard","5":"has-post-thumbnail","7":"category-esporte-e-cultura","8":"tag-endemias","9":"tag-frebre-amarela","10":"tag-macacos","11":"tag-primatas"},"_links":{"self":[{"href":"https:\/\/senoticias.com.br\/se\/wp-json\/wp\/v2\/posts\/110596"}],"collection":[{"href":"https:\/\/senoticias.com.br\/se\/wp-json\/wp\/v2\/posts"}],"about":[{"href":"https:\/\/senoticias.com.br\/se\/wp-json\/wp\/v2\/types\/post"}],"author":[{"embeddable":true,"href":"https:\/\/senoticias.com.br\/se\/wp-json\/wp\/v2\/users\/2"}],"replies":[{"embeddable":true,"href":"https:\/\/senoticias.com.br\/se\/wp-json\/wp\/v2\/comments?post=110596"}],"version-history":[{"count":0,"href":"https:\/\/senoticias.com.br\/se\/wp-json\/wp\/v2\/posts\/110596\/revisions"}],"wp:featuredmedia":[{"embeddable":true,"href":"https:\/\/senoticias.com.br\/se\/wp-json\/wp\/v2\/media\/110597"}],"wp:attachment":[{"href":"https:\/\/senoticias.com.br\/se\/wp-json\/wp\/v2\/media?parent=110596"}],"wp:term":[{"taxonomy":"category","embeddable":true,"href":"https:\/\/senoticias.com.br\/se\/wp-json\/wp\/v2\/categories?post=110596"},{"taxonomy":"post_tag","embeddable":true,"href":"https:\/\/senoticias.com.br\/se\/wp-json\/wp\/v2\/tags?post=110596"}],"curies":[{"name":"wp","href":"https:\/\/api.w.org\/{rel}","templated":true}]}}