{"id":110594,"date":"2018-02-06T07:36:06","date_gmt":"2018-02-06T10:36:06","guid":{"rendered":"http:\/\/senoticias.com.br\/se\/?p=110594"},"modified":"2018-02-06T08:41:08","modified_gmt":"2018-02-06T11:41:08","slug":"belivaldo-participa-da-solenidade-de-posse-da-nova-diretoria-da-amase","status":"publish","type":"post","link":"https:\/\/senoticias.com.br\/se\/belivaldo-participa-da-solenidade-de-posse-da-nova-diretoria-da-amase\/","title":{"rendered":"Belivaldo participa da solenidade de posse da nova diretoria da AMASE"},"content":{"rendered":"<p style=\"text-align: justify;\">Na tarde desta segunda-feira (05), representando o governador Jackson Barreto, o vice-governador Belivaldo Chagas, participou da solenidade de posse da nova diretoria da AMASE &#8211; Associa\u00e7\u00e3o dos Magistrados de Sergipe. Eleita para o bi\u00eanio 2018\/2019, a nova diretoria tem como presidente\u00a0o magistrado Marcos Oliveira Pinto, que substitui Dr. Ant\u00f4nio Henrique Almeida Santos.<\/p>\n<p style=\"text-align: justify;\">Antes de assumir a presid\u00eancia da Associa\u00e7\u00e3o dos Magistrados, Dr. Marcos de Oliveira Pinto foi Secret\u00e1rio-Geral da AMASE, al\u00e9m de ser coordenador da p\u00f3s-gradua\u00e7\u00e3o da Escola Judicial de Sergipe \u2013 EJUSE &#8211; e membro do Conselho Administrativo da EJUSE. Atualmente \u00e9 juiz da 12\u00aa Vara C\u00edvel do Tribunal de Justi\u00e7a do Estado de Sergipe.<\/p>\n<div id=\"attachment_110595\" style=\"width: 606px\" class=\"wp-caption aligncenter\"><a href=\"http:\/\/senoticias.com.br\/se\/wp-content\/uploads\/2018\/02\/Belivaldo-Amase-SE-Noticias-e1517913157824.jpg\"><img loading=\"lazy\" decoding=\"async\" aria-describedby=\"caption-attachment-110595\" class=\"size-full wp-image-110595\" src=\"http:\/\/senoticias.com.br\/se\/wp-content\/uploads\/2018\/02\/Belivaldo-Amase-SE-Noticias-e1517913157824.jpg\" alt=\"Nova diretoria da AMASE, para o bi\u00eanio 2018\/2019, tem como presidente o juiz Marcos de Oliveira Pinto \u2013 Foto: Andre Moreira\/ASN\" width=\"596\" height=\"397\" \/><\/a><p id=\"caption-attachment-110595\" class=\"wp-caption-text\">Belivaldo Chagas participa da nova diretoria da AMASE (foto: Andre Moreira\/ASN)<\/p><\/div>\n<p style=\"text-align: justify;\">Para o vice-governador, o momento \u00e9 um passo importante para a magistratura no Estado. \u201cTrata-se de uma entidade que representa os ju\u00edzes e que priva pela cultura do Direito de um modo geral, e n\u00e3o poder\u00edamos deixar de fazer presente \u2013 representando o governador, bem como o Governo do Estado -, neste momento t\u00e3o especial e importante para todos os magistrados\u201d.<\/p>\n<p style=\"text-align: justify;\">Al\u00e9m do novo presidente, completam o quadro da nova diretoria os magistrados: Gustavo Adolfo Plech Pereira \u2013 Vice-Presidente; Roberto Alc\u00e2ntara de Oliveira Ara\u00fajo \u2013 Vice-Presidente \u2013Secret\u00e1rio Geral; Di\u00f3genes Barreto (Desembargador) \u2013 Vice-Presidente de Patrim\u00f4nio e Finan\u00e7as; e Dauqu\u00edria de Melo Ferreira &#8211; Vice-Presidente de Rela\u00e7\u00f5es Institucionais.<\/p>\n<p style=\"text-align: justify;\">Na solenidade, ainda tomaram posse aos membros do Conselho Consultivo e de Defesa das Prerrogativas da Magistratura, os ju\u00edzes Henrique Gaspar Mello de Mendon\u00e7a, Cl\u00e1udia do Esp\u00edrito Santo e Karyna Torres Gouveia Marroquim Abdala.<\/p>\n<p style=\"text-align: justify;\"><strong>Uni\u00e3o da magistratura<\/strong><\/p>\n<p style=\"text-align: justify;\">Em seu discurso de posse, o presidente destacou os principais objetivos que nortear\u00e3o as a\u00e7\u00f5es da nova diretoria. \u201cSoma-se ainda, a realiza\u00e7\u00e3o de uma gest\u00e3o associativa transparente e participativa, ainda mais no momento atual, em que a uni\u00e3o \u00e9 o caminho a ser percorrido. Frentes aos ataques permanentes, mentirosos e desonestos, que se projetam sobre a magistratura, tanto em quest\u00f5es locais, como em problem\u00e1ticas nacionais\u201d, destacou.<\/p>\n<p style=\"text-align: justify;\">Os ataques sofridos pela magistratura, aos quais se refere o juiz Marcos Pinto, tamb\u00e9m foram pontuados pelo seu antecessor, o juiz Ant\u00f4nio Henrique Almeida santos. \u201cN\u00e3o \u00e9 f\u00e1cil representar uma classe como a nossa, especialmente em um momento em que, infelizmente, a magistratura vem sendo t\u00e3o atacada de todas as formas. Ao mesmo tempo que \u00e9 dif\u00edcil, percebo que todos esses ataques que n\u00f3s viemos sendo v\u00edtimas, eles demonstram a grandiosidade da magistratura e do Poder Judici\u00e1rio brasileiro, pois o que se consegue atingir na magistratura diante dessa crise, s\u00e3o coisas de menor import\u00e2ncia. Um sinal de que a magistratura segue firme e forte na realiza\u00e7\u00e3o de sua miss\u00e3o\u201d.<\/p>\n<p style=\"text-align: justify;\">E diante de um cen\u00e1rio desafiador para a magistratura, o presidente da Associa\u00e7\u00e3o dos Magistrados do Brasil \u2013 AMB -, Jaime Martins de Oliveira Neto, fez um pedido importante. \u201cO momento atual \u00e9 dif\u00edcil n\u00e3o s\u00f3 para a magistratura, mas para o pa\u00eds. Se eu pudesse fazer um pedido ou deixar uma mensagem, seria pedir uni\u00e3o. A magistratura precisa se unir, ter a consci\u00eancia de que nas diverg\u00eancias n\u00f3s precisamos caminhar juntos. Tamb\u00e9m \u00e9 preciso di\u00e1logo com as demais institui\u00e7\u00f5es, \u00e9 imprescind\u00edvel o di\u00e1logo com o Parlamento, o Legislativo e com o Poder Executivo\u201d.<\/p>\n<p style=\"text-align: justify;\"><strong>A AMASE<\/strong><\/p>\n<p style=\"text-align: justify;\">Fundada em 31 de julho de 1972, a Associa\u00e7\u00e3o dos Magistrados de Sergipe \u2013 AMASE -, tem como prop\u00f3sito, promover e estreitar a uni\u00e3o entre os ju\u00edzes de todas as inst\u00e2ncias do Estado de Sergipe, estimulando a cultura do Direito e o aprimoramento da fun\u00e7\u00e3o judicante.<\/p>\n<p style=\"text-align: justify;\"><strong>Presen\u00e7as<\/strong><\/p>\n<p style=\"text-align: justify;\">Estiveram presentes na composi\u00e7\u00e3o da mesa: Desembargador Cez\u00e1rio Siqueira Neto \u2013 presidente do Tribunal de Justi\u00e7a; Deputado Garibalde Mendon\u00e7a \u2013 vice-presidente da Assembleia Legislativa do Estado; Desembargador Di\u00f3genes Barreto \u2013 vice-presidente do Tribunal Regional Eleitoral; Eduardo Barreto D\u2019\u00c1vila Fontes \u2013 procurador \u2013geral de Justi\u00e7a do Estado de Sergipe (em exerc\u00edcio); Henry Clay Santos Andrade \u2013 presidente da OAB\/SE; Jos\u00e9 Leonel \u2013 Defensor p\u00fablico Geral do Estado de Sergipe (em exerc\u00edcio); Fl\u00e1via Pessoa \u2013 presidente da Associa\u00e7\u00e3o dos Magistrados do Trabalho da 20\u00aa regi\u00e3o; Jarbas Adelino Santos J\u00fanior \u2013 presidente da Associa\u00e7\u00e3o Sergipana do Minist\u00e9rio P\u00fablico ; Ermelino Costa Cerqueira \u2013 presidente da Associa\u00e7\u00e3o dos Defensores P\u00fablicos do Estado de Sergipe; Jos\u00e9 Arimateia Neves Costa \u2013 presidente da Associa\u00e7\u00e3o Mato-grossense de Magistrados; Ramon T\u00e1ssio de Oliveira \u2013 desembargador do Tribunal de Justi\u00e7a de Minas Gerais.<\/p>\n<p style=\"text-align: justify;\">Tamb\u00e9m marcaram presen\u00e7a o Deputado Estadual Capit\u00e3o Samuel; Maria Aparecida Santos Gama da Silva \u2013 procuradora-geral do Estado; Aerton Menezes Silva \u2013 vice-presidente da Associa\u00e7\u00e3o dos Procuradores do Estado de Sergipe e Marcony Cabral Santos \u2013 comandante geral da Pol\u00edcia Militar.<\/p>\n<p style=\"text-align: justify;\">\n<p style=\"line-height: 14.25pt;\"><span style=\"font-size: 12pt;\"><em><strong><span style=\"font-family: Georgia, serif; color: #333333;\">Acompanhe tamb\u00e9m o SE Not\u00edcias no<\/span><\/strong><span class=\"apple-converted-space\"><b><span style=\"font-family: Georgia, serif; color: #333333;\">\u00a0<\/span><\/b><\/span><a href=\"https:\/\/twitter.com\/Senoticias\" target=\"_blank\"><b><span style=\"font-family: Georgia, serif;\">Twitter<\/span><\/b><\/a><strong><span style=\"font-family: Georgia, serif; color: #333333;\">,<\/span><\/strong><span class=\"apple-converted-space\"><b><span style=\"font-family: Georgia, serif; color: #333333;\">\u00a0<\/span><\/b><\/span><a href=\"https:\/\/www.facebook.com\/senoticias1\" target=\"_blank\"><b><span style=\"font-family: Georgia, serif;\">Facebook<\/span><\/b><span class=\"apple-converted-space\"><b><span style=\"font-family: Georgia, serif; color: windowtext; text-decoration: none;\">\u00a0<\/span><\/b><\/span><\/a><strong><span style=\"font-family: Georgia, serif; color: #333333;\">e no<\/span><\/strong><span class=\"apple-converted-space\"><b><span style=\"font-family: Georgia, serif; color: #333333;\">\u00a0<\/span><\/b><\/span><a href=\"https:\/\/www.instagram.com\/senoticias\/\" target=\"_blank\"><b><span style=\"font-family: Georgia, serif;\">Instagram<\/span><\/b><\/a><\/em><\/span><\/p>\n<p style=\"line-height: 14.25pt;\">\n<p style=\"line-height: 14.25pt;\"><a href=\"http:\/\/senoticias.com.br\/se\/wp-content\/uploads\/2018\/01\/Logomarca-fone-SE-4-2.jpg\"><img loading=\"lazy\" decoding=\"async\" class=\"aligncenter size-full wp-image-110322\" src=\"http:\/\/senoticias.com.br\/se\/wp-content\/uploads\/2018\/01\/Logomarca-fone-SE-4-2.jpg\" alt=\"Logomarca-fone-SE-4\" width=\"599\" height=\"78\" srcset=\"https:\/\/senoticias.com.br\/se\/wp-content\/uploads\/2018\/01\/Logomarca-fone-SE-4-2.jpg 599w, https:\/\/senoticias.com.br\/se\/wp-content\/uploads\/2018\/01\/Logomarca-fone-SE-4-2-300x39.jpg 300w\" sizes=\"(max-width: 599px) 100vw, 599px\" \/><\/a><\/p>\n<p style=\"line-height: 14.25pt;\">\n<p style=\"line-height: 14.25pt;\"><em>Ag\u00eancia Sergipe de Not\u00edcias<\/em><\/p>\n","protected":false},"excerpt":{"rendered":"<p>Na tarde desta segunda-feira (05), representando o governador Jackson Barreto, o vice-governador Belivaldo Chagas, participou da solenidade de posse da nova diretoria da AMASE &#8211; Associa\u00e7\u00e3o dos Magistrados de Sergipe. Eleita para o bi\u00eanio 2018\/2019, a nova diretoria tem como presidente\u00a0o magistrado Marcos Oliveira Pinto, que substitui Dr. Ant\u00f4nio Henrique Almeida Santos. Antes de assumir [&hellip;]<\/p>\n","protected":false},"author":2,"featured_media":110595,"comment_status":"closed","ping_status":"closed","sticky":false,"template":"","format":"standard","meta":{"footnotes":""},"categories":[6],"tags":[8599],"class_list":{"0":"post-110594","1":"post","2":"type-post","3":"status-publish","4":"format-standard","5":"has-post-thumbnail","7":"category-politica","8":"tag-belivaldo-participa-da-solenidade-de-posse-da-nova-diretoria-da-amase"},"_links":{"self":[{"href":"https:\/\/senoticias.com.br\/se\/wp-json\/wp\/v2\/posts\/110594"}],"collection":[{"href":"https:\/\/senoticias.com.br\/se\/wp-json\/wp\/v2\/posts"}],"about":[{"href":"https:\/\/senoticias.com.br\/se\/wp-json\/wp\/v2\/types\/post"}],"author":[{"embeddable":true,"href":"https:\/\/senoticias.com.br\/se\/wp-json\/wp\/v2\/users\/2"}],"replies":[{"embeddable":true,"href":"https:\/\/senoticias.com.br\/se\/wp-json\/wp\/v2\/comments?post=110594"}],"version-history":[{"count":0,"href":"https:\/\/senoticias.com.br\/se\/wp-json\/wp\/v2\/posts\/110594\/revisions"}],"wp:featuredmedia":[{"embeddable":true,"href":"https:\/\/senoticias.com.br\/se\/wp-json\/wp\/v2\/media\/110595"}],"wp:attachment":[{"href":"https:\/\/senoticias.com.br\/se\/wp-json\/wp\/v2\/media?parent=110594"}],"wp:term":[{"taxonomy":"category","embeddable":true,"href":"https:\/\/senoticias.com.br\/se\/wp-json\/wp\/v2\/categories?post=110594"},{"taxonomy":"post_tag","embeddable":true,"href":"https:\/\/senoticias.com.br\/se\/wp-json\/wp\/v2\/tags?post=110594"}],"curies":[{"name":"wp","href":"https:\/\/api.w.org\/{rel}","templated":true}]}}