{"id":110548,"date":"2018-02-04T18:42:06","date_gmt":"2018-02-04T21:42:06","guid":{"rendered":"http:\/\/senoticias.com.br\/se\/?p=110548"},"modified":"2018-02-04T18:42:06","modified_gmt":"2018-02-04T21:42:06","slug":"desconhecidos-atiram-contra-viatura-do-instituto-de-criminalistica-da-policia-civil","status":"publish","type":"post","link":"https:\/\/senoticias.com.br\/se\/desconhecidos-atiram-contra-viatura-do-instituto-de-criminalistica-da-policia-civil\/","title":{"rendered":"Desconhecidos atiram contra viatura do Instituto de Criminal\u00edstica da Pol\u00edcia Civil"},"content":{"rendered":"<div class=\"mc-column content-text active-extra-styles active-capital-letter\" data-block-type=\"unstyled\" data-block-weight=\"47\" data-block-id=\"2\">\n<p class=\"content-text__container theme-color-primary-first-letter\" style=\"text-align: justify;\" data-track-category=\"Link no Texto\" data-track-links=\"\">Homens armados efetuaram tiros contra a caminhonete do Instituto de Criminal\u00edstica da Pol\u00edcia Civil na manh\u00e3 deste domingo (4). O caso aconteceu na altura do Povoado Pedra Branca, em Laranjeiras (SE), no momento que o ve\u00edculo seguia para atender uma ocorr\u00eancia de homic\u00eddio no munic\u00edpio de Ne\u00f3polis.<\/p>\n<div id=\"attachment_110549\" style=\"width: 609px\" class=\"wp-caption aligncenter\"><a href=\"http:\/\/senoticias.com.br\/se\/wp-content\/uploads\/2018\/02\/viaturatirocriminalistica-e1517780081600.jpg\"><img loading=\"lazy\" decoding=\"async\" aria-describedby=\"caption-attachment-110549\" class=\"size-full wp-image-110549\" src=\"http:\/\/senoticias.com.br\/se\/wp-content\/uploads\/2018\/02\/viaturatirocriminalistica-e1517780081600.jpg\" alt=\"Bala atingiu parte traseira da viatura do Instituto de Criminal\u00edstica (Foto: Reprodu\u00e7\u00e3o\/TV Sergipe)\" width=\"599\" height=\"375\" \/><\/a><p id=\"caption-attachment-110549\" class=\"wp-caption-text\">Proj\u00e9til\u00a0\u00a0atingiu parte traseira da viatura do Instituto de Criminal\u00edstica (foto: reprodu\u00e7\u00e3o\/TV Sergipe)<\/p><\/div>\n<\/div>\n<div class=\"mc-column content-text active-extra-styles \" data-block-type=\"unstyled\" data-block-weight=\"47\" data-block-id=\"3\">\n<p class=\"content-text__container \" style=\"text-align: justify;\" data-track-category=\"Link no Texto\" data-track-links=\"\">Uma fam\u00edlia estava viajando pela BR- 101 e foi abordada por assaltantes ap\u00f3s reduzir a velocidade para passar em um radar. A caminhonete do Instituto de Criminal\u00edstica passava no momento e os bandidos disparam um tiro contra o ve\u00edculo. Nesta primeira ocasi\u00e3o, o carro n\u00e3o foi atingido.<\/p>\n<\/div>\n<div class=\"mc-column content-text active-extra-styles \" data-block-type=\"unstyled\" data-block-weight=\"50\" data-block-id=\"4\">\n<p class=\"content-text__container \" style=\"text-align: justify;\" data-track-category=\"Link no Texto\" data-track-links=\"\">A equipe parou quil\u00f4metros depois para avisar ao motorista do carro do Instituto M\u00e9dico Legal (IML), que vinha atr\u00e1s, sobre o que aconteceu. Mas, os assaltantes roubaram o carro da fam\u00edlia e passaram novamente pelo ve\u00edculo da equipe. Eles efetuaram mais tr\u00eas tiros, um atingiu a viatura, ningu\u00e9m ficou ferido.<\/p>\n<\/div>\n<div class=\"mc-column content-text active-extra-styles \" style=\"text-align: justify;\" data-block-type=\"unstyled\" data-block-weight=\"34\" data-block-id=\"5\">\n<p class=\"content-text__container \" data-track-category=\"Link no Texto\" data-track-links=\"\">O perito registrou o caso na Delegacia Plantonista Norte em Aracaju. Ele disse que essa mesma equipe passou por situa\u00e7\u00e3o semelhante em novembro do ano passado na nova entrada de Aracaju, pela BR 235.<\/p>\n<\/div>\n<div class=\"mc-column content-text active-extra-styles \" data-block-type=\"unstyled\" data-block-weight=\"50\" data-block-id=\"6\">\n<p class=\"content-text__container \" style=\"text-align: justify;\" data-track-category=\"Link no Texto\" data-track-links=\"\">A v\u00edtima do assalto em Pedra Branca estava com amigos \u00e0 procura do carro roubado. Ele disse que estava indo com a fam\u00edlia e um amigo, que \u00e9 agente penitenci\u00e1rio, para Pia\u00e7abu\u00e7u, no Estado de Alagoas. De repente viu o assaltante na frente do carro e outro escondido dando cobertura.<\/p>\n<\/div>\n<div data-track-category=\"fim do conteudo\" data-track-action=\"ultimo chunk conteudo\" data-track-noninteraction=\"false\" data-track-scroll=\"entrada completa viewport\">\n<div class=\"mc-column content-text active-extra-styles \" data-block-type=\"unstyled\" data-block-weight=\"26\" data-block-id=\"7\">\n<p class=\"content-text__container \" style=\"text-align: justify;\" data-track-category=\"Link no Texto\" data-track-links=\"\">Os assaltantes levaram o carro da fam\u00edlia, R$ 1.800 e a pistola do agente penitenci\u00e1rio. O ve\u00edculo roubado \u00e9 um uno vivace amarelo de placa<strong> NVL-8979<\/strong>, que abandonado em um canavial no munic\u00edpio de Laranjeiras.<\/p>\n<\/div>\n<p class=\"content-text__container \" style=\"text-align: justify;\" data-track-category=\"Link no Texto\" data-track-links=\"\"><a href=\"http:\/\/senoticias.com.br\/se\/wp-content\/uploads\/2018\/01\/Logomarca-fone-SE-4-2.jpg\"><img loading=\"lazy\" decoding=\"async\" class=\"aligncenter size-full wp-image-110322\" src=\"http:\/\/senoticias.com.br\/se\/wp-content\/uploads\/2018\/01\/Logomarca-fone-SE-4-2.jpg\" alt=\"Logomarca-fone-SE-4\" width=\"599\" height=\"78\" srcset=\"https:\/\/senoticias.com.br\/se\/wp-content\/uploads\/2018\/01\/Logomarca-fone-SE-4-2.jpg 599w, https:\/\/senoticias.com.br\/se\/wp-content\/uploads\/2018\/01\/Logomarca-fone-SE-4-2-300x39.jpg 300w\" sizes=\"(max-width: 599px) 100vw, 599px\" \/><\/a><\/p>\n<\/div>\n<p class=\"content-text__container \" style=\"text-align: justify;\" data-track-category=\"Link no Texto\" data-track-links=\"\">\n<p class=\"content-text__container \" style=\"text-align: justify;\" data-track-category=\"Link no Texto\" data-track-links=\"\"><em><strong>Acompanhe tamb\u00e9m o SE Not\u00edcias no\u00a0<a href=\"https:\/\/twitter.com\/Senoticias\" target=\"_blank\">Twitter<\/a>,\u00a0<a href=\"https:\/\/www.facebook.com\/senoticias1\" target=\"_blank\">Facebook<\/a>\u00a0e no\u00a0<a href=\"https:\/\/www.instagram.com\/senoticias\/\" target=\"_blank\">Instagram<\/a>\u00a0<\/strong><\/em><\/p>\n<p class=\"content-text__container \" style=\"text-align: justify;\" data-track-category=\"Link no Texto\" data-track-links=\"\"><em>Com informa\u00e7\u00f5es do <strong><a href=\"https:\/\/g1.globo.com\/se\/sergipe\/noticia\/homens-armados-atiram-contra-viatura-do-instituto-de-criminalistica-da-policia-civil.ghtml\">G1<\/a> SE<\/strong><\/em><\/p>\n","protected":false},"excerpt":{"rendered":"<p>Homens armados efetuaram tiros contra a caminhonete do Instituto de Criminal\u00edstica da Pol\u00edcia Civil na manh\u00e3 deste domingo (4). O caso aconteceu na altura do Povoado Pedra Branca, em Laranjeiras (SE), no momento que o ve\u00edculo seguia para atender uma ocorr\u00eancia de homic\u00eddio no munic\u00edpio de Ne\u00f3polis. Uma fam\u00edlia estava viajando pela BR- 101 e [&hellip;]<\/p>\n","protected":false},"author":2,"featured_media":110549,"comment_status":"closed","ping_status":"closed","sticky":false,"template":"","format":"standard","meta":{"footnotes":""},"categories":[15,7],"tags":[2646,1036,8577],"class_list":{"0":"post-110548","1":"post","2":"type-post","3":"status-publish","4":"format-standard","5":"has-post-thumbnail","7":"category-destaques","8":"category-policia","9":"tag-instituto-de-criminalistica","10":"tag-laranjeiras","11":"tag-povoado-pedra-branca"},"_links":{"self":[{"href":"https:\/\/senoticias.com.br\/se\/wp-json\/wp\/v2\/posts\/110548"}],"collection":[{"href":"https:\/\/senoticias.com.br\/se\/wp-json\/wp\/v2\/posts"}],"about":[{"href":"https:\/\/senoticias.com.br\/se\/wp-json\/wp\/v2\/types\/post"}],"author":[{"embeddable":true,"href":"https:\/\/senoticias.com.br\/se\/wp-json\/wp\/v2\/users\/2"}],"replies":[{"embeddable":true,"href":"https:\/\/senoticias.com.br\/se\/wp-json\/wp\/v2\/comments?post=110548"}],"version-history":[{"count":0,"href":"https:\/\/senoticias.com.br\/se\/wp-json\/wp\/v2\/posts\/110548\/revisions"}],"wp:featuredmedia":[{"embeddable":true,"href":"https:\/\/senoticias.com.br\/se\/wp-json\/wp\/v2\/media\/110549"}],"wp:attachment":[{"href":"https:\/\/senoticias.com.br\/se\/wp-json\/wp\/v2\/media?parent=110548"}],"wp:term":[{"taxonomy":"category","embeddable":true,"href":"https:\/\/senoticias.com.br\/se\/wp-json\/wp\/v2\/categories?post=110548"},{"taxonomy":"post_tag","embeddable":true,"href":"https:\/\/senoticias.com.br\/se\/wp-json\/wp\/v2\/tags?post=110548"}],"curies":[{"name":"wp","href":"https:\/\/api.w.org\/{rel}","templated":true}]}}