{"id":110518,"date":"2018-02-03T11:07:17","date_gmt":"2018-02-03T14:07:17","guid":{"rendered":"http:\/\/senoticias.com.br\/se\/?p=110518"},"modified":"2018-02-03T11:09:54","modified_gmt":"2018-02-03T14:09:54","slug":"joao-alves-filho-dem-e-denunciado-em-nove-acoes-oferecidas-pelo-ministerio-publico","status":"publish","type":"post","link":"https:\/\/senoticias.com.br\/se\/joao-alves-filho-dem-e-denunciado-em-nove-acoes-oferecidas-pelo-ministerio-publico\/","title":{"rendered":"Jo\u00e3o Alves Filho (DEM) \u00e9 denunciado em nove a\u00e7\u00f5es oferecidas pelo Minist\u00e9rio P\u00fablico"},"content":{"rendered":"<p style=\"text-align: justify;\">A Justi\u00e7a acolheu todas as den\u00fancias oferecidas pelo Minist\u00e9rio P\u00fablico Estadual (MPE) contra 41 pessoas investigadas pela opera\u00e7\u00e3o \u2018Ca\u00e7a-Fantasmas\u2019 durante a gest\u00e3o do ex-prefeito de Aracaju, Jo\u00e3o Alves Filho (DEM).<\/p>\n<p style=\"text-align: justify;\">Al\u00e9m de aceitar a den\u00fancia, o juiz da 2\u00ba Vara Criminal, Alexandre Magno Oliveira Lins, deu prazo para que cada um dos denunciados apresente defesa por escrito podendo, inclusive, apresentar documentos e justificativas, especificar as provas pretendidas e incluir testemunhas.<\/p>\n<div id=\"attachment_72916\" style=\"width: 510px\" class=\"wp-caption aligncenter\"><a href=\"http:\/\/senoticias.com.br\/se\/wp-content\/uploads\/2014\/11\/1_news_66_365249957d8cb14bc5b67765f427dac9.jpeg\"><img loading=\"lazy\" decoding=\"async\" aria-describedby=\"caption-attachment-72916\" class=\"size-full wp-image-72916\" src=\"http:\/\/senoticias.com.br\/se\/wp-content\/uploads\/2014\/11\/1_news_66_365249957d8cb14bc5b67765f427dac9.jpeg\" alt=\" Jo\u00e3o Alves Filho (DEM) \u00e9 denunciado em nove a\u00e7\u00f5es oferecidas pelo Minist\u00e9rio P\u00fablico (foto: S\u00e9rgio Silva (AAN))\" width=\"500\" height=\"332\" srcset=\"https:\/\/senoticias.com.br\/se\/wp-content\/uploads\/2014\/11\/1_news_66_365249957d8cb14bc5b67765f427dac9.jpeg 500w, https:\/\/senoticias.com.br\/se\/wp-content\/uploads\/2014\/11\/1_news_66_365249957d8cb14bc5b67765f427dac9-300x199.jpeg 300w, https:\/\/senoticias.com.br\/se\/wp-content\/uploads\/2014\/11\/1_news_66_365249957d8cb14bc5b67765f427dac9-342x227.jpeg 342w\" sizes=\"(max-width: 500px) 100vw, 500px\" \/><\/a><p id=\"caption-attachment-72916\" class=\"wp-caption-text\">Jo\u00e3o Alves Filho (DEM) \u00e9 denunciado em nove a\u00e7\u00f5es oferecidas pelo Minist\u00e9rio P\u00fablico (foto: S\u00e9rgio Silva (AAN)<\/p><\/div>\n<p style=\"text-align: justify;\">Todos os r\u00e9us foram denunciados pelo crime de peculato, que \u00e9 quando um servidor p\u00fablico se beneficia do cargo para obter vantagem patrimonial indevida.<\/p>\n<p style=\"text-align: justify;\">O ex-prefeito de Aracaju, Jo\u00e3o Alves Filho e a ex-secret\u00e1ria de governo, Marlene Alves Calumby foram denunciados em todas as noves a\u00e7\u00f5es movidas pelo Minist\u00e9rio P\u00fablico Estadual.<\/p>\n<p style=\"text-align: justify;\">O ex-vice-prefeito Jos\u00e9 Carlos Machado (PSDB) aparece em tr\u00eas a\u00e7\u00f5es. E o ex-vereador por Aracaju, Agamenon Sobral, aparece em dois.<\/p>\n<p style=\"text-align: justify;\">A opera\u00e7\u00e3o \u2018ca\u00e7a-fantasmas\u2019 \u00e9 um desdobramento da opera\u00e7\u00e3o \u2018antidesmonte\u2019 deflagrada pelo MPE no final de 2016. O objetivo era garantir a transi\u00e7\u00e3o de uma gest\u00e3o para outra com transpar\u00eancia e dentro da legalidade.<\/p>\n<p style=\"text-align: justify;\">Os denunciados j\u00e1 est\u00e3o apresentando defesa.<\/p>\n<p style=\"text-align: justify;\">Segundo o advogado de Marlene Alves Calumby, Aur\u00e9lio Bel\u00e9m, a ex-secret\u00e1ria \u00e9 inocente de todas as acusa\u00e7\u00f5es. Ele diz que existem falhas no processo com provas il\u00edcitas. Aur\u00e9lio ainda destaca que fatiar a a\u00e7\u00e3o em nove serve para causar sensacionalismo. Bel\u00e9m afirma que a fun\u00e7\u00e3o de Marlene n\u00e3o era de controlar o ponto dos funcion\u00e1rios. O advogado finaliza dizendo que ela cumpria ordens do prefeito e do vice, e n\u00e3o se beneficiou financeiramente de nada.<\/p>\n<p style=\"text-align: justify;\">O advogado de Jos\u00e9 Carlos Machado, Ev\u00e2nio Moura, disse que ofereceu defesa em um dos processos, o outro ainda n\u00e3o, pois est\u00e1 no prazo de manifesta\u00e7\u00e3o. Ele ressalta que todas as den\u00fancias foram rebatidas, e que n\u00e3o era da compet\u00eancia administrativa de Machado nomear os cargos em comiss\u00e3o.<\/p>\n<p style=\"text-align: justify;\"><a href=\"http:\/\/senoticias.com.br\/se\/wp-content\/uploads\/2018\/01\/Logomarca-fone-SE-4-2.jpg\"><img loading=\"lazy\" decoding=\"async\" class=\"aligncenter size-full wp-image-110322\" src=\"http:\/\/senoticias.com.br\/se\/wp-content\/uploads\/2018\/01\/Logomarca-fone-SE-4-2.jpg\" alt=\"Logomarca-fone-SE-4\" width=\"599\" height=\"78\" srcset=\"https:\/\/senoticias.com.br\/se\/wp-content\/uploads\/2018\/01\/Logomarca-fone-SE-4-2.jpg 599w, https:\/\/senoticias.com.br\/se\/wp-content\/uploads\/2018\/01\/Logomarca-fone-SE-4-2-300x39.jpg 300w\" sizes=\"(max-width: 599px) 100vw, 599px\" \/><\/a><\/p>\n<p style=\"text-align: justify;\"><em><strong>Acompanhe tamb\u00e9m o SE Not\u00edcias no\u00a0<a href=\"https:\/\/twitter.com\/Senoticias\" target=\"_blank\">Twitter<\/a>,\u00a0<a href=\"https:\/\/www.facebook.com\/senoticias1\" target=\"_blank\">Facebook<\/a>\u00a0e no\u00a0<a href=\"https:\/\/www.instagram.com\/senoticias\/\" target=\"_blank\">Instagram<\/a>\u00a0<\/strong><\/em><\/p>\n<p style=\"text-align: justify;\"><em>Com informa\u00e7\u00f5es do G1SE<\/em><\/p>\n","protected":false},"excerpt":{"rendered":"<p>A Justi\u00e7a acolheu todas as den\u00fancias oferecidas pelo Minist\u00e9rio P\u00fablico Estadual (MPE) contra 41 pessoas investigadas pela opera\u00e7\u00e3o \u2018Ca\u00e7a-Fantasmas\u2019 durante a gest\u00e3o do ex-prefeito de Aracaju, Jo\u00e3o Alves Filho (DEM). Al\u00e9m de aceitar a den\u00fancia, o juiz da 2\u00ba Vara Criminal, Alexandre Magno Oliveira Lins, deu prazo para que cada um dos denunciados apresente defesa [&hellip;]<\/p>\n","protected":false},"author":2,"featured_media":72916,"comment_status":"closed","ping_status":"closed","sticky":false,"template":"","format":"standard","meta":{"footnotes":""},"categories":[15,6],"tags":[8561,8560,8559],"class_list":{"0":"post-110518","1":"post","2":"type-post","3":"status-publish","4":"format-standard","5":"has-post-thumbnail","7":"category-destaques","8":"category-politica","9":"tag-caca-fantasmas","10":"tag-joao-alves-filho","11":"tag-marlene-alves-calumby"},"_links":{"self":[{"href":"https:\/\/senoticias.com.br\/se\/wp-json\/wp\/v2\/posts\/110518"}],"collection":[{"href":"https:\/\/senoticias.com.br\/se\/wp-json\/wp\/v2\/posts"}],"about":[{"href":"https:\/\/senoticias.com.br\/se\/wp-json\/wp\/v2\/types\/post"}],"author":[{"embeddable":true,"href":"https:\/\/senoticias.com.br\/se\/wp-json\/wp\/v2\/users\/2"}],"replies":[{"embeddable":true,"href":"https:\/\/senoticias.com.br\/se\/wp-json\/wp\/v2\/comments?post=110518"}],"version-history":[{"count":0,"href":"https:\/\/senoticias.com.br\/se\/wp-json\/wp\/v2\/posts\/110518\/revisions"}],"wp:featuredmedia":[{"embeddable":true,"href":"https:\/\/senoticias.com.br\/se\/wp-json\/wp\/v2\/media\/72916"}],"wp:attachment":[{"href":"https:\/\/senoticias.com.br\/se\/wp-json\/wp\/v2\/media?parent=110518"}],"wp:term":[{"taxonomy":"category","embeddable":true,"href":"https:\/\/senoticias.com.br\/se\/wp-json\/wp\/v2\/categories?post=110518"},{"taxonomy":"post_tag","embeddable":true,"href":"https:\/\/senoticias.com.br\/se\/wp-json\/wp\/v2\/tags?post=110518"}],"curies":[{"name":"wp","href":"https:\/\/api.w.org\/{rel}","templated":true}]}}