{"id":110514,"date":"2018-02-02T22:01:43","date_gmt":"2018-02-03T01:01:43","guid":{"rendered":"http:\/\/senoticias.com.br\/se\/?p=110514"},"modified":"2018-02-02T22:04:50","modified_gmt":"2018-02-03T01:04:50","slug":"um-homem-e-preso-e-um-menor-apreendido-minutos-apos-assaltar-panificacao-em-itaporanga-dajuda","status":"publish","type":"post","link":"https:\/\/senoticias.com.br\/se\/um-homem-e-preso-e-um-menor-apreendido-minutos-apos-assaltar-panificacao-em-itaporanga-dajuda\/","title":{"rendered":"Homem \u00e9 preso e menor apreendido ap\u00f3s assalto em Itaporanga D&#8217;Ajuda"},"content":{"rendered":"<p style=\"text-align: justify;\">Por volta da 19h30, a guarni\u00e7\u00e3o \u2018<strong>Pantera 09<\/strong>\u2019 da 1\u00aa Companhia Independente de Pol\u00edcia Militar (Itaporanga D&#8217;Ajuda) composta pelo\u00a0<strong>cabo Adilene<\/strong>,\u00a0<strong>soldados Gilton e Cavalcante<\/strong> foi acionada pelo Centro Integrado de Opera\u00e7\u00f5es em Seguran\u00e7a P\u00fablica (Ciosp) para averiguar a den\u00fancia\u00a0de roubo a uma panifica\u00e7\u00e3o durante a noite da \u00faltima quinta-feira (1\u00ba), no Bairro Esta\u00e7\u00e3o em Itaporanga D&#8217;Ajuda, distante 29 Km de Aracaju.<\/p>\n<div id=\"attachment_110515\" style=\"width: 609px\" class=\"wp-caption aligncenter\"><a href=\"http:\/\/senoticias.com.br\/se\/wp-content\/uploads\/2018\/02\/Pantera-9.png-editada-e1517619446648.png\"><img loading=\"lazy\" decoding=\"async\" aria-describedby=\"caption-attachment-110515\" class=\"size-full wp-image-110515\" src=\"http:\/\/senoticias.com.br\/se\/wp-content\/uploads\/2018\/02\/Pantera-9.png-editada-e1517619446648.png\" alt=\"Um homem e um adolescente simularam estar armados e roubaram uma garrafa de bebida alc\u00f3olica\" width=\"599\" height=\"449\" \/><\/a><p id=\"caption-attachment-110515\" class=\"wp-caption-text\">Um homem e um adolescente simularam estar armados e roubaram uma garrafa de bebida alco\u00f3lica (foto: reprodu\u00e7\u00e3o\/PM\/SE)<\/p><\/div>\n<p style=\"text-align: justify;\">De acordo com as informa\u00e7\u00f5es, o propriet\u00e1rio estava na entrada do estabelecimento comercial quando a dupla entrou na panifica\u00e7\u00e3o e anunciou o assalto. Os dois simularam estar armados e roubaram uma garrafa de bebida de Palhinha e um par de sand\u00e1lia. Ap\u00f3s o crime, a pol\u00edcia foi acionada e chegou at\u00e9 a dupla momentos ap\u00f3s o roubo ainda com os produtos subtra\u00eddos na investida.<\/p>\n<p style=\"text-align: justify;\">Os\u00a0suspeitos foram reconhecidos e encaminhados \u00e0 Delegacia Plantonista Sul onde o homem foi autuado em flagrante por roubo e o adolescente teve um auto de infra\u00e7\u00e3o an\u00e1logo ao mesmo crime confeccionado.<\/p>\n<p style=\"text-align: justify;\"><a href=\"http:\/\/senoticias.com.br\/se\/wp-content\/uploads\/2018\/01\/Logomarca-fone-SE-4-2.jpg\"><img loading=\"lazy\" decoding=\"async\" class=\"aligncenter size-full wp-image-110322\" src=\"http:\/\/senoticias.com.br\/se\/wp-content\/uploads\/2018\/01\/Logomarca-fone-SE-4-2.jpg\" alt=\"Logomarca-fone-SE-4\" width=\"599\" height=\"78\" srcset=\"https:\/\/senoticias.com.br\/se\/wp-content\/uploads\/2018\/01\/Logomarca-fone-SE-4-2.jpg 599w, https:\/\/senoticias.com.br\/se\/wp-content\/uploads\/2018\/01\/Logomarca-fone-SE-4-2-300x39.jpg 300w\" sizes=\"(max-width: 599px) 100vw, 599px\" \/><\/a><\/p>\n<p style=\"text-align: justify;\"><em><strong>Acompanhe tamb\u00e9m o SE Not\u00edcias no<\/strong><span class=\"apple-converted-space\"><b>\u00a0<\/b><\/span><a href=\"https:\/\/twitter.com\/Senoticias\" target=\"_blank\"><b>Twitter<\/b><\/a><strong>,<\/strong><span class=\"apple-converted-space\"><b>\u00a0<\/b><\/span><a href=\"https:\/\/www.facebook.com\/senoticias1\" target=\"_blank\"><b>Facebook<\/b><span class=\"apple-converted-space\"><b>\u00a0<\/b><\/span><\/a><strong>e no<\/strong><span class=\"apple-converted-space\"><b>\u00a0<\/b><\/span><a href=\"https:\/\/www.instagram.com\/senoticias\/\" target=\"_blank\"><b>Instagram<\/b><\/a><\/em><\/p>\n<p style=\"text-align: justify;\"><em>Com informa\u00e7\u00f5es da Pol\u00edcia Militar<\/em><\/p>\n","protected":false},"excerpt":{"rendered":"<p>Por volta da 19h30, a guarni\u00e7\u00e3o \u2018Pantera 09\u2019 da 1\u00aa Companhia Independente de Pol\u00edcia Militar (Itaporanga D&#8217;Ajuda) composta pelo\u00a0cabo Adilene,\u00a0soldados Gilton e Cavalcante foi acionada pelo Centro Integrado de Opera\u00e7\u00f5es em Seguran\u00e7a P\u00fablica (Ciosp) para averiguar a den\u00fancia\u00a0de roubo a uma panifica\u00e7\u00e3o durante a noite da \u00faltima quinta-feira (1\u00ba), no Bairro Esta\u00e7\u00e3o em Itaporanga D&#8217;Ajuda, [&hellip;]<\/p>\n","protected":false},"author":2,"featured_media":110515,"comment_status":"closed","ping_status":"closed","sticky":false,"template":"","format":"standard","meta":{"footnotes":""},"categories":[15,7],"tags":[2306,8558],"class_list":{"0":"post-110514","1":"post","2":"type-post","3":"status-publish","4":"format-standard","5":"has-post-thumbnail","7":"category-destaques","8":"category-policia","9":"tag-itaporanga-dajuda","10":"tag-pantera-09"},"_links":{"self":[{"href":"https:\/\/senoticias.com.br\/se\/wp-json\/wp\/v2\/posts\/110514"}],"collection":[{"href":"https:\/\/senoticias.com.br\/se\/wp-json\/wp\/v2\/posts"}],"about":[{"href":"https:\/\/senoticias.com.br\/se\/wp-json\/wp\/v2\/types\/post"}],"author":[{"embeddable":true,"href":"https:\/\/senoticias.com.br\/se\/wp-json\/wp\/v2\/users\/2"}],"replies":[{"embeddable":true,"href":"https:\/\/senoticias.com.br\/se\/wp-json\/wp\/v2\/comments?post=110514"}],"version-history":[{"count":0,"href":"https:\/\/senoticias.com.br\/se\/wp-json\/wp\/v2\/posts\/110514\/revisions"}],"wp:featuredmedia":[{"embeddable":true,"href":"https:\/\/senoticias.com.br\/se\/wp-json\/wp\/v2\/media\/110515"}],"wp:attachment":[{"href":"https:\/\/senoticias.com.br\/se\/wp-json\/wp\/v2\/media?parent=110514"}],"wp:term":[{"taxonomy":"category","embeddable":true,"href":"https:\/\/senoticias.com.br\/se\/wp-json\/wp\/v2\/categories?post=110514"},{"taxonomy":"post_tag","embeddable":true,"href":"https:\/\/senoticias.com.br\/se\/wp-json\/wp\/v2\/tags?post=110514"}],"curies":[{"name":"wp","href":"https:\/\/api.w.org\/{rel}","templated":true}]}}