{"id":110482,"date":"2018-02-01T14:00:48","date_gmt":"2018-02-01T17:00:48","guid":{"rendered":"http:\/\/senoticias.com.br\/se\/?p=110482"},"modified":"2018-02-01T14:00:48","modified_gmt":"2018-02-01T17:00:48","slug":"sergipeprevidencia-convoca-pensionistas-universitarios-para-recadastramento","status":"publish","type":"post","link":"https:\/\/senoticias.com.br\/se\/sergipeprevidencia-convoca-pensionistas-universitarios-para-recadastramento\/","title":{"rendered":"Sergipeprevid\u00eancia convoca pensionistas universit\u00e1rios para recadastramento"},"content":{"rendered":"<p style=\"text-align: justify;\"><span style=\"color: #000000;\">De 1\u00ba a 28 de fevereiro, o Sergipeprevid\u00eancia realizar\u00e1 mais um Recadastramento de Pensionistas Universit\u00e1rios. A iniciativa tem como objetivo solidificar a base de dados do Instituto atrav\u00e9s da atualiza\u00e7\u00e3o dos dados deste tipo de segurado e coibir poss\u00edveis fraudes.<\/span><\/p>\n<div id=\"attachment_110483\" style=\"width: 609px\" class=\"wp-caption aligncenter\"><a href=\"http:\/\/senoticias.com.br\/se\/wp-content\/uploads\/2018\/02\/pensionistas-universitarios-SENOTICIAS.png\"><img loading=\"lazy\" decoding=\"async\" aria-describedby=\"caption-attachment-110483\" class=\"size-full wp-image-110483\" src=\"http:\/\/senoticias.com.br\/se\/wp-content\/uploads\/2018\/02\/pensionistas-universitarios-SENOTICIAS-e1517504395659.png\" alt=\"Arte: divulga\u00e7\u00e3o\" width=\"599\" height=\"599\" \/><\/a><p id=\"caption-attachment-110483\" class=\"wp-caption-text\">Arte: divulga\u00e7\u00e3o<\/p><\/div>\n<p style=\"text-align: justify;\">\n<p><span style=\"color: #000000;\">Para isso, \u00e9 necess\u00e1rio que o benefici\u00e1rio (entre 18 e 21 anos cursando n\u00edvel superior) v\u00e1 \u00e0 sede do Sergipeprevid\u00eancia, trazendo os seguintes documentos (ORIGINAIS E C\u00d3PIAS):<\/span><\/p>\n<p><span style=\"color: #000000;\">\u00b7 RG E CPF;<\/span><\/p>\n<p><span style=\"color: #000000;\">\u00b7 CERTID\u00c3O DE NASCIMENTO ATUALIZADA NOS \u00daLTIMOS 60 DIAS;<\/span><\/p>\n<p><span style=\"color: #000000;\">\u00b7 COMPROVANTE DE RESID\u00caNCIA E CONTA (BANESE);<\/span><\/p>\n<p><span style=\"color: #000000;\">\u00b7 EXTRATO DO PIS\/PASEP;<\/span><\/p>\n<p><span style=\"color: #000000;\">\u00b7 CNIS; PESNOM FORNECIDOS PELO INSS;<\/span><\/p>\n<p><span style=\"color: #000000;\">\u00b7 DECLARA\u00c7\u00c3O EMITIDA PELA UNIVERSIDADE;<\/span><\/p>\n<p><span style=\"color: #000000;\">\u00b7 HIST\u00d3RICO ESCOLAR;<\/span><\/p>\n<p><span style=\"color: #000000;\">O recadastramento acontece duas vezes por ano nos meses de fevereiro e agosto. O n\u00e3o comparecimento no prazo estabelecido resultar\u00e1 no bloqueio do benef\u00edcio.<\/span><\/p>\n<p style=\"text-align: justify;\">\n<p style=\"text-align: justify;\"><a href=\"http:\/\/senoticias.com.br\/se\/wp-content\/uploads\/2018\/01\/Logomarca-fone-SE-4-2.jpg\"><img loading=\"lazy\" decoding=\"async\" class=\"aligncenter size-full wp-image-110322\" src=\"http:\/\/senoticias.com.br\/se\/wp-content\/uploads\/2018\/01\/Logomarca-fone-SE-4-2.jpg\" alt=\"Logomarca-fone-SE-4\" width=\"599\" height=\"78\" srcset=\"https:\/\/senoticias.com.br\/se\/wp-content\/uploads\/2018\/01\/Logomarca-fone-SE-4-2.jpg 599w, https:\/\/senoticias.com.br\/se\/wp-content\/uploads\/2018\/01\/Logomarca-fone-SE-4-2-300x39.jpg 300w\" sizes=\"(max-width: 599px) 100vw, 599px\" \/><\/a><\/p>\n<p style=\"text-align: justify;\">Por ASN<\/p>\n","protected":false},"excerpt":{"rendered":"<p>De 1\u00ba a 28 de fevereiro, o Sergipeprevid\u00eancia realizar\u00e1 mais um Recadastramento de Pensionistas Universit\u00e1rios. A iniciativa tem como objetivo solidificar a base de dados do Instituto atrav\u00e9s da atualiza\u00e7\u00e3o dos dados deste tipo de segurado e coibir poss\u00edveis fraudes. Para isso, \u00e9 necess\u00e1rio que o benefici\u00e1rio (entre 18 e 21 anos cursando n\u00edvel superior) [&hellip;]<\/p>\n","protected":false},"author":2,"featured_media":0,"comment_status":"closed","ping_status":"closed","sticky":false,"template":"","format":"standard","meta":{"footnotes":""},"categories":[8],"tags":[4146,4545,223,8011,6726],"class_list":{"0":"post-110482","1":"post","2":"type-post","3":"status-publish","4":"format-standard","6":"category-esporte-e-cultura","7":"tag-pensionistas","8":"tag-recadastramento","9":"tag-sergipe","10":"tag-sergipeprevidencia","11":"tag-universitarios"},"_links":{"self":[{"href":"https:\/\/senoticias.com.br\/se\/wp-json\/wp\/v2\/posts\/110482"}],"collection":[{"href":"https:\/\/senoticias.com.br\/se\/wp-json\/wp\/v2\/posts"}],"about":[{"href":"https:\/\/senoticias.com.br\/se\/wp-json\/wp\/v2\/types\/post"}],"author":[{"embeddable":true,"href":"https:\/\/senoticias.com.br\/se\/wp-json\/wp\/v2\/users\/2"}],"replies":[{"embeddable":true,"href":"https:\/\/senoticias.com.br\/se\/wp-json\/wp\/v2\/comments?post=110482"}],"version-history":[{"count":0,"href":"https:\/\/senoticias.com.br\/se\/wp-json\/wp\/v2\/posts\/110482\/revisions"}],"wp:attachment":[{"href":"https:\/\/senoticias.com.br\/se\/wp-json\/wp\/v2\/media?parent=110482"}],"wp:term":[{"taxonomy":"category","embeddable":true,"href":"https:\/\/senoticias.com.br\/se\/wp-json\/wp\/v2\/categories?post=110482"},{"taxonomy":"post_tag","embeddable":true,"href":"https:\/\/senoticias.com.br\/se\/wp-json\/wp\/v2\/tags?post=110482"}],"curies":[{"name":"wp","href":"https:\/\/api.w.org\/{rel}","templated":true}]}}