{"id":110477,"date":"2018-02-01T13:43:42","date_gmt":"2018-02-01T16:43:42","guid":{"rendered":"http:\/\/senoticias.com.br\/se\/?p=110477"},"modified":"2018-02-01T13:43:42","modified_gmt":"2018-02-01T16:43:42","slug":"jackson-recebe-titulo-de-cidadao-aparecidense","status":"publish","type":"post","link":"https:\/\/senoticias.com.br\/se\/jackson-recebe-titulo-de-cidadao-aparecidense\/","title":{"rendered":"Jackson recebe t\u00edtulo de cidad\u00e3o aparecidense"},"content":{"rendered":"<p style=\"text-align: justify;\"><span style=\"color: #000000;\">O sentimento de gratid\u00e3o predominou na noite da ter\u00e7a-feira, (30), na entrega do t\u00edtulo de cidad\u00e3o aparecidense ao governador Jackson Barreto, na Igreja Matriz de Nossa Senhora Aparecida, distante 93 km de Aracaju. O t\u00edtulo honor\u00edfico foi entregue em sess\u00e3o extraordin\u00e1ria, realizada pela C\u00e2mara Municipal em reconhecimento aos servi\u00e7os prestados \u00e0quele munic\u00edpio. Tamb\u00e9m receberam a honraria, os padres Geovanio Lima dos Santos e Dougla Gon\u00e7alves, p\u00e1roco da Igreja, que ainda comemorou dois anos de ordena\u00e7\u00e3o sacerdotal.<\/span><\/p>\n<p style=\"text-align: justify;\"><span style=\"color: #000000;\">\u201c\u00c9 com muita honra e alegria que recebo o t\u00edtulo de cidad\u00e3o aparecidense ao lado de amigos e do povo de Nossa Senhora de Aparecida. Aparecida \u00e9 uma cidade muito querida por mim. Sempre sou recebido com muito carinho pelo povo afetuoso dessa terra. Acredito que meu maior compromisso com essa cidade \u00e9 ter o amor por esse povo. E ter amor por uma cidade que tem uma marca na religi\u00e3o e na f\u00e9, que \u00e9 Nossa Senhora Aparecida. Por isso, agrade\u00e7o imensamente ao ex-vereador Gilson da Silva Barreto, autor dessa homenagem em 2011, \u00e9poca em que eu nem era governador. Prova de sua amizade e do meu esfor\u00e7o para colaborar com essa comunidade querida. Meu muito obrigado. Estou honrado em ser cidad\u00e3o da terra de Nossa Senhora Aparecida\u201d, agradeceu o governador Jackson Barreto.<\/span><\/p>\n<div id=\"attachment_110478\" style=\"width: 609px\" class=\"wp-caption aligncenter\"><a href=\"http:\/\/senoticias.com.br\/se\/wp-content\/uploads\/2018\/02\/jackson-SENOTICIAS-e1517503354825.jpg\"><img loading=\"lazy\" decoding=\"async\" aria-describedby=\"caption-attachment-110478\" class=\"size-full wp-image-110478\" src=\"http:\/\/senoticias.com.br\/se\/wp-content\/uploads\/2018\/02\/jackson-SENOTICIAS-e1517503354825.jpg\" alt=\"Fotos: Andre Moreira\/ASN\" width=\"599\" height=\"539\" \/><\/a><p id=\"caption-attachment-110478\" class=\"wp-caption-text\">Fotos: Andre Moreira\/ASN<\/p><\/div>\n<p style=\"text-align: justify;\"><span style=\"color: #000000;\">A sess\u00e3o extraordin\u00e1ria foi comandada pelo vice-presidente da C\u00e2mara dos Vereadores, Marcos Santana de Oliveira, que representou o presidente Alexandro de Jesus Souza. O t\u00edtulo honor\u00edfico de cidad\u00e3o aparecidense foi proposto pelo ex-vereador Gilson da Silva Barreto, em 10 de maio de 2011. Na \u00e9poca, o presidente da C\u00e2mara era o vereador Jos\u00e9 Lima.<\/span><\/p>\n<p style=\"text-align: justify;\"><span style=\"color: #000000;\">O t\u00edtulo de cidad\u00e3o equipara a pessoa homenageada a uma ado\u00e7\u00e3o oficial. A pessoa agraciada passa a ser um irm\u00e3o, um conterr\u00e2neo, uma pessoa da terra natal. Para a prefeita de Nossa Senhora Aparecida, Ver\u00f4nica Souza, o governador passa a ser tamb\u00e9m um filho da regi\u00e3o. \u201cA gratid\u00e3o \u00e9 o que define este momento para n\u00f3s moradores de Nossa Senhora Aparecida. Obrigada ao governador pelos cuidados que sempre teve com o nosso munic\u00edpio. Ent\u00e3o, a nossa gratid\u00e3o ser\u00e1 eterna pelos feitos empreendidos em benef\u00edcio da nossa regi\u00e3o\u201d, reconheceu a prefeita.<\/span><\/p>\n<p style=\"text-align: justify;\"><span style=\"color: #000000;\">Opini\u00e3o tamb\u00e9m foi compartilhada pela empres\u00e1ria do ramo aliment\u00edcio, Jeane Maria Santos Dantas que exaltou a figura do governador Jackson Barreto, que entre outras coisas, contribuiu para o empreendimento na regi\u00e3o, trazendo desenvolvimento e gerando emprego e renda aos moradores. \u201c\u00c9 um justo reconhecimento para este homem que sempre esteve ao lado do povo de Nossa Senhora Aparecida\u201d, disse.<\/span><\/p>\n<p style=\"text-align: justify;\"><span style=\"color: #000000;\">Ordena\u00e7\u00e3o<\/span><\/p>\n<p style=\"text-align: justify;\"><span style=\"color: #000000;\">Antes da entrega dos t\u00edtulos foi realizada uma celebra\u00e7\u00e3o eucar\u00edstica em comemora\u00e7\u00e3o aos dois anos de ordena\u00e7\u00e3o sacerdotal do p\u00e1roco Douglas Gon\u00e7alves. Na ocasi\u00e3o, o governador Jackson Barreto exaltou a import\u00e2ncia do padre para a comunidade. \u201cO padre Douglas \u00e9 uma ben\u00e7\u00e3o para a cidade. Uma pessoa extremamente am\u00e1vel que tem uma facilidade de se comunicar com as pessoas. Uma caracter\u00edstica muito importante para um sacerdote. Que Jesus continue aben\u00e7oando o seu minist\u00e9rio. Por que n\u00f3s cat\u00f3licos precisamos de uma Igreja forte e com padres que tenham a miss\u00e3o no cora\u00e7\u00e3o como padre Douglas costuma demonstrar\u201d, enalteceu.<\/span><\/p>\n<p style=\"text-align: justify;\"><span style=\"color: #000000;\">Natural do munic\u00edpio de Jacar\u00e9 dos Homens em Alagoas, o padre Douglas Gon\u00e7alves agradeceu aos votos dados e relembrou os caminhos que o fizeram deixar a cidade natal para exercer o sacerd\u00f3cio. \u201cEstou feliz em estar aqui e comemorar esses dois anos de sacerd\u00f3cio. \u00c9 uma felicidade plena. Aquele menino que deixou a ro\u00e7a, amigos e fam\u00edlia para seguir o amor por Deus. O povo de Aparecida faz parte da minha hist\u00f3ria. Cheguei aqui para dividir alegrias e tristezas. Amo muito o meu povo e ele sempre estar\u00e1 em meu cora\u00e7\u00e3o\u201d.<\/span><\/p>\n<p style=\"text-align: justify;\">\n<p style=\"text-align: justify;\"><a href=\"http:\/\/senoticias.com.br\/se\/wp-content\/uploads\/2018\/01\/Logomarca-fone-SE-4-2.jpg\"><img loading=\"lazy\" decoding=\"async\" class=\"aligncenter size-full wp-image-110322\" src=\"http:\/\/senoticias.com.br\/se\/wp-content\/uploads\/2018\/01\/Logomarca-fone-SE-4-2.jpg\" alt=\"Logomarca-fone-SE-4\" width=\"599\" height=\"78\" srcset=\"https:\/\/senoticias.com.br\/se\/wp-content\/uploads\/2018\/01\/Logomarca-fone-SE-4-2.jpg 599w, https:\/\/senoticias.com.br\/se\/wp-content\/uploads\/2018\/01\/Logomarca-fone-SE-4-2-300x39.jpg 300w\" sizes=\"(max-width: 599px) 100vw, 599px\" \/><\/a><\/p>\n<p style=\"text-align: justify;\">Por ASN<\/p>\n","protected":false},"excerpt":{"rendered":"<p>O sentimento de gratid\u00e3o predominou na noite da ter\u00e7a-feira, (30), na entrega do t\u00edtulo de cidad\u00e3o aparecidense ao governador Jackson Barreto, na Igreja Matriz de Nossa Senhora Aparecida, distante 93 km de Aracaju. O t\u00edtulo honor\u00edfico foi entregue em sess\u00e3o extraordin\u00e1ria, realizada pela C\u00e2mara Municipal em reconhecimento aos servi\u00e7os prestados \u00e0quele munic\u00edpio. Tamb\u00e9m receberam a [&hellip;]<\/p>\n","protected":false},"author":2,"featured_media":0,"comment_status":"closed","ping_status":"closed","sticky":false,"template":"","format":"standard","meta":{"footnotes":""},"categories":[6],"tags":[8538,7287,2745,2168,223,3263],"class_list":{"0":"post-110477","1":"post","2":"type-post","3":"status-publish","4":"format-standard","6":"category-politica","7":"tag-aparecida","8":"tag-cidadao","9":"tag-jackson","10":"tag-politica","11":"tag-sergipe","12":"tag-titulo"},"_links":{"self":[{"href":"https:\/\/senoticias.com.br\/se\/wp-json\/wp\/v2\/posts\/110477"}],"collection":[{"href":"https:\/\/senoticias.com.br\/se\/wp-json\/wp\/v2\/posts"}],"about":[{"href":"https:\/\/senoticias.com.br\/se\/wp-json\/wp\/v2\/types\/post"}],"author":[{"embeddable":true,"href":"https:\/\/senoticias.com.br\/se\/wp-json\/wp\/v2\/users\/2"}],"replies":[{"embeddable":true,"href":"https:\/\/senoticias.com.br\/se\/wp-json\/wp\/v2\/comments?post=110477"}],"version-history":[{"count":0,"href":"https:\/\/senoticias.com.br\/se\/wp-json\/wp\/v2\/posts\/110477\/revisions"}],"wp:attachment":[{"href":"https:\/\/senoticias.com.br\/se\/wp-json\/wp\/v2\/media?parent=110477"}],"wp:term":[{"taxonomy":"category","embeddable":true,"href":"https:\/\/senoticias.com.br\/se\/wp-json\/wp\/v2\/categories?post=110477"},{"taxonomy":"post_tag","embeddable":true,"href":"https:\/\/senoticias.com.br\/se\/wp-json\/wp\/v2\/tags?post=110477"}],"curies":[{"name":"wp","href":"https:\/\/api.w.org\/{rel}","templated":true}]}}