{"id":110466,"date":"2018-02-01T11:29:40","date_gmt":"2018-02-01T14:29:40","guid":{"rendered":"http:\/\/senoticias.com.br\/se\/?p=110466"},"modified":"2018-02-01T11:29:40","modified_gmt":"2018-02-01T14:29:40","slug":"mpf-quer-coibir-criacao-irregular-de-camaroes-em-sao-cristovao","status":"publish","type":"post","link":"https:\/\/senoticias.com.br\/se\/mpf-quer-coibir-criacao-irregular-de-camaroes-em-sao-cristovao\/","title":{"rendered":"MPF quer coibir cria\u00e7\u00e3o irregular de camar\u00f5es em S\u00e3o Crist\u00f3v\u00e3o"},"content":{"rendered":"<p style=\"text-align: justify;\">O Minist\u00e9rio P\u00fablico Federal (MPF) na 5\u00aa Regi\u00e3o emitiu parecer em que se posiciona a favor da suspens\u00e3o imediata da atividade de carcinicultura (cria\u00e7\u00e3o de camar\u00f5es) desenvolvida no Conjunto Madalena de Gois, no munic\u00edpio de S\u00e3o Crist\u00f3v\u00e3o (SE), em \u00e1rea de preserva\u00e7\u00e3o permanente. O MPF naquele estado havia solicitado a medida \u00e0 Justi\u00e7a Federal, em primeira inst\u00e2ncia, mas o pedido foi negado. Agora, a demanda ser\u00e1 julgada pela 2\u00aa Turma do Tribunal Regional Federal da 5\u00aa Regi\u00e3o, no Recife (PE).<\/p>\n<div id=\"attachment_110467\" style=\"width: 609px\" class=\"wp-caption aligncenter\"><a href=\"http:\/\/senoticias.com.br\/se\/wp-content\/uploads\/2018\/01\/camarao_viveiro.jpg\"><img loading=\"lazy\" decoding=\"async\" aria-describedby=\"caption-attachment-110467\" class=\"size-full wp-image-110467\" src=\"http:\/\/senoticias.com.br\/se\/wp-content\/uploads\/2018\/01\/camarao_viveiro-e1517495173439.jpg\" alt=\" Atividade de carcinicultura em \u00e1rea de manguezal, no Conjunto Madalena de Gois, no munic\u00edpio de S\u00e3o Crist\u00f3v\u00e3o, \u00e9 ilegal, diz MPF \" width=\"599\" height=\"397\" \/><\/a><p id=\"caption-attachment-110467\" class=\"wp-caption-text\"><br \/>Atividade de carcinicultura em \u00e1rea de manguezal, no Conjunto Madalena de Goes, no munic\u00edpio de S\u00e3o Crist\u00f3v\u00e3o, \u00e9 ilegal, diz MPF (foto: arquivo\/Daniele Pereira)<\/p><\/div>\n<p style=\"text-align: justify;\">A carcinicultura \u00e9 uma atividade potencialmente poluidora e n\u00e3o pode ser realizada em manguezais, que s\u00e3o \u00e1reas de preserva\u00e7\u00e3o permanente. Os viveiros de camar\u00e3o, instalados em regi\u00e3o de mangue, provocaram a supress\u00e3o da vegeta\u00e7\u00e3o e impossibilitaram sua regenera\u00e7\u00e3o natural. Tem ocorrido tamb\u00e9m o descarte, sem qualquer tratamento, de res\u00edduos como prote\u00ednas e pesticidas nas \u00e1guas que circundam os criadouros.<\/p>\n<p style=\"text-align: justify;\"><strong>Com o pedido de tutela de urg\u00eancia<\/strong> \u2013 decis\u00e3o judicial provis\u00f3ria tomada antes do julgamento do processo \u2013 o MPF pretende evitar o agravamento da situa\u00e7\u00e3o de degrada\u00e7\u00e3o j\u00e1 existente. Apesar disso, a Justi\u00e7a Federal em Sergipe alegou n\u00e3o haver perigo na demora, j\u00e1 que a atividade supostamente poluidora vem sendo desenvolvida h\u00e1 v\u00e1rios anos.<\/p>\n<p style=\"text-align: justify;\">Embora esteja ciente de que a cria\u00e7\u00e3o de camar\u00f5es em manguezais \u00e9 proibida, e tenha lavrado um auto de infra\u00e7\u00e3o contra o respons\u00e1vel pelos viveiros, a Administra\u00e7\u00e3o Estadual do Meio Ambiente de Sergipe (Adema) firmou com o mesmo carcinicultor um Termo de Compromisso de Regulariza\u00e7\u00e3o de Carcinicultura e um Termo de Regulariza\u00e7\u00e3o de Carcinicultura. O MPF pede que os efeitos desses documentos sejam suspensos e que a Adema se abstenha de conceder qualquer nova licen\u00e7a ambiental desse tipo.<\/p>\n<p>O MPF enfatiza que o Termo de Regulariza\u00e7\u00e3o da Carcinicultura com o qual o carcinicultor pretende continuar a exercer sua atividade il\u00edcita, \u00e0 revelia das leis ambientais e com a complac\u00eancia do \u00f3rg\u00e3o ambiental do Estado, \u00e9 ilegal. \u201cEsses esp\u00farios termos de regulariza\u00e7\u00e3o que proliferaram no estado de Sergipe n\u00e3o passam de mera chancela administrativa \u00e0 degrada\u00e7\u00e3o de ecossistema protegido\u201d, diz o parecer.<\/p>\n<p>N.\u00ba do processo: 0812178-73.2017.4.05.0000 (PJe)<\/p>\n<p><a href=\"http:\/\/senoticias.com.br\/se\/wp-content\/uploads\/2018\/01\/Logomarca-fone-SE-4-2.jpg\"><img loading=\"lazy\" decoding=\"async\" class=\"aligncenter size-full wp-image-110322\" src=\"http:\/\/senoticias.com.br\/se\/wp-content\/uploads\/2018\/01\/Logomarca-fone-SE-4-2.jpg\" alt=\"Logomarca-fone-SE-4\" width=\"599\" height=\"78\" srcset=\"https:\/\/senoticias.com.br\/se\/wp-content\/uploads\/2018\/01\/Logomarca-fone-SE-4-2.jpg 599w, https:\/\/senoticias.com.br\/se\/wp-content\/uploads\/2018\/01\/Logomarca-fone-SE-4-2-300x39.jpg 300w\" sizes=\"(max-width: 599px) 100vw, 599px\" \/><\/a><\/p>\n<p>&nbsp;<\/p>\n<p><em><strong>Acompanhe tamb\u00e9m o SE Not\u00edcias no\u00a0<a href=\"https:\/\/twitter.com\/Senoticias\" target=\"_blank\">Twitter<\/a>,\u00a0<a href=\"https:\/\/www.facebook.com\/senoticias1\" target=\"_blank\">Facebook<\/a>\u00a0e no\u00a0<a href=\"https:\/\/www.instagram.com\/senoticias\/\" target=\"_blank\">Instagram<\/a>\u00a0<\/strong><\/em><\/p>\n<p><em>Assessoria de Comunica\u00e7\u00e3o Social<\/em><br \/>\n<em>Procuradoria Regional da Rep\u00fablica da 5.\u00aa Regi\u00e3o<\/em><\/p>\n","protected":false},"excerpt":{"rendered":"<p>O Minist\u00e9rio P\u00fablico Federal (MPF) na 5\u00aa Regi\u00e3o emitiu parecer em que se posiciona a favor da suspens\u00e3o imediata da atividade de carcinicultura (cria\u00e7\u00e3o de camar\u00f5es) desenvolvida no Conjunto Madalena de Gois, no munic\u00edpio de S\u00e3o Crist\u00f3v\u00e3o (SE), em \u00e1rea de preserva\u00e7\u00e3o permanente. O MPF naquele estado havia solicitado a medida \u00e0 Justi\u00e7a Federal, em [&hellip;]<\/p>\n","protected":false},"author":2,"featured_media":110467,"comment_status":"closed","ping_status":"closed","sticky":false,"template":"","format":"standard","meta":{"footnotes":""},"categories":[15],"tags":[8529,8530,4684,335,8531],"class_list":{"0":"post-110466","1":"post","2":"type-post","3":"status-publish","4":"format-standard","5":"has-post-thumbnail","7":"category-destaques","8":"tag-camaroes","9":"tag-carcinicultura","10":"tag-mpf","11":"tag-sao-cristovao","12":"tag-termo-de-regularizacao-da-carcinicultura"},"_links":{"self":[{"href":"https:\/\/senoticias.com.br\/se\/wp-json\/wp\/v2\/posts\/110466"}],"collection":[{"href":"https:\/\/senoticias.com.br\/se\/wp-json\/wp\/v2\/posts"}],"about":[{"href":"https:\/\/senoticias.com.br\/se\/wp-json\/wp\/v2\/types\/post"}],"author":[{"embeddable":true,"href":"https:\/\/senoticias.com.br\/se\/wp-json\/wp\/v2\/users\/2"}],"replies":[{"embeddable":true,"href":"https:\/\/senoticias.com.br\/se\/wp-json\/wp\/v2\/comments?post=110466"}],"version-history":[{"count":0,"href":"https:\/\/senoticias.com.br\/se\/wp-json\/wp\/v2\/posts\/110466\/revisions"}],"wp:featuredmedia":[{"embeddable":true,"href":"https:\/\/senoticias.com.br\/se\/wp-json\/wp\/v2\/media\/110467"}],"wp:attachment":[{"href":"https:\/\/senoticias.com.br\/se\/wp-json\/wp\/v2\/media?parent=110466"}],"wp:term":[{"taxonomy":"category","embeddable":true,"href":"https:\/\/senoticias.com.br\/se\/wp-json\/wp\/v2\/categories?post=110466"},{"taxonomy":"post_tag","embeddable":true,"href":"https:\/\/senoticias.com.br\/se\/wp-json\/wp\/v2\/tags?post=110466"}],"curies":[{"name":"wp","href":"https:\/\/api.w.org\/{rel}","templated":true}]}}