{"id":110459,"date":"2018-01-31T16:57:27","date_gmt":"2018-01-31T19:57:27","guid":{"rendered":"http:\/\/senoticias.com.br\/se\/?p=110459"},"modified":"2018-01-31T16:57:27","modified_gmt":"2018-01-31T19:57:27","slug":"brasil-podera-observar-dois-fenomenos-lunares-nesta-quarta","status":"publish","type":"post","link":"https:\/\/senoticias.com.br\/se\/brasil-podera-observar-dois-fenomenos-lunares-nesta-quarta\/","title":{"rendered":"Brasil poder\u00e1 observar dois fen\u00f4menos lunares nesta quarta"},"content":{"rendered":"<p style=\"text-align: justify;\"><span style=\"color: #000000;\">Dois dos tr\u00eas fen\u00f4menos lunares que ocorrem nesta quarta-feira (31) poder\u00e3o ser observados esta noite no Brasil. A Super Lua, que dar\u00e1 mais brilho ao \u00fanico sat\u00e9lite natural da Terra, ser\u00e1 tamb\u00e9m Lua Azul \u2013 nome dado \u00e0 segunda lua cheia de um mesmo m\u00eas. Quem estava do outro lado do planeta, na regi\u00e3o do Pac\u00edfico, p\u00f4de observar, enquanto ainda era dia no Brasil, o terceiro fen\u00f4meno: um eclipse lunar.<\/span><\/p>\n<p style=\"text-align: justify;\"><span style=\"color: #000000;\">O que torna a lua deste 31 de janeiro rara \u00e9 o fato de os tr\u00eas fen\u00f4menos ocorrerem simultaneamente. \u201cA pr\u00f3xima coincid\u00eancia [da Super Lua que \u00e9, ao mesmo tempo, Lua Azul em meio a um eclipse] s\u00f3 vai acontecer em 2037. Depois, s\u00f3 ap\u00f3s 2100, ano limite da tabela que tenho aqui em m\u00e3os\u201d, explicou \u00e0 Ag\u00eancia Brasil o astrof\u00edsico da Sociedade Astron\u00f4mica Brasileira Gustavo Rojas.<\/span><\/p>\n<div id=\"attachment_110461\" style=\"width: 590px\" class=\"wp-caption aligncenter\"><a href=\"http:\/\/senoticias.com.br\/se\/wp-content\/uploads\/2018\/01\/superlula-SENOTICIAS.jpg\"><img loading=\"lazy\" decoding=\"async\" aria-describedby=\"caption-attachment-110461\" class=\"size-full wp-image-110461\" src=\"http:\/\/senoticias.com.br\/se\/wp-content\/uploads\/2018\/01\/superlula-SENOTICIAS.jpg\" alt=\"Super Lua vista em Malta. Foto:  Reuters\/Darrin Zammit Lupi\/Todos direitos reservados\" width=\"580\" height=\"388\" srcset=\"https:\/\/senoticias.com.br\/se\/wp-content\/uploads\/2018\/01\/superlula-SENOTICIAS.jpg 580w, https:\/\/senoticias.com.br\/se\/wp-content\/uploads\/2018\/01\/superlula-SENOTICIAS-300x201.jpg 300w, https:\/\/senoticias.com.br\/se\/wp-content\/uploads\/2018\/01\/superlula-SENOTICIAS-90x60.jpg 90w, https:\/\/senoticias.com.br\/se\/wp-content\/uploads\/2018\/01\/superlula-SENOTICIAS-180x120.jpg 180w, https:\/\/senoticias.com.br\/se\/wp-content\/uploads\/2018\/01\/superlula-SENOTICIAS-95x64.jpg 95w\" sizes=\"(max-width: 580px) 100vw, 580px\" \/><\/a><p id=\"caption-attachment-110461\" class=\"wp-caption-text\">Super Lua vista em Malta. Foto: Reuters\/Darrin Zammit Lupi\/Todos direitos reservados<\/p><\/div>\n<p style=\"text-align: justify;\"><span style=\"color: #000000;\">Lua Azul \u00e9 o nome dado \u00e0 segunda lua cheia de um mesmo m\u00eas ou \u00e0 quarta lua cheia de uma mesma esta\u00e7\u00e3o. No caso desta Lua Azul, ela carrega uma outra coincid\u00eancia, a de se enquadrar nessas duas situa\u00e7\u00f5es.<\/span><\/p>\n<p style=\"text-align: justify;\"><span style=\"color: #000000;\">J\u00e1 a Super Lua ocorre quando a lua cheia coincide com o per\u00edodo em que o sat\u00e9lite natural est\u00e1 mais pr\u00f3ximo da Terra. \u201cA \u00f3rbita da Lua \u00e9 oval. Em m\u00e9dia ela est\u00e1 a 384 mil quil\u00f4metros da Terra. Quando mais distante, est\u00e1 a cerca de 400 mil km; e quando est\u00e1 mais perto, est\u00e1 a cerca de 360 mil km\u201d, explicou Rojas, que \u00e9 tamb\u00e9m do Observat\u00f3rio Astron\u00f4mico da Universidade Federal de S\u00e3o Carlos.<\/span><\/p>\n<p style=\"text-align: justify;\"><span style=\"color: #000000;\">\u201cEsse termo [Super Lua] \u00e9 meio enganoso por fazer com que as pessoas achem que a Lua ficar\u00e1 gigante. Na verdade, em termos de tamanho, ela fica apenas 10% maior do que quando est\u00e1 na posi\u00e7\u00e3o mais distante. O que fica mais percept\u00edvel \u00e9 o brilho, que fica 30% maior [na mesma base de compara\u00e7\u00e3o]. No entanto, isso fica pouco percept\u00edvel quando a observa\u00e7\u00e3o \u00e9 feita das cidades, onde h\u00e1 luz artificial\u201d, disse o astrof\u00edsico, sugerindo que as pessoas se afastem das cidades para uma melhor observa\u00e7\u00e3o.<\/span><\/p>\n<p style=\"text-align: justify;\"><span style=\"color: #000000;\">Segundo ele, a simultaneidade da Lua Azul com a Super Lua representa uma coincid\u00eancia de calend\u00e1rios. \u201cMuitos calend\u00e1rios t\u00eam a Lua como refer\u00eancia. \u00c9 o caso dos calend\u00e1rios judaico e mu\u00e7ulmano, por exemplo. A Lua tem um intervalo de 29 dias. Nosso calend\u00e1rio \u00e9 dividido em meses que, em geral, s\u00e3o de 30 dias. N\u00e3o \u00e0 toa as palavras moon e month (lua e m\u00eas, em ingl\u00eas) t\u00eam a mesma raiz. A lua influencia inclusive festas crist\u00e3s como a P\u00e1scoa, que ocorre no primeiro domingo ap\u00f3s a [primeira] lua cheia [do outono, no Hemisf\u00e9rio Sul]\u201d.<\/span><\/p>\n<p style=\"text-align: justify;\"><span style=\"color: #000000;\">Rojas lembrou que a influ\u00eancia da lua nas civiliza\u00e7\u00f5es antigas \u00e9 not\u00f3ria. \u201cEssas civiliza\u00e7\u00f5es [as antigas] perceberam a ocorr\u00eancia de ciclos regulares a partir dos movimentos celestes. \u00c9 o caso da rota\u00e7\u00e3o da Terra [ao redor de si] e do movimento que ela faz ao redor do Sol. Foi a partir dessas observa\u00e7\u00f5es que os calend\u00e1rios foram montados. As civiliza\u00e7\u00f5es antigas n\u00e3o tinham vis\u00f5es avan\u00e7adas do Universo, mas tinham entendimento bastante preciso da regularidade dos corpos celestes\u201d.<\/span><\/p>\n<p style=\"text-align: justify;\"><span style=\"color: #000000;\">De acordo com o astrof\u00edsico, a partir desses calend\u00e1rios, foi poss\u00edvel, ao ser humano, passar a fazer planejamentos, o que mudou de forma definitiva diversos h\u00e1bitos e culturas. \u201cCom o calend\u00e1rio, desenvolvemos, entre outras coisas, a agricultura, que foi fundamental para que deix\u00e1ssemos de ser n\u00f4mades\u201d, exemplificou.<\/span><\/p>\n<p style=\"text-align: justify;\"><span style=\"color: #000000;\">J\u00e1 o eclipse ajudou a ci\u00eancia a explicar diversos fen\u00f4menos que v\u00e3o al\u00e9m do nosso planeta e do Sistema Solar. \u201cO eclipse \u00e9 a proje\u00e7\u00e3o da sombra da Terra na Lua. Por meio da espectroscopia, ao observarmos esse evento \u2013 que funciona como uma lente, ao jogar uma luz diferente sobre a Lua \u2013 podemos obter v\u00e1rias pistas sobre a atmosfera do nosso planeta\u201d, explicou.<\/span><\/p>\n<p style=\"text-align: justify;\"><span style=\"color: #000000;\">Dessa forma, acrescentou Rojas, \u00e9 poss\u00edvel, durante o eclipse, encontrar ind\u00edcios de que h\u00e1 vida na Terra. \u201cE se aplicarmos esse mesmo conhecimento em outros planetas, quando passam \u00e0 frente de uma estrela, poderemos saber se h\u00e1 ou n\u00e3o material org\u00e2nico em sua atmosfera\u201d, completou.<\/span><\/p>\n<p style=\"text-align: justify;\">\n<p style=\"text-align: justify;\"><a href=\"http:\/\/senoticias.com.br\/se\/wp-content\/uploads\/2018\/01\/Logomarca-fone-SE-4-2.jpg\"><img loading=\"lazy\" decoding=\"async\" class=\"aligncenter size-full wp-image-110322\" src=\"http:\/\/senoticias.com.br\/se\/wp-content\/uploads\/2018\/01\/Logomarca-fone-SE-4-2.jpg\" alt=\"Logomarca-fone-SE-4\" width=\"599\" height=\"78\" srcset=\"https:\/\/senoticias.com.br\/se\/wp-content\/uploads\/2018\/01\/Logomarca-fone-SE-4-2.jpg 599w, https:\/\/senoticias.com.br\/se\/wp-content\/uploads\/2018\/01\/Logomarca-fone-SE-4-2-300x39.jpg 300w\" sizes=\"(max-width: 599px) 100vw, 599px\" \/><\/a><\/p>\n<p><em><strong>Acompanhe tamb\u00e9m o SE Not\u00edcias no\u00a0<a href=\"https:\/\/twitter.com\/Senoticias\" target=\"_blank\">Twitter<\/a>,\u00a0<a href=\"https:\/\/www.facebook.com\/senoticias1\" target=\"_blank\">Facebook<\/a>\u00a0e no\u00a0<a href=\"https:\/\/www.instagram.com\/senoticias\/\" target=\"_blank\">Instagram<\/a>\u00a0<\/strong><\/em><\/p>\n<p>Por Ag\u00eancia Brasil<\/p>\n","protected":false},"excerpt":{"rendered":"<p>Dois dos tr\u00eas fen\u00f4menos lunares que ocorrem nesta quarta-feira (31) poder\u00e3o ser observados esta noite no Brasil. A Super Lua, que dar\u00e1 mais brilho ao \u00fanico sat\u00e9lite natural da Terra, ser\u00e1 tamb\u00e9m Lua Azul \u2013 nome dado \u00e0 segunda lua cheia de um mesmo m\u00eas. Quem estava do outro lado do planeta, na regi\u00e3o do [&hellip;]<\/p>\n","protected":false},"author":2,"featured_media":0,"comment_status":"closed","ping_status":"closed","sticky":false,"template":"","format":"standard","meta":{"footnotes":""},"categories":[2961],"tags":[370,8521,8520,8522,8519],"class_list":{"0":"post-110459","1":"post","2":"type-post","3":"status-publish","4":"format-standard","6":"category-nacional","7":"tag-brasil","8":"tag-fenomeno","9":"tag-lua","10":"tag-natureza","11":"tag-super-lua"},"_links":{"self":[{"href":"https:\/\/senoticias.com.br\/se\/wp-json\/wp\/v2\/posts\/110459"}],"collection":[{"href":"https:\/\/senoticias.com.br\/se\/wp-json\/wp\/v2\/posts"}],"about":[{"href":"https:\/\/senoticias.com.br\/se\/wp-json\/wp\/v2\/types\/post"}],"author":[{"embeddable":true,"href":"https:\/\/senoticias.com.br\/se\/wp-json\/wp\/v2\/users\/2"}],"replies":[{"embeddable":true,"href":"https:\/\/senoticias.com.br\/se\/wp-json\/wp\/v2\/comments?post=110459"}],"version-history":[{"count":0,"href":"https:\/\/senoticias.com.br\/se\/wp-json\/wp\/v2\/posts\/110459\/revisions"}],"wp:attachment":[{"href":"https:\/\/senoticias.com.br\/se\/wp-json\/wp\/v2\/media?parent=110459"}],"wp:term":[{"taxonomy":"category","embeddable":true,"href":"https:\/\/senoticias.com.br\/se\/wp-json\/wp\/v2\/categories?post=110459"},{"taxonomy":"post_tag","embeddable":true,"href":"https:\/\/senoticias.com.br\/se\/wp-json\/wp\/v2\/tags?post=110459"}],"curies":[{"name":"wp","href":"https:\/\/api.w.org\/{rel}","templated":true}]}}