{"id":110458,"date":"2018-01-31T17:11:15","date_gmt":"2018-01-31T20:11:15","guid":{"rendered":"http:\/\/senoticias.com.br\/se\/?p=110458"},"modified":"2018-01-31T17:11:15","modified_gmt":"2018-01-31T20:11:15","slug":"estancia-magazine-luiza-e-assaltado-por-bandidos-armados","status":"publish","type":"post","link":"https:\/\/senoticias.com.br\/se\/estancia-magazine-luiza-e-assaltado-por-bandidos-armados\/","title":{"rendered":"EST\u00c2NCIA: Magazine Luiza \u00e9 assaltado por bandidos armados"},"content":{"rendered":"<p style=\"text-align: justify;\">Por volta das 10h desta quarta-feira, 31, bandidos armados invadiram uma filial do Magazine Luiza, localizado na feira de Est\u00e2ncia e subtra\u00edram aparelhos celulares e dinheiro. De acordo com o delegado regional da DERPOL do munic\u00edpio, Alan Faustino, que conversou por telefone com a reda\u00e7\u00e3o do \u201cDi\u00e1rio Sergipano\u201d, o assalto foi realizado por tr\u00eas bandidos que estavam sem m\u00e1scaras e de posse de armas de fogo.<\/p>\n<div id=\"attachment_79748\" style=\"width: 606px\" class=\"wp-caption aligncenter\"><a href=\"http:\/\/senoticias.com.br\/se\/wp-content\/uploads\/2015\/05\/ASSALTO-e1453119384828.jpg\"><img loading=\"lazy\" decoding=\"async\" aria-describedby=\"caption-attachment-79748\" class=\"size-full wp-image-79748\" src=\"http:\/\/senoticias.com.br\/se\/wp-content\/uploads\/2015\/05\/ASSALTO-e1453119384828.jpg\" alt=\"(Foto ilustrativa)\" width=\"596\" height=\"414\" \/><\/a><p id=\"caption-attachment-79748\" class=\"wp-caption-text\">(Foto ilustrativa)<\/p><\/div>\n<p style=\"text-align: justify;\">Segundo o delegado, n\u00e3o houve nenhum esbo\u00e7o de viol\u00eancia contra os funcion\u00e1rios e n\u00e3o procede a informa\u00e7\u00e3o de ref\u00e9ns durante o assalto.<\/p>\n<p style=\"text-align: justify;\">\u201cFoi uma a\u00e7\u00e3o r\u00e1pida. Em cinco ou dez minutos eles cataram tudo e fugiram com destino ignorado\u201d, disse o delegado.<\/p>\n<p style=\"text-align: justify;\">Mesmo sem ter recebido os respons\u00e1veis da loja para fazer o boletim de ocorr\u00eancia, a equipe da DERPOL de Est\u00e2ncia caiu em campo e j\u00e1 iniciou as dilig\u00eancias na tentativa de localizar o trio. Imagens de seguran\u00e7a das imedia\u00e7\u00f5es poder\u00e3o ajudar os policiais a desvendar o assalto.<\/p>\n<p style=\"text-align: justify;\">Do Portal Di\u00e1rio Sergipano.<\/p>\n<p style=\"line-height: 14.25pt;\"><strong><span style=\"font-size: 10.0pt; font-family: 'Georgia','serif'; color: #333333;\">Acompanhe tamb\u00e9m o SE Not\u00edcias no<\/span><\/strong><span class=\"apple-converted-space\"><b><span style=\"font-size: 10.0pt; font-family: 'Georgia','serif'; color: #333333;\">\u00a0<\/span><\/b><\/span><a href=\"https:\/\/twitter.com\/Senoticias\" target=\"_blank\"><b><span style=\"font-size: 10.0pt; font-family: 'Georgia','serif';\">Twitter<\/span><\/b><\/a><strong><span style=\"font-size: 10.0pt; font-family: 'Georgia','serif'; color: #333333;\">,<\/span><\/strong><span class=\"apple-converted-space\"><b><span style=\"font-size: 10.0pt; font-family: 'Georgia','serif'; color: #333333;\">\u00a0<\/span><\/b><\/span><a href=\"https:\/\/www.facebook.com\/senoticias1\" target=\"_blank\"><b><span style=\"font-size: 10.0pt; font-family: 'Georgia','serif';\">Facebook<\/span><\/b><span class=\"apple-converted-space\"><b><span style=\"font-size: 10.0pt; font-family: 'Georgia','serif'; color: windowtext; text-decoration: none; text-underline: none;\">\u00a0<\/span><\/b><\/span><\/a><strong><span style=\"font-size: 10.0pt; font-family: 'Georgia','serif'; color: #333333;\">e no<\/span><\/strong><span class=\"apple-converted-space\"><b><span style=\"font-size: 10.0pt; font-family: 'Georgia','serif'; color: #333333;\">\u00a0<\/span><\/b><\/span><a href=\"https:\/\/www.instagram.com\/senoticias\/\" target=\"_blank\"><b><span style=\"font-size: 10.0pt; font-family: 'Georgia','serif';\">Instagram<\/span><\/b><\/a><strong><span style=\"font-size: 10.0pt; font-family: 'Georgia','serif'; color: #333333;\">.<\/span><\/strong><\/p>\n<p style=\"line-height: 14.25pt;\"><a href=\"http:\/\/senoticias.com.br\/se\/wp-content\/uploads\/2018\/01\/Logomarca-fone-SE-4-2.jpg\"><img loading=\"lazy\" decoding=\"async\" class=\"aligncenter size-full wp-image-110322\" src=\"http:\/\/senoticias.com.br\/se\/wp-content\/uploads\/2018\/01\/Logomarca-fone-SE-4-2.jpg\" alt=\"Logomarca-fone-SE-4\" width=\"599\" height=\"78\" srcset=\"https:\/\/senoticias.com.br\/se\/wp-content\/uploads\/2018\/01\/Logomarca-fone-SE-4-2.jpg 599w, https:\/\/senoticias.com.br\/se\/wp-content\/uploads\/2018\/01\/Logomarca-fone-SE-4-2-300x39.jpg 300w\" sizes=\"(max-width: 599px) 100vw, 599px\" \/><\/a><\/p>\n","protected":false},"excerpt":{"rendered":"<p>Por volta das 10h desta quarta-feira, 31, bandidos armados invadiram uma filial do Magazine Luiza, localizado na feira de Est\u00e2ncia e subtra\u00edram aparelhos celulares e dinheiro. De acordo com o delegado regional da DERPOL do munic\u00edpio, Alan Faustino, que conversou por telefone com a reda\u00e7\u00e3o do \u201cDi\u00e1rio Sergipano\u201d, o assalto foi realizado por tr\u00eas bandidos [&hellip;]<\/p>\n","protected":false},"author":2,"featured_media":79748,"comment_status":"closed","ping_status":"closed","sticky":false,"template":"","format":"standard","meta":{"footnotes":""},"categories":[7],"tags":[8524],"class_list":{"0":"post-110458","1":"post","2":"type-post","3":"status-publish","4":"format-standard","5":"has-post-thumbnail","7":"category-policia","8":"tag-estancia-magazine-luiza-e-assaltado-por-bandidos-armados"},"_links":{"self":[{"href":"https:\/\/senoticias.com.br\/se\/wp-json\/wp\/v2\/posts\/110458"}],"collection":[{"href":"https:\/\/senoticias.com.br\/se\/wp-json\/wp\/v2\/posts"}],"about":[{"href":"https:\/\/senoticias.com.br\/se\/wp-json\/wp\/v2\/types\/post"}],"author":[{"embeddable":true,"href":"https:\/\/senoticias.com.br\/se\/wp-json\/wp\/v2\/users\/2"}],"replies":[{"embeddable":true,"href":"https:\/\/senoticias.com.br\/se\/wp-json\/wp\/v2\/comments?post=110458"}],"version-history":[{"count":0,"href":"https:\/\/senoticias.com.br\/se\/wp-json\/wp\/v2\/posts\/110458\/revisions"}],"wp:featuredmedia":[{"embeddable":true,"href":"https:\/\/senoticias.com.br\/se\/wp-json\/wp\/v2\/media\/79748"}],"wp:attachment":[{"href":"https:\/\/senoticias.com.br\/se\/wp-json\/wp\/v2\/media?parent=110458"}],"wp:term":[{"taxonomy":"category","embeddable":true,"href":"https:\/\/senoticias.com.br\/se\/wp-json\/wp\/v2\/categories?post=110458"},{"taxonomy":"post_tag","embeddable":true,"href":"https:\/\/senoticias.com.br\/se\/wp-json\/wp\/v2\/tags?post=110458"}],"curies":[{"name":"wp","href":"https:\/\/api.w.org\/{rel}","templated":true}]}}