{"id":110456,"date":"2018-01-31T16:47:59","date_gmt":"2018-01-31T19:47:59","guid":{"rendered":"http:\/\/senoticias.com.br\/se\/?p=110456"},"modified":"2018-01-31T16:47:59","modified_gmt":"2018-01-31T19:47:59","slug":"edvaldo-exonera-carlos-caue-para-atuacao-nas-eleicoes","status":"publish","type":"post","link":"https:\/\/senoticias.com.br\/se\/edvaldo-exonera-carlos-caue-para-atuacao-nas-eleicoes\/","title":{"rendered":"Edvaldo exonera Carlos Cau\u00ea para atua\u00e7\u00e3o nas elei\u00e7\u00f5es"},"content":{"rendered":"<p style=\"text-align: justify;\"><span style=\"color: #000000;\">O prefeito Edvaldo Nogueira assinou, no in\u00edcio da tarde desta quarta-feira, 31, a exonera\u00e7\u00e3o de Carlos Cau\u00ea do cargo de secret\u00e1rio de Governo. Tal medida foi tomada, ap\u00f3s solicita\u00e7\u00e3o do pr\u00f3prio Cau\u00ea, que ir\u00e1 atuar em campanhas eleitorais. Provisoriamente, o chefe de gabinete do prefeito, Renato Teles, assume a pasta.<\/span><\/p>\n<p style=\"text-align: justify;\"><span style=\"color: #000000;\">&#8220;Carlos Cau\u00ea \u00e9 um grande nome da nossa administra\u00e7\u00e3o e desempenhou muito bem o papel de secret\u00e1rio de Governo. Ele colaborou, de maneira efetiva, no processo de reconstru\u00e7\u00e3o da nossa cidade. Mas ao mesmo tempo, \u00e9 um respeitado e talentoso profissional da Comunica\u00e7\u00e3o e do Marketing, com grande experi\u00eancia em campanhas eleitorais, por isso ele decidiu pelo seu desligamento da prefeitura, para se dedicar a novas tarefas&#8221;, afirmou o prefeito.<\/span><\/p>\n<div id=\"attachment_110455\" style=\"width: 609px\" class=\"wp-caption aligncenter\"><a href=\"http:\/\/senoticias.com.br\/se\/wp-content\/uploads\/2018\/01\/edvaldo-e-carlos-caue-SENOTICIAS-e1517427874109.jpg\"><img loading=\"lazy\" decoding=\"async\" aria-describedby=\"caption-attachment-110455\" class=\"size-full wp-image-110455\" src=\"http:\/\/senoticias.com.br\/se\/wp-content\/uploads\/2018\/01\/edvaldo-e-carlos-caue-SENOTICIAS-e1517427874109.jpg\" alt=\"Foto: Silvio Rocha\/PMA\" width=\"599\" height=\"382\" \/><\/a><p id=\"caption-attachment-110455\" class=\"wp-caption-text\">Foto: Silvio Rocha\/PMA<\/p><\/div>\n<p style=\"text-align: justify;\"><span style=\"color: #000000;\">Com a sa\u00edda de Carlos Cau\u00ea, o prefeito d\u00e1 in\u00edcio ao processo de consulta aos secret\u00e1rios que ser\u00e3o candidatos no pleito deste ano ou que atuar\u00e3o de maneira direta em campanhas eleitorais, sejam elas majorit\u00e1rias ou proporcionais. O prazo final para estas defini\u00e7\u00f5es, segundo estabelecido por Edvaldo, \u00e9 31 de mar\u00e7o.<\/span><\/p>\n<p style=\"text-align: justify;\"><a href=\"http:\/\/senoticias.com.br\/se\/wp-content\/uploads\/2018\/01\/Logomarca-fone-SE-4-2.jpg\"><img loading=\"lazy\" decoding=\"async\" class=\"aligncenter size-full wp-image-110322\" src=\"http:\/\/senoticias.com.br\/se\/wp-content\/uploads\/2018\/01\/Logomarca-fone-SE-4-2.jpg\" alt=\"Logomarca-fone-SE-4\" width=\"599\" height=\"78\" srcset=\"https:\/\/senoticias.com.br\/se\/wp-content\/uploads\/2018\/01\/Logomarca-fone-SE-4-2.jpg 599w, https:\/\/senoticias.com.br\/se\/wp-content\/uploads\/2018\/01\/Logomarca-fone-SE-4-2-300x39.jpg 300w\" sizes=\"(max-width: 599px) 100vw, 599px\" \/><\/a><\/p>\n<p><em><strong>Acompanhe tamb\u00e9m o SE Not\u00edcias no\u00a0<a href=\"https:\/\/twitter.com\/Senoticias\" target=\"_blank\">Twitter<\/a>,\u00a0<a href=\"https:\/\/www.facebook.com\/senoticias1\" target=\"_blank\">Facebook<\/a>\u00a0e no\u00a0<a href=\"https:\/\/www.instagram.com\/senoticias\/\" target=\"_blank\">Instagram<\/a>\u00a0<\/strong><\/em><\/p>\n<p>Por AAN<\/p>\n","protected":false},"excerpt":{"rendered":"<p>O prefeito Edvaldo Nogueira assinou, no in\u00edcio da tarde desta quarta-feira, 31, a exonera\u00e7\u00e3o de Carlos Cau\u00ea do cargo de secret\u00e1rio de Governo. Tal medida foi tomada, ap\u00f3s solicita\u00e7\u00e3o do pr\u00f3prio Cau\u00ea, que ir\u00e1 atuar em campanhas eleitorais. Provisoriamente, o chefe de gabinete do prefeito, Renato Teles, assume a pasta. &#8220;Carlos Cau\u00ea \u00e9 um grande [&hellip;]<\/p>\n","protected":false},"author":2,"featured_media":0,"comment_status":"closed","ping_status":"closed","sticky":false,"template":"","format":"standard","meta":{"footnotes":""},"categories":[6],"tags":[371,339,8517,1436,638,2002,2168,223],"class_list":{"0":"post-110456","1":"post","2":"type-post","3":"status-publish","4":"format-standard","6":"category-politica","7":"tag-371","8":"tag-aracaju","9":"tag-carlos-caue","10":"tag-edvaldo","11":"tag-eleicoes","12":"tag-governo","13":"tag-politica","14":"tag-sergipe"},"_links":{"self":[{"href":"https:\/\/senoticias.com.br\/se\/wp-json\/wp\/v2\/posts\/110456"}],"collection":[{"href":"https:\/\/senoticias.com.br\/se\/wp-json\/wp\/v2\/posts"}],"about":[{"href":"https:\/\/senoticias.com.br\/se\/wp-json\/wp\/v2\/types\/post"}],"author":[{"embeddable":true,"href":"https:\/\/senoticias.com.br\/se\/wp-json\/wp\/v2\/users\/2"}],"replies":[{"embeddable":true,"href":"https:\/\/senoticias.com.br\/se\/wp-json\/wp\/v2\/comments?post=110456"}],"version-history":[{"count":0,"href":"https:\/\/senoticias.com.br\/se\/wp-json\/wp\/v2\/posts\/110456\/revisions"}],"wp:attachment":[{"href":"https:\/\/senoticias.com.br\/se\/wp-json\/wp\/v2\/media?parent=110456"}],"wp:term":[{"taxonomy":"category","embeddable":true,"href":"https:\/\/senoticias.com.br\/se\/wp-json\/wp\/v2\/categories?post=110456"},{"taxonomy":"post_tag","embeddable":true,"href":"https:\/\/senoticias.com.br\/se\/wp-json\/wp\/v2\/tags?post=110456"}],"curies":[{"name":"wp","href":"https:\/\/api.w.org\/{rel}","templated":true}]}}