{"id":110454,"date":"2018-01-31T16:48:26","date_gmt":"2018-01-31T19:48:26","guid":{"rendered":"http:\/\/senoticias.com.br\/se\/?p=110454"},"modified":"2018-01-31T16:59:22","modified_gmt":"2018-01-31T19:59:22","slug":"edvaldo-inicia-substituicao-de-secretarios-que-atuarao-em-campanhas-eleitorais","status":"publish","type":"post","link":"https:\/\/senoticias.com.br\/se\/edvaldo-inicia-substituicao-de-secretarios-que-atuarao-em-campanhas-eleitorais\/","title":{"rendered":"Governo de Sergipe oferta novas vagas n\u00edvel m\u00e9dio em Agroind\u00fastria e Agropecu\u00e1ria em Po\u00e7o Redondo"},"content":{"rendered":"<div style=\"text-align: justify;\"><\/div>\n<div style=\"text-align: justify;\">\n<p>Com in\u00edcio das aulas do Ano Letivo 2018 programado para o pr\u00f3ximo dia 5 de mar\u00e7o, o Centro Estadual de Educa\u00e7\u00e3o Profissional (CEEP) &#8220;Dom Jos\u00e9 Brand\u00e3o de Castro&#8221;, localizado no assentamento Queimada Grande, no munic\u00edpio Po\u00e7o Redondo, est\u00e1 com inscri\u00e7\u00f5es abertas para Processo Seletivo de Estudantes (PSE) visando o preenchimento de 140 novas vagas nos cursos t\u00e9cnicos de Agroind\u00fastria e Agropecu\u00e1ria, j\u00e1 ofertados por esta unidade escolar, cujas novas instala\u00e7\u00f5es foram entregues \u00e0s popula\u00e7\u00f5es do campo pelo governo de Sergipe em maio de 2017, ap\u00f3s a realiza\u00e7\u00e3o um investimento superior a R$ 7 milh\u00f5es.<\/p>\n<div id=\"attachment_110462\" style=\"width: 606px\" class=\"wp-caption aligncenter\"><a href=\"http:\/\/senoticias.com.br\/se\/wp-content\/uploads\/2018\/01\/POCO-REDONDO-SE-Noticias-e1517428735731.jpg\"><img loading=\"lazy\" decoding=\"async\" aria-describedby=\"caption-attachment-110462\" class=\"size-full wp-image-110462\" src=\"http:\/\/senoticias.com.br\/se\/wp-content\/uploads\/2018\/01\/POCO-REDONDO-SE-Noticias-e1517428735731.jpg\" alt=\"Foto: Maria Od\u00edlia\/Seed\" width=\"596\" height=\"398\" \/><\/a><p id=\"caption-attachment-110462\" class=\"wp-caption-text\">Foto: Maria Od\u00edlia\/Seed<\/p><\/div>\n<p>De acordo com o Edital N\u00ba 01\/2018, publicado pela Secretaria de Estado da Educa\u00e7\u00e3o (Seed), os estudantes interessados em participar do PSE 2018 t\u00eam at\u00e9 o pr\u00f3ximo dia 9 de fevereiro para realizarem suas inscri\u00e7\u00f5es, que devem ser feitas na Secretaria do CEEP &#8220;Dom Jos\u00e9 Brand\u00e3o de Castro&#8221;, localizada na Rodovia SE 206 &#8211; KM 05, s\/n, das 8h \u00e0s 12 e das 13h \u00e0s 21h, ou tamb\u00e9m pelos telefones (79) 3337-4014, (79) 98878-9438, (79) 99818-8996.<\/p>\n<p>Para realizar o procedimento, \u00e9 necess\u00e1rio apenas que o candidato \u00e0 vaga apresente, no ato de inscri\u00e7\u00e3o, os originais e uma c\u00f3pia da Carteira de Identidade e do Certificado de Conclus\u00e3o do Ensino M\u00e9dio. Os candidatos classificados dever\u00e3o realizar as suas matr\u00edculas na Secretaria do CEEP &#8220;Dom Jos\u00e9 Brand\u00e3o de Castro&#8221; entre os dias 19 e 23 de fevereiro.<\/p>\n<p>Ofertados de modo integrado ao ensino m\u00e9dio, com dura\u00e7\u00e3o de tr\u00eas anos, os cursos t\u00e9cnicos em Agroind\u00fastria (35 vagas) e em Agropecu\u00e1ria (105 vagas) do &#8220;Dom Jos\u00e9 Brand\u00e3o de Castro&#8221;, destinam-se principalmente aos estudantes filhos de assentados, acampados, ribeirinhos, quilombolas, ind\u00edgenas e demais popula\u00e7\u00f5es do campo, que j\u00e1 tenham conclu\u00eddo o ensino fundamental.<br \/>\n&#8220;Os alunos que estudam nesta escola saem com o ensino m\u00e9dio completo, preparados para ingressar no ensino superior, e ainda uma forma\u00e7\u00e3o t\u00e9cnica, prontos para o mercado de trabalho. Por se tratar de educa\u00e7\u00e3o do campo, para atender \u00e0s necessidades dos trabalhadores rurais, a escola atua com a pedagogia da altern\u00e2ncia, por meio da qual, ao longo do m\u00eas, os estudantes moram na escola por 15 dias, estudando, e nos outros dias 15 dias desenvolvem suas atividades junto \u00e0s suas fam\u00edlias&#8221;, destaca o secret\u00e1rio de Estado da Educa\u00e7\u00e3o, Jorge Carvalho.<\/p>\n<p><strong>Investimentos<\/strong><\/p>\n<p>Vocacionado para atender as demandas econ\u00f4micas do Alto Sert\u00e3o Sergipano, regi\u00e3o na qual predomina a agropecu\u00e1ria, a escola profissionalizante &#8220;Dom Jos\u00e9 Brand\u00e3o de Castro&#8221;, ap\u00f3s um investimento de R$ 7 milh\u00f5es feito pelo Governo de Sergipe, recebeu novas edifica\u00e7\u00f5es, passou por uma s\u00e9rie de melhorias em sua infraestrutura e beneficia atualmente mais de 380 alunos desta regi\u00e3o, em sua maioria filhos de trabalhadores do campo.<\/p>\n<p>Segundo o superintende executivo da Seed, professor Everton Siqueira, as obras executadas no Centro Dom Brand\u00e3o contemplaram a constru\u00e7\u00e3o de um bloco pedag\u00f3gico, com 12 salas de aula com capacidade para 40 alunos cada, e cinco laborat\u00f3rios, sendo dois deles de Inform\u00e1tica, um de Ci\u00eancias, outro de Biologia e um de F\u00edsica, e tamb\u00e9m uma nova biblioteca.<\/p>\n<p>&#8220;A partir dos investimentos realizados pelo governo estadual, foi constru\u00eddo tamb\u00e9m um bloco administrativo e outro de servi\u00e7os, com cozinha industrial, refeit\u00f3rio, despensa e banheiros. E, por ofertar cursos t\u00e9cnicos de n\u00edvel m\u00e9dio de Agroind\u00fastria e de Agropecu\u00e1ria, foi constru\u00eddo um outro bloco com mais seis laborat\u00f3rios t\u00e9cnicos, sendo um de Mecaniza\u00e7\u00e3o Agr\u00edcola; um de Qu\u00edmica; um de Processamento de Alimentos; um de Microbiologia; um de Topografia e um de Inform\u00e1tica&#8221;, destaca o professor Everton Siqueira, ao acrescentar que toda escola possui sinal de internet banda larga disponibilizado via rede wifi para toda comunidade escolar.<\/p>\n<p><strong>Educa\u00e7\u00e3o no campo<\/strong><\/p>\n<p>Preocupado em oferecer melhores condi\u00e7\u00f5es de perman\u00eancia dos estudantes na escola, o Governo do Estado finalizou a constru\u00e7\u00e3o do pr\u00e9dio do alojamento para os estudantes do Centro Profissionalizante Dom Jos\u00e9 Brand\u00e3o de Castro, haja vista o regime de altern\u00e2ncia da escola. O espa\u00e7o de dormit\u00f3rio conta com 32 quartos coletivos, vesti\u00e1rios com cinco chuveiros e quatro sanit\u00e1rios, uma sala de estudo, corredor e \u00e1rea de circula\u00e7\u00e3o, al\u00e9m de lavanderia com tanques e varais, dividido em alas masculina e feminina.<\/p>\n<p>Os cursos ofertados nesta unidade de ensino t\u00eam dura\u00e7\u00e3o de tr\u00eas anos e s\u00e3o aplicados no regime pedag\u00f3gico de altern\u00e2ncia, que consiste na forma\u00e7\u00e3o do t\u00e9cnico utilizando espa\u00e7os e tempos diferentes, divididos entre o meio socioprofissional e o meio escolar, guiado por uma proposta que visa \u00e0 forma\u00e7\u00e3o integral do educando e ao desenvolvimento do meio no qual est\u00e1 inserido.<br \/>\nSegundo o professor Edjenaldo, diretor do CEEP Dom Jos\u00e9 Brand\u00e3o de Castro, a escola atende n\u00e3o apenas estudantes do munic\u00edpio de Po\u00e7o Redondo, mas tamb\u00e9m de todo territ\u00f3rio do Alto Sert\u00e3o sergipano e at\u00e9 de munic\u00edpios baianos fronteiri\u00e7os.<\/p>\n<\/div>\n<div style=\"text-align: justify;\">Da ASN.<\/div>\n<div style=\"text-align: justify;\">\n<p style=\"line-height: 14.25pt;\"><strong><span style=\"font-size: 10.0pt; font-family: 'Georgia','serif'; color: #333333;\">Acompanhe tamb\u00e9m o SE Not\u00edcias no<\/span><\/strong><span class=\"apple-converted-space\"><b><span style=\"font-size: 10.0pt; font-family: 'Georgia','serif'; color: #333333;\">\u00a0<\/span><\/b><\/span><a href=\"https:\/\/twitter.com\/Senoticias\" target=\"_blank\"><b><span style=\"font-size: 10.0pt; font-family: 'Georgia','serif';\">Twitter<\/span><\/b><\/a><strong><span style=\"font-size: 10.0pt; font-family: 'Georgia','serif'; color: #333333;\">,<\/span><\/strong><span class=\"apple-converted-space\"><b><span style=\"font-size: 10.0pt; font-family: 'Georgia','serif'; color: #333333;\">\u00a0<\/span><\/b><\/span><a href=\"https:\/\/www.facebook.com\/senoticias1\" target=\"_blank\"><b><span style=\"font-size: 10.0pt; font-family: 'Georgia','serif';\">Facebook<\/span><\/b><span class=\"apple-converted-space\"><b><span style=\"font-size: 10.0pt; font-family: 'Georgia','serif'; color: windowtext; text-decoration: none; text-underline: none;\">\u00a0<\/span><\/b><\/span><\/a><strong><span style=\"font-size: 10.0pt; font-family: 'Georgia','serif'; color: #333333;\">e no<\/span><\/strong><span class=\"apple-converted-space\"><b><span style=\"font-size: 10.0pt; font-family: 'Georgia','serif'; color: #333333;\">\u00a0<\/span><\/b><\/span><a href=\"https:\/\/www.instagram.com\/senoticias\/\" target=\"_blank\"><b><span style=\"font-size: 10.0pt; font-family: 'Georgia','serif';\">Instagram<\/span><\/b><\/a><strong><span style=\"font-size: 10.0pt; font-family: 'Georgia','serif'; color: #333333;\">.<\/span><\/strong><\/p>\n<p style=\"line-height: 14.25pt;\"><a href=\"http:\/\/senoticias.com.br\/se\/wp-content\/uploads\/2018\/01\/Logomarca-fone-SE-4-2.jpg\"><img loading=\"lazy\" decoding=\"async\" class=\"alignleft size-full wp-image-110322\" src=\"http:\/\/senoticias.com.br\/se\/wp-content\/uploads\/2018\/01\/Logomarca-fone-SE-4-2.jpg\" alt=\"Logomarca-fone-SE-4\" width=\"599\" height=\"78\" srcset=\"https:\/\/senoticias.com.br\/se\/wp-content\/uploads\/2018\/01\/Logomarca-fone-SE-4-2.jpg 599w, https:\/\/senoticias.com.br\/se\/wp-content\/uploads\/2018\/01\/Logomarca-fone-SE-4-2-300x39.jpg 300w\" sizes=\"(max-width: 599px) 100vw, 599px\" \/><\/a><\/p>\n<\/div>\n","protected":false},"excerpt":{"rendered":"<p>Com in\u00edcio das aulas do Ano Letivo 2018 programado para o pr\u00f3ximo dia 5 de mar\u00e7o, o Centro Estadual de Educa\u00e7\u00e3o Profissional (CEEP) &#8220;Dom Jos\u00e9 Brand\u00e3o de Castro&#8221;, localizado no assentamento Queimada Grande, no munic\u00edpio Po\u00e7o Redondo, est\u00e1 com inscri\u00e7\u00f5es abertas para Processo Seletivo de Estudantes (PSE) visando o preenchimento de 140 novas vagas nos [&hellip;]<\/p>\n","protected":false},"author":2,"featured_media":110462,"comment_status":"closed","ping_status":"closed","sticky":false,"template":"","format":"standard","meta":{"footnotes":""},"categories":[38],"tags":[8523],"class_list":{"0":"post-110454","1":"post","2":"type-post","3":"status-publish","4":"format-standard","5":"has-post-thumbnail","7":"category-municipios","8":"tag-governo-de-sergipe-oferta-novas-vagas-nivel-medio-em-agroindustria-e-agropecuaria-em-poco-redondo"},"_links":{"self":[{"href":"https:\/\/senoticias.com.br\/se\/wp-json\/wp\/v2\/posts\/110454"}],"collection":[{"href":"https:\/\/senoticias.com.br\/se\/wp-json\/wp\/v2\/posts"}],"about":[{"href":"https:\/\/senoticias.com.br\/se\/wp-json\/wp\/v2\/types\/post"}],"author":[{"embeddable":true,"href":"https:\/\/senoticias.com.br\/se\/wp-json\/wp\/v2\/users\/2"}],"replies":[{"embeddable":true,"href":"https:\/\/senoticias.com.br\/se\/wp-json\/wp\/v2\/comments?post=110454"}],"version-history":[{"count":0,"href":"https:\/\/senoticias.com.br\/se\/wp-json\/wp\/v2\/posts\/110454\/revisions"}],"wp:featuredmedia":[{"embeddable":true,"href":"https:\/\/senoticias.com.br\/se\/wp-json\/wp\/v2\/media\/110462"}],"wp:attachment":[{"href":"https:\/\/senoticias.com.br\/se\/wp-json\/wp\/v2\/media?parent=110454"}],"wp:term":[{"taxonomy":"category","embeddable":true,"href":"https:\/\/senoticias.com.br\/se\/wp-json\/wp\/v2\/categories?post=110454"},{"taxonomy":"post_tag","embeddable":true,"href":"https:\/\/senoticias.com.br\/se\/wp-json\/wp\/v2\/tags?post=110454"}],"curies":[{"name":"wp","href":"https:\/\/api.w.org\/{rel}","templated":true}]}}