{"id":110450,"date":"2018-01-31T16:41:26","date_gmt":"2018-01-31T19:41:26","guid":{"rendered":"http:\/\/senoticias.com.br\/se\/?p=110450"},"modified":"2018-01-31T16:41:26","modified_gmt":"2018-01-31T19:41:26","slug":"aracaju-e-destaque-em-revista-especializada-em-turismo","status":"publish","type":"post","link":"https:\/\/senoticias.com.br\/se\/aracaju-e-destaque-em-revista-especializada-em-turismo\/","title":{"rendered":"Aracaju \u00e9 destaque em revista especializada em turismo"},"content":{"rendered":"<p style=\"text-align: justify;\">A revista\u00a0<a href=\"http:\/\/panoramadoturismo.com.br\/revista\/panoramadoturismojaneiro.pdf\" target=\"_blank\">\u2018Panorama do Turismo\u2019<\/a>\u00a0, publica\u00e7\u00e3o nacional especializada no segmento do turismo, com 12 anos de circula\u00e7\u00e3o divulgando destinos, fez ampla mat\u00e9ria na primeira edi\u00e7\u00e3o do ano com o t\u00edtulo \u201cAracaju recebe voc\u00ea de bra\u00e7os abertos!\u201d. A mat\u00e9ria faz um tour por Aracaju e desperta a aten\u00e7\u00e3o dos leitores para os atrativos que a cidade tem. De acordo com o planejamento editorial de 2018, a revista vai destacar um destino nacional ou internacional a cada m\u00eas, com o objetivo de dar visibilidade e incrementar o fluxo de turismo em cada localidade. Ser\u00e3o 12 destinos, em 12 publica\u00e7\u00f5es mensais, com Aracaju abrindo a s\u00e9rie.<\/p>\n<div id=\"attachment_110452\" style=\"width: 387px\" class=\"wp-caption alignleft\"><a href=\"http:\/\/senoticias.com.br\/se\/wp-content\/uploads\/2018\/01\/panorama_do_turismo.-SE-Noticias.jpg\"><img loading=\"lazy\" decoding=\"async\" aria-describedby=\"caption-attachment-110452\" class=\"size-full wp-image-110452\" src=\"http:\/\/senoticias.com.br\/se\/wp-content\/uploads\/2018\/01\/panorama_do_turismo.-SE-Noticias.jpg\" alt=\"Capa da revista Panorama do Turismo, \u201cAracaju recebe voc\u00ea de bra\u00e7os abertos!\u201d Imagem: Divulga\u00e7\u00e3o \" width=\"377\" height=\"509\" srcset=\"https:\/\/senoticias.com.br\/se\/wp-content\/uploads\/2018\/01\/panorama_do_turismo.-SE-Noticias.jpg 377w, https:\/\/senoticias.com.br\/se\/wp-content\/uploads\/2018\/01\/panorama_do_turismo.-SE-Noticias-222x300.jpg 222w\" sizes=\"(max-width: 377px) 100vw, 377px\" \/><\/a><p id=\"caption-attachment-110452\" class=\"wp-caption-text\">Capa da revista Panorama do Turismo, \u201cAracaju recebe voc\u00ea de bra\u00e7os abertos!\u201d Imagem: Divulga\u00e7\u00e3o<\/p><\/div>\n<p style=\"text-align: justify;\">\n<p>No t\u00edtulo, uma exalta\u00e7\u00e3o \u00e0 conhecida hospitalidade do aracajuano. A mat\u00e9ria, de 12 p\u00e1ginas, narra a hist\u00f3ria da funda\u00e7\u00e3o da cidade, com sua caracter\u00edstica em forma em tabuleiro de xadrez, e faz um passeio, de sul a norte, ilustrado por fotografias. \u201cUm local apraz\u00edvel, com diversificado roteiro gastron\u00f4mico, rica cultura, expressiva heran\u00e7a hist\u00f3rica, op\u00e7\u00f5es de lazer e divers\u00e3o, sortida rede hoteleira\u201d, com um povo feliz e acolhedor. Enfim, \u00e9 local tranquilo para curtir f\u00e9rias\u201d, pontua a revista.<\/p>\n<p>A Orla da Atalaia \u00e9 citada como o \u201cpoint local\u201d, com larga faixa de mar e areia, v\u00e1rios equipamentos de entretenimento e lazer, quadras poliesportivas, pra\u00e7a de eventos, hot\u00e9is, pousadas e um \u201csingular\u201d complexo de bares e restaurantes. Destaque tamb\u00e9m para a Passarela do Caranguejo, Ocean\u00e1rio de Aracaju e o Monumento dos Formadores da Nacionalidade, citando, um a um, os grandes vultos da nossa hist\u00f3ria. Do sul para o centro, uma parada no Centro Hist\u00f3rico e um mergulho na mem\u00f3ria da cidade, atrav\u00e9s do seu patrim\u00f4nio arquitet\u00f4nico, pra\u00e7as, pal\u00e1cios e museus; roteiro compreendido pelo Centro Cultural de Aracaju, Museu da Gente Sergipana, Pal\u00e1cio Museu Ol\u00edmpio Campos, Museu do Homem Sergipano, Catedral Metropolitana e o Centro de Artesanato, anexo \u00e0 Rua do Turista.<\/p>\n<p>O secret\u00e1rio municipal da Ind\u00fastria, Com\u00e9rcio e Turismo, Jorge Santana, comemorou mais esse destaque nacional da cidade, enaltecendo o esfor\u00e7o da gest\u00e3o do prefeito Edvaldo Nogueira na organiza\u00e7\u00e3o da cidade e o permanente di\u00e1logo com a Secretaria de Estado do Turismo (Setur), o trade tur\u00edstico, Fecom\u00e9rcio\/Se, Sebrae\/Se e entidades que comp\u00f5em o segmento do turismo.<\/p>\n<p style=\"text-align: justify;\">A mat\u00e9ria \u00e9 finalizada com a divulga\u00e7\u00e3o de um pacote tur\u00edstico para Aracaju, no per\u00edodo de 1\u00ba de mar\u00e7o a 30 de junho, com o t\u00edtulo \u201cConhe\u00e7a Aracaju\u201d. \u201cA cidade \u00e9 famosa por sua qualidade de vida, sol, belas praias, pra\u00e7as arborizadas que se harmonizam com os manguezais, ruas e avenidas. \u00c9 o t\u00edpico local que se gostaria de morar\u201d, diz o an\u00fancio, abrindo a perspectiva de um movimentado ano para o turismo na cidade.<\/p>\n<p style=\"text-align: justify;\">Da Ag\u00eancia Aracaju Noticias.<\/p>\n<p style=\"line-height: 14.25pt; text-align: justify;\"><strong><span style=\"font-size: 10.0pt; font-family: 'Georgia','serif'; color: #333333;\">Acompanhe tamb\u00e9m o SE Not\u00edcias no<\/span><\/strong><span class=\"apple-converted-space\"><b><span style=\"font-size: 10.0pt; font-family: 'Georgia','serif'; color: #333333;\">\u00a0<\/span><\/b><\/span><a href=\"https:\/\/twitter.com\/Senoticias\" target=\"_blank\"><b><span style=\"font-size: 10.0pt; font-family: 'Georgia','serif';\">Twitter<\/span><\/b><\/a><strong><span style=\"font-size: 10.0pt; font-family: 'Georgia','serif'; color: #333333;\">,<\/span><\/strong><span class=\"apple-converted-space\"><b><span style=\"font-size: 10.0pt; font-family: 'Georgia','serif'; color: #333333;\">\u00a0<\/span><\/b><\/span><a href=\"https:\/\/www.facebook.com\/senoticias1\" target=\"_blank\"><b><span style=\"font-size: 10.0pt; font-family: 'Georgia','serif';\">Facebook<\/span><\/b><span class=\"apple-converted-space\"><b><span style=\"font-size: 10.0pt; font-family: 'Georgia','serif'; color: windowtext; text-decoration: none; text-underline: none;\">\u00a0<\/span><\/b><\/span><\/a><strong><span style=\"font-size: 10.0pt; font-family: 'Georgia','serif'; color: #333333;\">e no<\/span><\/strong><span class=\"apple-converted-space\"><b><span style=\"font-size: 10.0pt; font-family: 'Georgia','serif'; color: #333333;\">\u00a0<\/span><\/b><\/span><a href=\"https:\/\/www.instagram.com\/senoticias\/\" target=\"_blank\"><b><span style=\"font-size: 10.0pt; font-family: 'Georgia','serif';\">Instagram<\/span><\/b><\/a><strong><span style=\"font-size: 10.0pt; font-family: 'Georgia','serif'; color: #333333;\">.<\/span><\/strong><\/p>\n<p style=\"line-height: 14.25pt;\"><a href=\"http:\/\/senoticias.com.br\/se\/wp-content\/uploads\/2018\/01\/Logomarca-fone-SE-4-2.jpg\"><img loading=\"lazy\" decoding=\"async\" class=\"aligncenter size-full wp-image-110322\" src=\"http:\/\/senoticias.com.br\/se\/wp-content\/uploads\/2018\/01\/Logomarca-fone-SE-4-2.jpg\" alt=\"Logomarca-fone-SE-4\" width=\"599\" height=\"78\" srcset=\"https:\/\/senoticias.com.br\/se\/wp-content\/uploads\/2018\/01\/Logomarca-fone-SE-4-2.jpg 599w, https:\/\/senoticias.com.br\/se\/wp-content\/uploads\/2018\/01\/Logomarca-fone-SE-4-2-300x39.jpg 300w\" sizes=\"(max-width: 599px) 100vw, 599px\" \/><\/a><\/p>\n","protected":false},"excerpt":{"rendered":"<p>A revista\u00a0\u2018Panorama do Turismo\u2019\u00a0, publica\u00e7\u00e3o nacional especializada no segmento do turismo, com 12 anos de circula\u00e7\u00e3o divulgando destinos, fez ampla mat\u00e9ria na primeira edi\u00e7\u00e3o do ano com o t\u00edtulo \u201cAracaju recebe voc\u00ea de bra\u00e7os abertos!\u201d. A mat\u00e9ria faz um tour por Aracaju e desperta a aten\u00e7\u00e3o dos leitores para os atrativos que a cidade tem. [&hellip;]<\/p>\n","protected":false},"author":2,"featured_media":110452,"comment_status":"closed","ping_status":"closed","sticky":false,"template":"","format":"standard","meta":{"footnotes":""},"categories":[38],"tags":[8516],"class_list":{"0":"post-110450","1":"post","2":"type-post","3":"status-publish","4":"format-standard","5":"has-post-thumbnail","7":"category-municipios","8":"tag-aracaju-e-destaque-em-revista-especializada-em-turismo"},"_links":{"self":[{"href":"https:\/\/senoticias.com.br\/se\/wp-json\/wp\/v2\/posts\/110450"}],"collection":[{"href":"https:\/\/senoticias.com.br\/se\/wp-json\/wp\/v2\/posts"}],"about":[{"href":"https:\/\/senoticias.com.br\/se\/wp-json\/wp\/v2\/types\/post"}],"author":[{"embeddable":true,"href":"https:\/\/senoticias.com.br\/se\/wp-json\/wp\/v2\/users\/2"}],"replies":[{"embeddable":true,"href":"https:\/\/senoticias.com.br\/se\/wp-json\/wp\/v2\/comments?post=110450"}],"version-history":[{"count":0,"href":"https:\/\/senoticias.com.br\/se\/wp-json\/wp\/v2\/posts\/110450\/revisions"}],"wp:featuredmedia":[{"embeddable":true,"href":"https:\/\/senoticias.com.br\/se\/wp-json\/wp\/v2\/media\/110452"}],"wp:attachment":[{"href":"https:\/\/senoticias.com.br\/se\/wp-json\/wp\/v2\/media?parent=110450"}],"wp:term":[{"taxonomy":"category","embeddable":true,"href":"https:\/\/senoticias.com.br\/se\/wp-json\/wp\/v2\/categories?post=110450"},{"taxonomy":"post_tag","embeddable":true,"href":"https:\/\/senoticias.com.br\/se\/wp-json\/wp\/v2\/tags?post=110450"}],"curies":[{"name":"wp","href":"https:\/\/api.w.org\/{rel}","templated":true}]}}