{"id":110448,"date":"2018-01-31T16:35:33","date_gmt":"2018-01-31T19:35:33","guid":{"rendered":"http:\/\/senoticias.com.br\/se\/?p=110448"},"modified":"2018-01-31T16:35:33","modified_gmt":"2018-01-31T19:35:33","slug":"fundat-leva-servicos-de-aprimoramento-profissional-em-acao-da-assistencia-social","status":"publish","type":"post","link":"https:\/\/senoticias.com.br\/se\/fundat-leva-servicos-de-aprimoramento-profissional-em-acao-da-assistencia-social\/","title":{"rendered":"Fundat leva servi\u00e7os de aprimoramento profissional em a\u00e7\u00e3o da Assist\u00eancia Social"},"content":{"rendered":"<p style=\"text-align: justify;\">Nesta quinta-feira, 1\u00ba de fevereiro, a Funda\u00e7\u00e3o Municipal de Forma\u00e7\u00e3o para o Trabalho (Fundat) participar\u00e1 da segunda edi\u00e7\u00e3o do Di\u00e1logo Popular &#8211; Cras Presente, evento promovido pela Secretaria Municipal da Assist\u00eancia Social, atrav\u00e9s da Coordenadoria de Prote\u00e7\u00e3o Social B\u00e1sica, com a finalidade de oportunizar a comunidade local informa\u00e7\u00f5es e servi\u00e7os de orienta\u00e7\u00e3o e preven\u00e7\u00e3o. A a\u00e7\u00e3o tem o apoio do Centro de Refer\u00eancia de Assist\u00eancia Social (Cras) Madre Tereza de Calcut\u00e1, e acontecer\u00e1 das 8h \u00e0s 17h, na Unidade de Sa\u00fade Irm\u00e3 Caridade, localizada no Povoado Aloque.<\/p>\n<div id=\"attachment_110449\" style=\"width: 606px\" class=\"wp-caption aligncenter\"><a href=\"http:\/\/senoticias.com.br\/se\/wp-content\/uploads\/2018\/01\/fundat_1-SE-Noticias-e1517427297120.jpg\"><img loading=\"lazy\" decoding=\"async\" aria-describedby=\"caption-attachment-110449\" class=\"size-full wp-image-110449\" src=\"http:\/\/senoticias.com.br\/se\/wp-content\/uploads\/2018\/01\/fundat_1-SE-Noticias-e1517427297120.jpg\" alt=\"Foto: Ascom\/Fundat \" width=\"596\" height=\"397\" \/><\/a><p id=\"caption-attachment-110449\" class=\"wp-caption-text\">Foto: Ascom\/Fundat<\/p><\/div>\n<p style=\"text-align: justify;\">A fim de oferecer suporte ao aprimoramento profissional do aracajuano, a Fundat, por meio da Ag\u00eancia do Trabalhador, levar\u00e1 no per\u00edodo matutino, a oficina de elabora\u00e7\u00e3o de curr\u00edculo e uma palestra sobre comportamento e comunica\u00e7\u00e3o em entrevista de emprego e, \u00e0 tarde, ofertar\u00e1 o servi\u00e7o de cadastro de curr\u00edculo.<\/p>\n<p style=\"text-align: justify;\">Segundo a diretora de Empreendedorismo e Cooperativismo da Funda\u00e7\u00e3o, Rosana Amaral, \u00e9 importante acompanhar este p\u00fablico de perto, para instru\u00ed-lo quanto ao caminho adequado para o acesso ao mercado de trabalho. &#8220;Com as orienta\u00e7\u00f5es que ser\u00e3o dadas por nossos t\u00e9cnicos, eles se sentir\u00e3o mais seguros para enfrentar os desafios encontrados na busca por um emprego&#8221;, afirma Rosana.<\/p>\n<p style=\"text-align: justify;\">Al\u00e9m disso, o evento contar\u00e1 com outras atividades como roda de conversa sobre os cuidados essenciais com a sa\u00fade, incluindo as a\u00e7\u00f5es de apoio ao Janeiro Branco (movimento de promo\u00e7\u00e3o \u00e0 sa\u00fade mental e ao bem-estar), debates a respeito do enfrentamento da explora\u00e7\u00e3o e abuso sexual, apresenta\u00e7\u00f5es culturais, atendimento psicossocial, realiza\u00e7\u00e3o e atualiza\u00e7\u00e3o do cadastro \u00fanico.<\/p>\n<p style=\"text-align: justify;\">De acordo com a coordenadora de Prote\u00e7\u00e3o Social B\u00e1sica, Lara do Nascimento, as a\u00e7\u00f5es e mobiliza\u00e7\u00e3o dos parceiros atuantes s\u00e3o pensadas a partir das necessidades da regi\u00e3o que ser\u00e1 atendida. &#8220;O papel dos Cras \u00e9 atingir as comunidades desenvolvendo um trabalho voltado \u00e0 preven\u00e7\u00e3o, almejando ser refer\u00eancia no quesito assist\u00eancia, nos locais onde atuamos. Para isso, nos unimos em parceria com outros \u00f3rg\u00e3os que possuem uma miss\u00e3o semelhante a nossa&#8221;, explica Lara, ressaltando a import\u00e2ncia dos Centros de Refer\u00eancia que facilita o acesso do cidad\u00e3o ao Sistema \u00danico de Assist\u00eancia Social (Suas), respons\u00e1vel por assegurar prote\u00e7\u00e3o social ao indiv\u00edduo.<\/p>\n<p style=\"text-align: justify;\">Da Ag\u00eancia Aracaju Noticias.<\/p>\n<p style=\"line-height: 14.25pt;\"><strong><span style=\"font-size: 10.0pt; font-family: 'Georgia','serif'; color: #333333;\">Acompanhe tamb\u00e9m o SE Not\u00edcias no<\/span><\/strong><span class=\"apple-converted-space\"><b><span style=\"font-size: 10.0pt; font-family: 'Georgia','serif'; color: #333333;\">\u00a0<\/span><\/b><\/span><a href=\"https:\/\/twitter.com\/Senoticias\" target=\"_blank\"><b><span style=\"font-size: 10.0pt; font-family: 'Georgia','serif';\">Twitter<\/span><\/b><\/a><strong><span style=\"font-size: 10.0pt; font-family: 'Georgia','serif'; color: #333333;\">,<\/span><\/strong><span class=\"apple-converted-space\"><b><span style=\"font-size: 10.0pt; font-family: 'Georgia','serif'; color: #333333;\">\u00a0<\/span><\/b><\/span><a href=\"https:\/\/www.facebook.com\/senoticias1\" target=\"_blank\"><b><span style=\"font-size: 10.0pt; font-family: 'Georgia','serif';\">Facebook<\/span><\/b><span class=\"apple-converted-space\"><b><span style=\"font-size: 10.0pt; font-family: 'Georgia','serif'; color: windowtext; text-decoration: none; text-underline: none;\">\u00a0<\/span><\/b><\/span><\/a><strong><span style=\"font-size: 10.0pt; font-family: 'Georgia','serif'; color: #333333;\">e no<\/span><\/strong><span class=\"apple-converted-space\"><b><span style=\"font-size: 10.0pt; font-family: 'Georgia','serif'; color: #333333;\">\u00a0<\/span><\/b><\/span><a href=\"https:\/\/www.instagram.com\/senoticias\/\" target=\"_blank\"><b><span style=\"font-size: 10.0pt; font-family: 'Georgia','serif';\">Instagram<\/span><\/b><\/a><strong><span style=\"font-size: 10.0pt; font-family: 'Georgia','serif'; color: #333333;\">.<\/span><\/strong><\/p>\n<p style=\"line-height: 14.25pt;\"><a href=\"http:\/\/senoticias.com.br\/se\/wp-content\/uploads\/2018\/01\/Logomarca-fone-SE-4-2.jpg\"><img loading=\"lazy\" decoding=\"async\" class=\"aligncenter size-full wp-image-110322\" src=\"http:\/\/senoticias.com.br\/se\/wp-content\/uploads\/2018\/01\/Logomarca-fone-SE-4-2.jpg\" alt=\"Logomarca-fone-SE-4\" width=\"599\" height=\"78\" srcset=\"https:\/\/senoticias.com.br\/se\/wp-content\/uploads\/2018\/01\/Logomarca-fone-SE-4-2.jpg 599w, https:\/\/senoticias.com.br\/se\/wp-content\/uploads\/2018\/01\/Logomarca-fone-SE-4-2-300x39.jpg 300w\" sizes=\"(max-width: 599px) 100vw, 599px\" \/><\/a><\/p>\n","protected":false},"excerpt":{"rendered":"<p>Nesta quinta-feira, 1\u00ba de fevereiro, a Funda\u00e7\u00e3o Municipal de Forma\u00e7\u00e3o para o Trabalho (Fundat) participar\u00e1 da segunda edi\u00e7\u00e3o do Di\u00e1logo Popular &#8211; Cras Presente, evento promovido pela Secretaria Municipal da Assist\u00eancia Social, atrav\u00e9s da Coordenadoria de Prote\u00e7\u00e3o Social B\u00e1sica, com a finalidade de oportunizar a comunidade local informa\u00e7\u00f5es e servi\u00e7os de orienta\u00e7\u00e3o e preven\u00e7\u00e3o. A [&hellip;]<\/p>\n","protected":false},"author":2,"featured_media":110449,"comment_status":"closed","ping_status":"closed","sticky":false,"template":"","format":"standard","meta":{"footnotes":""},"categories":[8],"tags":[8515],"class_list":{"0":"post-110448","1":"post","2":"type-post","3":"status-publish","4":"format-standard","5":"has-post-thumbnail","7":"category-esporte-e-cultura","8":"tag-fundat-leva-servicos-de-aprimoramento-profissional-em-acao-da-assistencia-social"},"_links":{"self":[{"href":"https:\/\/senoticias.com.br\/se\/wp-json\/wp\/v2\/posts\/110448"}],"collection":[{"href":"https:\/\/senoticias.com.br\/se\/wp-json\/wp\/v2\/posts"}],"about":[{"href":"https:\/\/senoticias.com.br\/se\/wp-json\/wp\/v2\/types\/post"}],"author":[{"embeddable":true,"href":"https:\/\/senoticias.com.br\/se\/wp-json\/wp\/v2\/users\/2"}],"replies":[{"embeddable":true,"href":"https:\/\/senoticias.com.br\/se\/wp-json\/wp\/v2\/comments?post=110448"}],"version-history":[{"count":0,"href":"https:\/\/senoticias.com.br\/se\/wp-json\/wp\/v2\/posts\/110448\/revisions"}],"wp:featuredmedia":[{"embeddable":true,"href":"https:\/\/senoticias.com.br\/se\/wp-json\/wp\/v2\/media\/110449"}],"wp:attachment":[{"href":"https:\/\/senoticias.com.br\/se\/wp-json\/wp\/v2\/media?parent=110448"}],"wp:term":[{"taxonomy":"category","embeddable":true,"href":"https:\/\/senoticias.com.br\/se\/wp-json\/wp\/v2\/categories?post=110448"},{"taxonomy":"post_tag","embeddable":true,"href":"https:\/\/senoticias.com.br\/se\/wp-json\/wp\/v2\/tags?post=110448"}],"curies":[{"name":"wp","href":"https:\/\/api.w.org\/{rel}","templated":true}]}}