{"id":110446,"date":"2018-01-31T16:24:52","date_gmt":"2018-01-31T19:24:52","guid":{"rendered":"http:\/\/senoticias.com.br\/se\/?p=110446"},"modified":"2018-01-31T16:45:05","modified_gmt":"2018-01-31T19:45:05","slug":"homem-e-morto-a-tiros-dentro-da-propria-residencia-no-bairro-industrial","status":"publish","type":"post","link":"https:\/\/senoticias.com.br\/se\/homem-e-morto-a-tiros-dentro-da-propria-residencia-no-bairro-industrial\/","title":{"rendered":"Homem \u00e9 morto a tiros dentro da pr\u00f3pria resid\u00eancia no bairro Industrial"},"content":{"rendered":"<p style=\"text-align: justify;\">Na manh\u00e3 desta quarta-feira (31), um homem identificado como Alessandro Costa do Rego, 25 anos foi morto, com diversos disparos de arma de fogo, dentro da pr\u00f3pria resid\u00eancia. Segundo o cabo Jordaense Novaes, que esteve no local do crime, o homem \u00e9 natural do estado de Alagoas, morava com o irm\u00e3o e trabalhava no Mercado Albano Franco. O crime aconteceu na rua Azul do Mar, esquina com a avenida Tancredo Campos, no bairro Industrial, em Aracaju.<\/p>\n<div id=\"attachment_110447\" style=\"width: 606px\" class=\"wp-caption aligncenter\"><a href=\"http:\/\/senoticias.com.br\/se\/wp-content\/uploads\/2018\/01\/1812850001-homicidio-bairro-industrial-SE-Noticias-e1517426630840.jpg\"><img loading=\"lazy\" decoding=\"async\" aria-describedby=\"caption-attachment-110447\" class=\"size-full wp-image-110447\" src=\"http:\/\/senoticias.com.br\/se\/wp-content\/uploads\/2018\/01\/1812850001-homicidio-bairro-industrial-SE-Noticias-e1517426630840.jpg\" alt=\"Foto: Aline Arag\u00e3o\" width=\"596\" height=\"335\" \/><\/a><p id=\"caption-attachment-110447\" class=\"wp-caption-text\">Foto: Aline Arag\u00e3o<\/p><\/div>\n<p style=\"text-align: justify;\">Por volta das 7h, os vizinhos confirmam que ouviram diversos disparos, mas preferiram n\u00e3o dar mais informa\u00e7\u00f5es, se teriam visto as pessoas envolvidas. O ex-presidi\u00e1rio, foi encontrado despido, alvejado e morto, segundo o irm\u00e3o, ele teria o costume de dormir dessa forma, e foi surpreendido com algu\u00e9m que teria pulado o muro e arrombado a porta da frente e invadido a casa.<\/p>\n<p style=\"text-align: justify;\">O SAMU foi acionado para constatar o \u00f3bito, em seguida o Instituto M\u00e9dico Legal e criminal\u00edstica tamb\u00e9m foram acionados.<\/p>\n<p style=\"text-align: justify;\"><em>Do A8 SE.<\/em><\/p>\n<p style=\"line-height: 14.25pt;\"><strong><span style=\"font-size: 10.0pt; font-family: 'Georgia','serif'; color: #333333;\">Acompanhe tamb\u00e9m o SE Not\u00edcias no<\/span><\/strong><span class=\"apple-converted-space\"><b><span style=\"font-size: 10.0pt; font-family: 'Georgia','serif'; color: #333333;\">\u00a0<\/span><\/b><\/span><a href=\"https:\/\/twitter.com\/Senoticias\" target=\"_blank\"><b><span style=\"font-size: 10.0pt; font-family: 'Georgia','serif';\">Twitter<\/span><\/b><\/a><strong><span style=\"font-size: 10.0pt; font-family: 'Georgia','serif'; color: #333333;\">,<\/span><\/strong><span class=\"apple-converted-space\"><b><span style=\"font-size: 10.0pt; font-family: 'Georgia','serif'; color: #333333;\">\u00a0<\/span><\/b><\/span><a href=\"https:\/\/www.facebook.com\/senoticias1\" target=\"_blank\"><b><span style=\"font-size: 10.0pt; font-family: 'Georgia','serif';\">Facebook<\/span><\/b><span class=\"apple-converted-space\"><b><span style=\"font-size: 10.0pt; font-family: 'Georgia','serif'; color: windowtext; text-decoration: none; text-underline: none;\">\u00a0<\/span><\/b><\/span><\/a><strong><span style=\"font-size: 10.0pt; font-family: 'Georgia','serif'; color: #333333;\">e no<\/span><\/strong><span class=\"apple-converted-space\"><b><span style=\"font-size: 10.0pt; font-family: 'Georgia','serif'; color: #333333;\">\u00a0<\/span><\/b><\/span><a href=\"https:\/\/www.instagram.com\/senoticias\/\" target=\"_blank\"><b><span style=\"font-size: 10.0pt; font-family: 'Georgia','serif';\">Instagram<\/span><\/b><\/a><strong><span style=\"font-size: 10.0pt; font-family: 'Georgia','serif'; color: #333333;\">.<\/span><\/strong><\/p>\n<p style=\"line-height: 14.25pt;\"><a href=\"http:\/\/senoticias.com.br\/se\/wp-content\/uploads\/2018\/01\/Logomarca-fone-SE-4-2.jpg\"><img loading=\"lazy\" decoding=\"async\" class=\"aligncenter size-full wp-image-110322\" src=\"http:\/\/senoticias.com.br\/se\/wp-content\/uploads\/2018\/01\/Logomarca-fone-SE-4-2.jpg\" alt=\"Logomarca-fone-SE-4\" width=\"599\" height=\"78\" srcset=\"https:\/\/senoticias.com.br\/se\/wp-content\/uploads\/2018\/01\/Logomarca-fone-SE-4-2.jpg 599w, https:\/\/senoticias.com.br\/se\/wp-content\/uploads\/2018\/01\/Logomarca-fone-SE-4-2-300x39.jpg 300w\" sizes=\"(max-width: 599px) 100vw, 599px\" \/><\/a><\/p>\n","protected":false},"excerpt":{"rendered":"<p>Na manh\u00e3 desta quarta-feira (31), um homem identificado como Alessandro Costa do Rego, 25 anos foi morto, com diversos disparos de arma de fogo, dentro da pr\u00f3pria resid\u00eancia. Segundo o cabo Jordaense Novaes, que esteve no local do crime, o homem \u00e9 natural do estado de Alagoas, morava com o irm\u00e3o e trabalhava no Mercado [&hellip;]<\/p>\n","protected":false},"author":2,"featured_media":110447,"comment_status":"closed","ping_status":"closed","sticky":false,"template":"","format":"standard","meta":{"footnotes":""},"categories":[7],"tags":[8514],"class_list":{"0":"post-110446","1":"post","2":"type-post","3":"status-publish","4":"format-standard","5":"has-post-thumbnail","7":"category-policia","8":"tag-homem-e-morto-a-tiros-dentro-da-propria-residencia-no-bairro-industrial"},"_links":{"self":[{"href":"https:\/\/senoticias.com.br\/se\/wp-json\/wp\/v2\/posts\/110446"}],"collection":[{"href":"https:\/\/senoticias.com.br\/se\/wp-json\/wp\/v2\/posts"}],"about":[{"href":"https:\/\/senoticias.com.br\/se\/wp-json\/wp\/v2\/types\/post"}],"author":[{"embeddable":true,"href":"https:\/\/senoticias.com.br\/se\/wp-json\/wp\/v2\/users\/2"}],"replies":[{"embeddable":true,"href":"https:\/\/senoticias.com.br\/se\/wp-json\/wp\/v2\/comments?post=110446"}],"version-history":[{"count":0,"href":"https:\/\/senoticias.com.br\/se\/wp-json\/wp\/v2\/posts\/110446\/revisions"}],"wp:featuredmedia":[{"embeddable":true,"href":"https:\/\/senoticias.com.br\/se\/wp-json\/wp\/v2\/media\/110447"}],"wp:attachment":[{"href":"https:\/\/senoticias.com.br\/se\/wp-json\/wp\/v2\/media?parent=110446"}],"wp:term":[{"taxonomy":"category","embeddable":true,"href":"https:\/\/senoticias.com.br\/se\/wp-json\/wp\/v2\/categories?post=110446"},{"taxonomy":"post_tag","embeddable":true,"href":"https:\/\/senoticias.com.br\/se\/wp-json\/wp\/v2\/tags?post=110446"}],"curies":[{"name":"wp","href":"https:\/\/api.w.org\/{rel}","templated":true}]}}