{"id":110445,"date":"2018-01-31T21:05:19","date_gmt":"2018-02-01T00:05:19","guid":{"rendered":"http:\/\/senoticias.com.br\/se\/?p=110445"},"modified":"2018-01-31T21:06:03","modified_gmt":"2018-02-01T00:06:03","slug":"cultura-e-folia-se-misturam-no-carnaval-do-riomar-shopping-aracaju","status":"publish","type":"post","link":"https:\/\/senoticias.com.br\/se\/cultura-e-folia-se-misturam-no-carnaval-do-riomar-shopping-aracaju\/","title":{"rendered":"Cultura e folia se misturam no Carnaval do Shopping RioMar"},"content":{"rendered":"<p style=\"text-align: justify;\">Faltando poucos dias para o Carnaval, o RioMar Shopping se prepara para receber a folia de Momo de bra\u00e7os abertos. Neste ano, a agenda carnavalesca do empreendimento ir\u00e1 fazer um resgate ao aut\u00eantico Carnaval brasileiro, festa que carrega a cultura em seu DNA.<\/p>\n<div id=\"attachment_110465\" style=\"width: 609px\" class=\"wp-caption aligncenter\"><a href=\"http:\/\/senoticias.com.br\/se\/wp-content\/uploads\/2018\/01\/Maysa-Reis.jpg\"><img loading=\"lazy\" decoding=\"async\" aria-describedby=\"caption-attachment-110465\" class=\"size-full wp-image-110465\" src=\"http:\/\/senoticias.com.br\/se\/wp-content\/uploads\/2018\/01\/Maysa-Reis-e1517443275738.jpg\" alt=\"a cantora sergipana, Maysa Reis, ser\u00e1 uma das atra\u00e7\u00f5es\" width=\"599\" height=\"338\" \/><\/a><p id=\"caption-attachment-110465\" class=\"wp-caption-text\">A cantora sergipana, Maysa Reis, ser\u00e1 uma das atra\u00e7\u00f5es (foto: arquivo\/Maysa Reis)<\/p><\/div>\n<p style=\"text-align: justify;\">Para contemplar toda a fam\u00edlia sergipana e turistas que visitam nossa cidade, o RioMar ir\u00e1 promover bailinhos para todas as idades, onde alegria e a folia poder\u00e3o ser desfrutadas num ambiente seguro e aconchegante.<\/p>\n<p style=\"text-align: justify;\"><strong>A folia da meninada<\/strong><\/p>\n<p style=\"text-align: justify;\"><strong>O Samba Lel\u00ea<\/strong> \u2013 o maior esquenta da maratona carnavalesca para a meninada &#8211; ter\u00e1 in\u00edcio neste s\u00e1bado, 3, \u00e0s 15 horas, com um animado baile de fantasias. A farra dos \u2018Mascaradinhos\u2019 ser\u00e1 abrilhantada pela bandinha de frevo \u2018Velha Cap\u2019, bonecos gigantes e grupo folcl\u00f3rico, todos vindos de S\u00e3o Crist\u00f3v\u00e3o para promover um Carnaval cultural no centro de compras e entretenimento.<\/p>\n<p><strong>Micaretinha com Maysa Reis<\/strong><\/p>\n<p style=\"text-align: justify;\">No dia 4, a cantora sergipana, Maysa Reis, ir\u00e1 balan\u00e7ar o ch\u00e3o da pra\u00e7a com a \u2018Micaretinha RioMar\u2019, a partir das 15 horas. Em cima de um mini trio el\u00e9trico e cantando o aut\u00eantico ax\u00e9 baiano, Maysa promete fazer todos os pequenos, papais e mam\u00e3es tirarem o p\u00e9 do ch\u00e3o! Os bailes do fim de semana, que acontecer\u00e3o na Pra\u00e7a de Eventos Mar, ir\u00e3o contar com distribui\u00e7\u00e3o de pipocas, mam\u00e3e sacode, confetes e um cantinho especial onde a petizada poder\u00e1 fazer make art\u00edstica para arrasar nos bailinhos.<\/p>\n<p><strong>Anima\u00e7\u00e3o para todas as idades<\/strong><\/p>\n<p style=\"text-align: justify;\">Mas, a folia n\u00e3o para por a\u00ed! No dia 9, na Pra\u00e7a de Eventos Mar, \u00e0s 17 horas, o repert\u00f3rio contagiante a Banda Esta\u00e7\u00e3o da Luz ir\u00e1 agitar os foli\u00f5es do \u2018Baile da Melhor Idade\u2019. A folia ainda contar\u00e1 com a participa\u00e7\u00e3o de uma escola de samba da cidade de Est\u00e2ncia. Abre alas para a divers\u00e3o, porque o Carnaval do RioMar j\u00e1 vai come\u00e7ar!<\/p>\n<p><strong>S\u00e1bado, 3 de fevereiro<\/strong><\/p>\n<p>Samba Lel\u00ea, com o tema \u2018Mascaradinhos\u2019<\/p>\n<p style=\"text-align: justify;\">Pra\u00e7a de Eventos Mar, com apresenta\u00e7\u00e3o de grupo folcl\u00f3rico de S\u00e3o Crist\u00f3v\u00e3o, Banda Velha Cap e desfile de bonecos gigantes, \u00e0s 15 horas<\/p>\n<p><strong>Domingo, 4 de fevereiro<\/strong><br \/>\nMicaretinha com Maysa Reis<\/p>\n<p>Pra\u00e7a de Eventos Mar, partir das 15 horas<\/p>\n<p><strong>Sexta-feira, 09 de fevereiro<\/strong><br \/>\nSamba da Velha Guarda<\/p>\n<p>Pra\u00e7a de Eventos Mar, \u00e0s 17 horas, Baile da Melhor Idade, com a Banda Esta\u00e7\u00e3o da Luz.<\/p>\n<p><a href=\"http:\/\/senoticias.com.br\/se\/wp-content\/uploads\/2018\/01\/Logomarca-fone-SE-4-2.jpg\"><img loading=\"lazy\" decoding=\"async\" class=\"aligncenter size-full wp-image-110322\" src=\"http:\/\/senoticias.com.br\/se\/wp-content\/uploads\/2018\/01\/Logomarca-fone-SE-4-2.jpg\" alt=\"Logomarca-fone-SE-4\" width=\"599\" height=\"78\" srcset=\"https:\/\/senoticias.com.br\/se\/wp-content\/uploads\/2018\/01\/Logomarca-fone-SE-4-2.jpg 599w, https:\/\/senoticias.com.br\/se\/wp-content\/uploads\/2018\/01\/Logomarca-fone-SE-4-2-300x39.jpg 300w\" sizes=\"(max-width: 599px) 100vw, 599px\" \/><\/a><\/p>\n<p>&nbsp;<\/p>\n<p><em><strong>Acompanhe tamb\u00e9m o SE Not\u00edcias no\u00a0<a href=\"https:\/\/twitter.com\/Senoticias\" target=\"_blank\">Twitter<\/a>,\u00a0<a href=\"https:\/\/www.facebook.com\/senoticias1\" target=\"_blank\">Facebook<\/a>\u00a0e no\u00a0<a href=\"https:\/\/www.instagram.com\/senoticias\/\" target=\"_blank\">Instagram<\/a>\u00a0<\/strong><\/em><\/p>\n<p><em>Assessoria de imprensa<\/em><br \/>\n<em>Lotti+Caldas Comunica\u00e7\u00e3o<\/em><\/p>\n","protected":false},"excerpt":{"rendered":"<p>Faltando poucos dias para o Carnaval, o RioMar Shopping se prepara para receber a folia de Momo de bra\u00e7os abertos. Neste ano, a agenda carnavalesca do empreendimento ir\u00e1 fazer um resgate ao aut\u00eantico Carnaval brasileiro, festa que carrega a cultura em seu DNA. Para contemplar toda a fam\u00edlia sergipana e turistas que visitam nossa cidade, [&hellip;]<\/p>\n","protected":false},"author":2,"featured_media":110465,"comment_status":"closed","ping_status":"closed","sticky":false,"template":"","format":"standard","meta":{"footnotes":""},"categories":[15,21],"tags":[59,8527,8528,6699,8526],"class_list":{"0":"post-110445","1":"post","2":"type-post","3":"status-publish","4":"format-standard","5":"has-post-thumbnail","7":"category-destaques","8":"category-entretenimento","9":"tag-7-carnaval-dos-carnavais","10":"tag-carnaval-shopping-riomar","11":"tag-micaretinha-riomar","12":"tag-riomar","13":"tag-samba-lele"},"_links":{"self":[{"href":"https:\/\/senoticias.com.br\/se\/wp-json\/wp\/v2\/posts\/110445"}],"collection":[{"href":"https:\/\/senoticias.com.br\/se\/wp-json\/wp\/v2\/posts"}],"about":[{"href":"https:\/\/senoticias.com.br\/se\/wp-json\/wp\/v2\/types\/post"}],"author":[{"embeddable":true,"href":"https:\/\/senoticias.com.br\/se\/wp-json\/wp\/v2\/users\/2"}],"replies":[{"embeddable":true,"href":"https:\/\/senoticias.com.br\/se\/wp-json\/wp\/v2\/comments?post=110445"}],"version-history":[{"count":0,"href":"https:\/\/senoticias.com.br\/se\/wp-json\/wp\/v2\/posts\/110445\/revisions"}],"wp:featuredmedia":[{"embeddable":true,"href":"https:\/\/senoticias.com.br\/se\/wp-json\/wp\/v2\/media\/110465"}],"wp:attachment":[{"href":"https:\/\/senoticias.com.br\/se\/wp-json\/wp\/v2\/media?parent=110445"}],"wp:term":[{"taxonomy":"category","embeddable":true,"href":"https:\/\/senoticias.com.br\/se\/wp-json\/wp\/v2\/categories?post=110445"},{"taxonomy":"post_tag","embeddable":true,"href":"https:\/\/senoticias.com.br\/se\/wp-json\/wp\/v2\/tags?post=110445"}],"curies":[{"name":"wp","href":"https:\/\/api.w.org\/{rel}","templated":true}]}}