{"id":110442,"date":"2018-01-31T12:24:47","date_gmt":"2018-01-31T15:24:47","guid":{"rendered":"http:\/\/senoticias.com.br\/se\/?p=110442"},"modified":"2018-01-31T13:35:19","modified_gmt":"2018-01-31T16:35:19","slug":"corpo-de-mulher-que-estava-desaparecida-e-encontrado-no-jardim-universitario-em-sao-cristovao","status":"publish","type":"post","link":"https:\/\/senoticias.com.br\/se\/corpo-de-mulher-que-estava-desaparecida-e-encontrado-no-jardim-universitario-em-sao-cristovao\/","title":{"rendered":"Corpo de mulher que estava desaparecida \u00e9 encontrado no Jardim Universit\u00e1rio, em S\u00e3o Crist\u00f3v\u00e3o"},"content":{"rendered":"<p style=\"text-align: justify;\">Na manh\u00e3 desta quarta-feira foi encontrado o corpo de Erislayne Morais da Concei\u00e7\u00e3o, conhecida como \u201c<strong>Nane\u201d, 28 anos<\/strong>, desaparecida desde 23 de dezembro do ano passado no munic\u00edpio de S\u00e3o Crist\u00f3v\u00e3o. Segundo o delegado M\u00e1rio Leony, o ex-namorado da v\u00edtima, suspeito de assassinar e ocultar o corpo, que foi preso recentemente pelo DHPP, somente hoje informou onde havia enterrado a garota. Vale lembrar que no curso das investiga\u00e7\u00f5es, durante esclarecimento prestados, Josewaldo negou o crime, mas se contradisse em diversos pontos.<\/p>\n<div id=\"attachment_110443\" style=\"width: 465px\" class=\"wp-caption aligncenter\"><a href=\"http:\/\/senoticias.com.br\/se\/wp-content\/uploads\/2018\/01\/suspeito-SENOTICIAS-1-1.png\"><img loading=\"lazy\" decoding=\"async\" aria-describedby=\"caption-attachment-110443\" class=\"size-full wp-image-110443\" src=\"http:\/\/senoticias.com.br\/se\/wp-content\/uploads\/2018\/01\/suspeito-SENOTICIAS-1-1.png\" alt=\"Segundo a pol\u00edcia, Josewaldo da Silva, mais conhecido como \u201c\u00cdndio\u201d confessou que assassinou a ex-companheira (foto: SSP\/SE) \" width=\"455\" height=\"565\" srcset=\"https:\/\/senoticias.com.br\/se\/wp-content\/uploads\/2018\/01\/suspeito-SENOTICIAS-1-1.png 455w, https:\/\/senoticias.com.br\/se\/wp-content\/uploads\/2018\/01\/suspeito-SENOTICIAS-1-1-242x300.png 242w\" sizes=\"(max-width: 455px) 100vw, 455px\" \/><\/a><p id=\"caption-attachment-110443\" class=\"wp-caption-text\">Segundo a pol\u00edcia, Josewaldo da Silva, mais conhecido como \u201c\u00cdndio\u201d confessou que assassinou a ex-companheira (foto: SSP\/SE)<\/p><\/div>\n<p style=\"text-align: justify;\">Josewaldo da Silva Oliveira, o &#8220;\u00cdndio&#8221;, contou que o corpo estava em um local chamado Jardim Universit\u00e1rio (Barreiro), em S\u00e3o Crist\u00f3v\u00e3o, por tr\u00e1s d\u00e0 sede do Sergipe Parque Tecnol\u00f3gico. &#8220;Ele alegou que fez tudo sozinho, mas n\u00f3s n\u00e3o descartamos a possibilidade de outras pessoas estarem envolvidas. Ele nos disse que a levou para o matagal, esfaqueou, depois foi buscar uma enxada para enterrar o corpo da ex-namorada&#8221;, explicou M\u00e1rio Leony.<\/p>\n<p><strong>A pris\u00e3o<\/strong><\/p>\n<p style=\"text-align: justify;\">No dia 16 de janeiro, a Pol\u00edcia Civil, por meio do <a href=\"http:\/\/senoticias.com.br\/se\/suspeito-de-assassinar-e-ocultar-corpo-da-ex-namorada-e-preso-em-sao-cristovao\/\"><strong>Departamento de Homic\u00eddios e Prote\u00e7\u00e3o \u00e0 Pessoa (DHPP), realizou o cumprimento do mandado de pris\u00e3o tempor\u00e1ria em desfavor de Josewaldo da Silva Oliveira<\/strong><\/a>, mais conhecido como &#8220;\u00cdndio&#8221;, 23 anos, suspeito de assassinar e ocultar o corpo da ex-namorada, Erislayne Morais da Concei\u00e7\u00e3o, conhecida como \u201cNane\u201d, 28 anos, desaparecida desde 23 de dezembro do ano passado no munic\u00edpio de S\u00e3o Crist\u00f3v\u00e3o.<\/p>\n<p style=\"text-align: justify;\">De acordo o delegado respons\u00e1vel pelo caso, M\u00e1rio Leony, a motiva\u00e7\u00e3o do crime teria sido o t\u00e9rmino do relacionamento. Ind\u00edcios apontam que na tentativa de reatar o relacionamento, Josewaldo prop\u00f4s \u00e0 v\u00edtima alugar uma casa no Povoado V\u00e1rzea Grande, em S\u00e3o Crist\u00f3v\u00e3o, mas o pedido foi negado.\u00a0Josewaldo possui passagem pela pol\u00edcia pelos crimes de roubo majorado e, enquanto adolescente, foi apreendido em posse de arma de fogo.<\/p>\n<p style=\"text-align: justify;\"><a href=\"http:\/\/senoticias.com.br\/se\/wp-content\/uploads\/2018\/01\/Logomarca-fone-SE-4-2.jpg\"><img loading=\"lazy\" decoding=\"async\" class=\"aligncenter size-full wp-image-110322\" src=\"http:\/\/senoticias.com.br\/se\/wp-content\/uploads\/2018\/01\/Logomarca-fone-SE-4-2.jpg\" alt=\"Logomarca-fone-SE-4\" width=\"599\" height=\"78\" srcset=\"https:\/\/senoticias.com.br\/se\/wp-content\/uploads\/2018\/01\/Logomarca-fone-SE-4-2.jpg 599w, https:\/\/senoticias.com.br\/se\/wp-content\/uploads\/2018\/01\/Logomarca-fone-SE-4-2-300x39.jpg 300w\" sizes=\"(max-width: 599px) 100vw, 599px\" \/><\/a><\/p>\n<p style=\"text-align: justify;\"><em><strong>Acompanhe tamb\u00e9m o SE Not\u00edcias no\u00a0<a href=\"https:\/\/twitter.com\/Senoticias\" target=\"_blank\">Twitter<\/a>,\u00a0<a href=\"https:\/\/www.facebook.com\/senoticias1\" target=\"_blank\">Facebook<\/a>\u00a0e no\u00a0<a href=\"https:\/\/www.instagram.com\/senoticias\/\" target=\"_blank\">Instagram<\/a>\u00a0<\/strong><\/em><\/p>\n<p style=\"text-align: justify;\"><em>Informa\u00e7\u00f5es da SSP\/SE<\/em><\/p>\n","protected":false},"excerpt":{"rendered":"<p>Na manh\u00e3 desta quarta-feira foi encontrado o corpo de Erislayne Morais da Concei\u00e7\u00e3o, conhecida como \u201cNane\u201d, 28 anos, desaparecida desde 23 de dezembro do ano passado no munic\u00edpio de S\u00e3o Crist\u00f3v\u00e3o. Segundo o delegado M\u00e1rio Leony, o ex-namorado da v\u00edtima, suspeito de assassinar e ocultar o corpo, que foi preso recentemente pelo DHPP, somente hoje [&hellip;]<\/p>\n","protected":false},"author":2,"featured_media":110443,"comment_status":"closed","ping_status":"closed","sticky":false,"template":"","format":"standard","meta":{"footnotes":""},"categories":[15,7],"tags":[8512,8513,4069,2870],"class_list":{"0":"post-110442","1":"post","2":"type-post","3":"status-publish","4":"format-standard","5":"has-post-thumbnail","7":"category-destaques","8":"category-policia","9":"tag-barreiro","10":"tag-corpo-de-mulher","11":"tag-jardim-universitario","12":"tag-mulher-assassinada"},"_links":{"self":[{"href":"https:\/\/senoticias.com.br\/se\/wp-json\/wp\/v2\/posts\/110442"}],"collection":[{"href":"https:\/\/senoticias.com.br\/se\/wp-json\/wp\/v2\/posts"}],"about":[{"href":"https:\/\/senoticias.com.br\/se\/wp-json\/wp\/v2\/types\/post"}],"author":[{"embeddable":true,"href":"https:\/\/senoticias.com.br\/se\/wp-json\/wp\/v2\/users\/2"}],"replies":[{"embeddable":true,"href":"https:\/\/senoticias.com.br\/se\/wp-json\/wp\/v2\/comments?post=110442"}],"version-history":[{"count":0,"href":"https:\/\/senoticias.com.br\/se\/wp-json\/wp\/v2\/posts\/110442\/revisions"}],"wp:featuredmedia":[{"embeddable":true,"href":"https:\/\/senoticias.com.br\/se\/wp-json\/wp\/v2\/media\/110443"}],"wp:attachment":[{"href":"https:\/\/senoticias.com.br\/se\/wp-json\/wp\/v2\/media?parent=110442"}],"wp:term":[{"taxonomy":"category","embeddable":true,"href":"https:\/\/senoticias.com.br\/se\/wp-json\/wp\/v2\/categories?post=110442"},{"taxonomy":"post_tag","embeddable":true,"href":"https:\/\/senoticias.com.br\/se\/wp-json\/wp\/v2\/tags?post=110442"}],"curies":[{"name":"wp","href":"https:\/\/api.w.org\/{rel}","templated":true}]}}