{"id":110427,"date":"2018-01-30T18:09:11","date_gmt":"2018-01-30T21:09:11","guid":{"rendered":"http:\/\/senoticias.com.br\/se\/?p=110427"},"modified":"2018-01-30T18:12:49","modified_gmt":"2018-01-30T21:12:49","slug":"camara-criminal-do-tribunal-de-justica-mantem-condenacao-de-sukita","status":"publish","type":"post","link":"https:\/\/senoticias.com.br\/se\/camara-criminal-do-tribunal-de-justica-mantem-condenacao-de-sukita\/","title":{"rendered":"C\u00e2mara Criminal do Tribunal de Justi\u00e7a mant\u00e9m condena\u00e7\u00e3o de Sukita"},"content":{"rendered":"<p>&nbsp;<\/p>\n<p style=\"text-align: justify;\">A C\u00e2mara Criminal do Tribunal de Justi\u00e7a de Sergipe manteve a condena\u00e7\u00e3o do ex-prefeito Manoel Messias Sukita por crime de cal\u00fania, difama\u00e7\u00e3o e inj\u00faria, conforme a\u00e7\u00e3o movida pelo senador Antonio Carlos Valadares. Na \u00e9poca, Sukita classificou o senador como \u201cfals\u00e1rio\u201d, acusando-o por falsificar a assinatura dele em suposto termo de ren\u00fancia \u00e0 candidatura de deputado estadual nas elei\u00e7\u00f5es realizadas em 2014, informa a jornalista<a href=\"http:\/\/www.infonet.com.br\/noticias\/politica\/ler.asp?id=209955\"><strong>\u00a0C\u00e1ssia Santana<\/strong><\/a> do portal Infonet.<\/p>\n<div id=\"attachment_78515\" style=\"width: 609px\" class=\"wp-caption aligncenter\"><a href=\"http:\/\/senoticias.com.br\/se\/wp-content\/uploads\/2015\/04\/Sukita-e1429060299136.jpg\"><img loading=\"lazy\" decoding=\"async\" aria-describedby=\"caption-attachment-78515\" class=\"size-full wp-image-78515\" src=\"http:\/\/senoticias.com.br\/se\/wp-content\/uploads\/2015\/04\/Sukita-e1429060299136.jpg\" alt=\"foi condenado por cal\u00fania, difama\u00e7\u00e3o e inj\u00faria. (Foto: arquio\/Divulga\u00e7\u00e3o)\" width=\"599\" height=\"377\" \/><\/a><p id=\"caption-attachment-78515\" class=\"wp-caption-text\">Sukita foi condenado por cal\u00fania, difama\u00e7\u00e3o e inj\u00faria (foto: arquivo\/Divulga\u00e7\u00e3o)<\/p><\/div>\n<p style=\"text-align: justify;\">A defesa tentou anular a pena ingressando com recurso, alegando cerceamento de defesa. \u201cA defesa pediu para ouvir testemunhas e realiza\u00e7\u00e3o de laudo grafot\u00e9cnico, mas foi negado pela Justi\u00e7a de Sergipe\u201d, o advogado Emanuel Cacho, que atou na defesa de Sukita neste processo.<\/p>\n<p style=\"text-align: justify;\">Os tr\u00eas desembargadores rejeitaram os argumentos da defesa e mantiveram a pena fixada pelo juiz de primeira inst\u00e2ncia em um<strong> 1 ano, dois meses e 23 dias de deten\u00e7\u00e3o<\/strong>, al\u00e9m de pagamento de multa pelos crimes a ele imputados pelo senador Valadares.<\/p>\n<p style=\"text-align: justify;\"><strong>Defesa de Sukita<\/strong><\/p>\n<p style=\"text-align: justify;\">Apesar da decis\u00e3o da C\u00e2mara Criminal, o advogado est\u00e1 otimista quanto ao futuro de Sukita neste processo judicial. O advogado acredita que todos os processos judiciais contra Sukita ser\u00e3o anulados. Emanuel Cacho pedir\u00e1 revis\u00e3o criminal, anexando laudo da Pol\u00edcia Federal reconhecendo a falsifica\u00e7\u00e3o da assinatura de Sukita no documento pela ren\u00fancia da candidatura protocolado pelo PSB no Tribunal Regional Eleitoral (TRE). \u201cA prova, a per\u00edcia da Pol\u00edcia Federal, \u00e9 conclusiva e definitiva\u201d, diz Cacho.<\/p>\n<p><em>Por C\u00e1ssia Santana\/Infonet<\/em><\/p>\n<p>&nbsp;<\/p>\n<p><a href=\"http:\/\/senoticias.com.br\/se\/wp-content\/uploads\/2018\/01\/Logomarca-fone-SE-4-2.jpg\"><img loading=\"lazy\" decoding=\"async\" class=\"aligncenter size-full wp-image-110322\" src=\"http:\/\/senoticias.com.br\/se\/wp-content\/uploads\/2018\/01\/Logomarca-fone-SE-4-2.jpg\" alt=\"Logomarca-fone-SE-4\" width=\"599\" height=\"78\" srcset=\"https:\/\/senoticias.com.br\/se\/wp-content\/uploads\/2018\/01\/Logomarca-fone-SE-4-2.jpg 599w, https:\/\/senoticias.com.br\/se\/wp-content\/uploads\/2018\/01\/Logomarca-fone-SE-4-2-300x39.jpg 300w\" sizes=\"(max-width: 599px) 100vw, 599px\" \/><\/a><\/p>\n<p>&nbsp;<\/p>\n<p><em><strong>Acompanhe tamb\u00e9m o SE Not\u00edcias no\u00a0<a href=\"https:\/\/twitter.com\/Senoticias\" target=\"_blank\">Twitter<\/a>,\u00a0<a href=\"https:\/\/www.facebook.com\/senoticias1\" target=\"_blank\">Facebook<\/a>\u00a0e no\u00a0<a href=\"https:\/\/www.instagram.com\/senoticias\/\" target=\"_blank\">Instagram<\/a>\u00a0<\/strong><\/em><\/p>\n<p>&nbsp;<\/p>\n","protected":false},"excerpt":{"rendered":"<p>&nbsp; A C\u00e2mara Criminal do Tribunal de Justi\u00e7a de Sergipe manteve a condena\u00e7\u00e3o do ex-prefeito Manoel Messias Sukita por crime de cal\u00fania, difama\u00e7\u00e3o e inj\u00faria, conforme a\u00e7\u00e3o movida pelo senador Antonio Carlos Valadares. Na \u00e9poca, Sukita classificou o senador como \u201cfals\u00e1rio\u201d, acusando-o por falsificar a assinatura dele em suposto termo de ren\u00fancia \u00e0 candidatura de [&hellip;]<\/p>\n","protected":false},"author":2,"featured_media":78515,"comment_status":"closed","ping_status":"closed","sticky":false,"template":"","format":"standard","meta":{"footnotes":""},"categories":[6,1],"tags":[811,4007,678,5871],"class_list":{"0":"post-110427","1":"post","2":"type-post","3":"status-publish","4":"format-standard","5":"has-post-thumbnail","7":"category-politica","8":"category-sem-categoria","9":"tag-sukita","10":"tag-tribunal-de-justica","11":"tag-tribunal-de-justica-de-sergipe","12":"tag-tribunal-regional-eleitoral"},"_links":{"self":[{"href":"https:\/\/senoticias.com.br\/se\/wp-json\/wp\/v2\/posts\/110427"}],"collection":[{"href":"https:\/\/senoticias.com.br\/se\/wp-json\/wp\/v2\/posts"}],"about":[{"href":"https:\/\/senoticias.com.br\/se\/wp-json\/wp\/v2\/types\/post"}],"author":[{"embeddable":true,"href":"https:\/\/senoticias.com.br\/se\/wp-json\/wp\/v2\/users\/2"}],"replies":[{"embeddable":true,"href":"https:\/\/senoticias.com.br\/se\/wp-json\/wp\/v2\/comments?post=110427"}],"version-history":[{"count":0,"href":"https:\/\/senoticias.com.br\/se\/wp-json\/wp\/v2\/posts\/110427\/revisions"}],"wp:featuredmedia":[{"embeddable":true,"href":"https:\/\/senoticias.com.br\/se\/wp-json\/wp\/v2\/media\/78515"}],"wp:attachment":[{"href":"https:\/\/senoticias.com.br\/se\/wp-json\/wp\/v2\/media?parent=110427"}],"wp:term":[{"taxonomy":"category","embeddable":true,"href":"https:\/\/senoticias.com.br\/se\/wp-json\/wp\/v2\/categories?post=110427"},{"taxonomy":"post_tag","embeddable":true,"href":"https:\/\/senoticias.com.br\/se\/wp-json\/wp\/v2\/tags?post=110427"}],"curies":[{"name":"wp","href":"https:\/\/api.w.org\/{rel}","templated":true}]}}