{"id":110395,"date":"2018-01-30T12:30:13","date_gmt":"2018-01-30T15:30:13","guid":{"rendered":"http:\/\/senoticias.com.br\/se\/?p=110395"},"modified":"2018-01-30T12:30:13","modified_gmt":"2018-01-30T15:30:13","slug":"em-sao-cristovao-prf-detem-homem-com-mandado-de-prisao-em-aberto-pelo-crime-de-homicidio","status":"publish","type":"post","link":"https:\/\/senoticias.com.br\/se\/em-sao-cristovao-prf-detem-homem-com-mandado-de-prisao-em-aberto-pelo-crime-de-homicidio\/","title":{"rendered":"Em S\u00e3o Crist\u00f3v\u00e3o, PRF det\u00e9m homem com mandado de pris\u00e3o em aberto pelo crime de homic\u00eddio"},"content":{"rendered":"<p style=\"text-align: justify;\">Policiais Rodovi\u00e1rios Federais detiveram na noite de ontem, 29, um homem com mandado de pris\u00e3o em aberto pelo crime de homic\u00eddio. A a\u00e7\u00e3o ocorreu no Km 104 da BR 101, no munic\u00edpio de S\u00e3o Crist\u00f3v\u00e3o.<\/p>\n<div id=\"attachment_110396\" style=\"width: 609px\" class=\"wp-caption aligncenter\"><a href=\"http:\/\/senoticias.com.br\/se\/wp-content\/uploads\/2018\/01\/PRF-det\u00e9m-homem-com-mandado-de-pris\u00e3o-em-aberto-pelo-crime-de-furto-qualificado-29.01.2018.jpeg\"><img loading=\"lazy\" decoding=\"async\" aria-describedby=\"caption-attachment-110396\" class=\"size-full wp-image-110396\" src=\"http:\/\/senoticias.com.br\/se\/wp-content\/uploads\/2018\/01\/PRF-det\u00e9m-homem-com-mandado-de-pris\u00e3o-em-aberto-pelo-crime-de-furto-qualificado-29.01.2018-e1517325480699.jpeg\" alt=\"Homem tinha mandado de pris\u00e3o em aberto pelo crime de homic\u00eddio\" width=\"599\" height=\"337\" \/><\/a><p id=\"caption-attachment-110396\" class=\"wp-caption-text\">Homem tinha mandado de pris\u00e3o em aberto pelo crime de homic\u00eddio (foto: PRF\/SE)<\/p><\/div>\n<p style=\"text-align: justify;\">Os agentes federais realizavam o trabalho de fiscaliza\u00e7\u00e3o quando abordaram o ve\u00edculo GM\/Corsa, com placas de Sergipe, e ao consultarem o banco de dados utilizado pela PRF, constataram que havia um mandado de pris\u00e3o em aberto pelo crime de homic\u00eddio em desfavor do passageiro do autom\u00f3vel.<\/p>\n<p style=\"text-align: justify;\">O homem, de 22 anos, foi detido e encaminhado \u00e0 Delegacia de Pol\u00edcia Civil, no munic\u00edpio de Aracaju.<\/p>\n<p style=\"text-align: justify;\">\n<em>Assessoria de Comunica\u00e7\u00e3o Social<\/em><br \/>\n<em>Pol\u00edcia Rodovi\u00e1ria Federal \u2013 Sergipe<\/em><\/p>\n<p style=\"text-align: justify;\">\n<p style=\"text-align: justify;\"><a href=\"http:\/\/senoticias.com.br\/se\/wp-content\/uploads\/2018\/01\/Logomarca-fone-SE-4-2.jpg\"><img loading=\"lazy\" decoding=\"async\" class=\"aligncenter size-full wp-image-110322\" src=\"http:\/\/senoticias.com.br\/se\/wp-content\/uploads\/2018\/01\/Logomarca-fone-SE-4-2.jpg\" alt=\"Logomarca-fone-SE-4\" width=\"599\" height=\"78\" srcset=\"https:\/\/senoticias.com.br\/se\/wp-content\/uploads\/2018\/01\/Logomarca-fone-SE-4-2.jpg 599w, https:\/\/senoticias.com.br\/se\/wp-content\/uploads\/2018\/01\/Logomarca-fone-SE-4-2-300x39.jpg 300w\" sizes=\"(max-width: 599px) 100vw, 599px\" \/><\/a><\/p>\n<p style=\"text-align: justify;\">\n<p style=\"text-align: justify;\"><em><strong>Acompanhe tamb\u00e9m o SE Not\u00edcias no\u00a0<a href=\"https:\/\/twitter.com\/Senoticias\" target=\"_blank\">Twitter<\/a>,\u00a0<a href=\"https:\/\/www.facebook.com\/senoticias1\" target=\"_blank\">Facebook<\/a>\u00a0e no\u00a0<a href=\"https:\/\/www.instagram.com\/senoticias\/\" target=\"_blank\">Instagram<\/a>\u00a0<\/strong><\/em><\/p>\n","protected":false},"excerpt":{"rendered":"<p>Policiais Rodovi\u00e1rios Federais detiveram na noite de ontem, 29, um homem com mandado de pris\u00e3o em aberto pelo crime de homic\u00eddio. A a\u00e7\u00e3o ocorreu no Km 104 da BR 101, no munic\u00edpio de S\u00e3o Crist\u00f3v\u00e3o. Os agentes federais realizavam o trabalho de fiscaliza\u00e7\u00e3o quando abordaram o ve\u00edculo GM\/Corsa, com placas de Sergipe, e ao consultarem [&hellip;]<\/p>\n","protected":false},"author":2,"featured_media":110396,"comment_status":"closed","ping_status":"closed","sticky":false,"template":"","format":"standard","meta":{"footnotes":""},"categories":[15,38],"tags":[8487,4155,77,335],"class_list":{"0":"post-110395","1":"post","2":"type-post","3":"status-publish","4":"format-standard","5":"has-post-thumbnail","7":"category-destaques","8":"category-municipios","9":"tag-km-104-da-br-101","10":"tag-policia-rodoviaria-federal","11":"tag-prf","12":"tag-sao-cristovao"},"_links":{"self":[{"href":"https:\/\/senoticias.com.br\/se\/wp-json\/wp\/v2\/posts\/110395"}],"collection":[{"href":"https:\/\/senoticias.com.br\/se\/wp-json\/wp\/v2\/posts"}],"about":[{"href":"https:\/\/senoticias.com.br\/se\/wp-json\/wp\/v2\/types\/post"}],"author":[{"embeddable":true,"href":"https:\/\/senoticias.com.br\/se\/wp-json\/wp\/v2\/users\/2"}],"replies":[{"embeddable":true,"href":"https:\/\/senoticias.com.br\/se\/wp-json\/wp\/v2\/comments?post=110395"}],"version-history":[{"count":0,"href":"https:\/\/senoticias.com.br\/se\/wp-json\/wp\/v2\/posts\/110395\/revisions"}],"wp:featuredmedia":[{"embeddable":true,"href":"https:\/\/senoticias.com.br\/se\/wp-json\/wp\/v2\/media\/110396"}],"wp:attachment":[{"href":"https:\/\/senoticias.com.br\/se\/wp-json\/wp\/v2\/media?parent=110395"}],"wp:term":[{"taxonomy":"category","embeddable":true,"href":"https:\/\/senoticias.com.br\/se\/wp-json\/wp\/v2\/categories?post=110395"},{"taxonomy":"post_tag","embeddable":true,"href":"https:\/\/senoticias.com.br\/se\/wp-json\/wp\/v2\/tags?post=110395"}],"curies":[{"name":"wp","href":"https:\/\/api.w.org\/{rel}","templated":true}]}}