{"id":110393,"date":"2018-01-30T09:12:29","date_gmt":"2018-01-30T12:12:29","guid":{"rendered":"http:\/\/senoticias.com.br\/se\/?p=110393"},"modified":"2018-01-30T18:34:02","modified_gmt":"2018-01-30T21:34:02","slug":"governo-inicia-pagamento-de-servidores-nesta-quarta-31","status":"publish","type":"post","link":"https:\/\/senoticias.com.br\/se\/governo-inicia-pagamento-de-servidores-nesta-quarta-31\/","title":{"rendered":"Governo de Sergipe inicia pagamento de servidores nesta quarta, 31"},"content":{"rendered":"<div class=\"m_-4003965216850698060mb-30 m_-4003965216850698060row\"><\/div>\n<p>&nbsp;<\/p>\n<p>&nbsp;<\/p>\n<p style=\"text-align: justify;\">O governo do Estado inicia o pagamento dos servidores, referente ao m\u00eas de janeiro, nesta quarta-feira (31). Recebem nessa data os professores e servidores da educa\u00e7\u00e3o lotados em escolas, servidores do Sergipeprevid\u00eancia e do Ipesa\u00fade.<\/p>\n<p style=\"text-align: justify;\">O calend\u00e1rio dos demais servidores ser\u00e1 divulgado posteriormente.<\/p>\n<div id=\"attachment_104009\" style=\"width: 609px\" class=\"wp-caption aligncenter\"><a href=\"http:\/\/senoticias.com.br\/se\/wp-content\/uploads\/2017\/06\/dinheiro3-e1497382281777.jpg\"><img loading=\"lazy\" decoding=\"async\" aria-describedby=\"caption-attachment-104009\" class=\"size-full wp-image-104009\" src=\"http:\/\/senoticias.com.br\/se\/wp-content\/uploads\/2017\/06\/dinheiro3-e1497382281777.jpg\" alt=\"Recebem nesta quarta professores e servidores lotados em sala de aula e servidores do Sergipeprevid\u00eancia e do Ipesa\u00fade. Fonte: VejaSP\" width=\"599\" height=\"352\" \/><\/a><p id=\"caption-attachment-104009\" class=\"wp-caption-text\">Recebem nesta quarta professores e servidores lotados em sala de aula e servidores do Sergipeprevid\u00eancia e do Ipesa\u00fade (foto: arquivo\/Ag\u00eancia Brasil)<\/p><\/div>\n<p>&nbsp;<\/p>\n<p><a href=\"http:\/\/senoticias.com.br\/se\/wp-content\/uploads\/2018\/01\/Logomarca-fone-SE-4-2.jpg\"><img loading=\"lazy\" decoding=\"async\" class=\"aligncenter size-full wp-image-110322\" src=\"http:\/\/senoticias.com.br\/se\/wp-content\/uploads\/2018\/01\/Logomarca-fone-SE-4-2.jpg\" alt=\"Logomarca-fone-SE-4\" width=\"599\" height=\"78\" srcset=\"https:\/\/senoticias.com.br\/se\/wp-content\/uploads\/2018\/01\/Logomarca-fone-SE-4-2.jpg 599w, https:\/\/senoticias.com.br\/se\/wp-content\/uploads\/2018\/01\/Logomarca-fone-SE-4-2-300x39.jpg 300w\" sizes=\"(max-width: 599px) 100vw, 599px\" \/><\/a><\/p>\n<p>&nbsp;<\/p>\n<p><em><strong>Acompanhe tamb\u00e9m o SE Not\u00edcias no\u00a0<a href=\"https:\/\/twitter.com\/Senoticias\" target=\"_blank\">Twitter<\/a>,\u00a0<a href=\"https:\/\/www.facebook.com\/senoticias1\" target=\"_blank\">Facebook<\/a>\u00a0e no\u00a0<a href=\"https:\/\/www.instagram.com\/senoticias\/\" target=\"_blank\">Instagram<\/a>\u00a0<\/strong><\/em><\/p>\n<p>&nbsp;<\/p>\n<p><em>Ag\u00eancia Sergipe de Not\u00edcias<\/em><\/p>\n","protected":false},"excerpt":{"rendered":"<p>&nbsp; &nbsp; O governo do Estado inicia o pagamento dos servidores, referente ao m\u00eas de janeiro, nesta quarta-feira (31). Recebem nessa data os professores e servidores da educa\u00e7\u00e3o lotados em escolas, servidores do Sergipeprevid\u00eancia e do Ipesa\u00fade. O calend\u00e1rio dos demais servidores ser\u00e1 divulgado posteriormente. &nbsp; &nbsp; Acompanhe tamb\u00e9m o SE Not\u00edcias no\u00a0Twitter,\u00a0Facebook\u00a0e no\u00a0Instagram\u00a0 &nbsp; [&hellip;]<\/p>\n","protected":false},"author":2,"featured_media":104009,"comment_status":"closed","ping_status":"closed","sticky":false,"template":"","format":"standard","meta":{"footnotes":""},"categories":[15,6],"tags":[448,8486,6276],"class_list":{"0":"post-110393","1":"post","2":"type-post","3":"status-publish","4":"format-standard","5":"has-post-thumbnail","7":"category-destaques","8":"category-politica","9":"tag-governo-de-sergipe","10":"tag-pagamento-de-janeiro","11":"tag-pagamento-dos-servidores"},"_links":{"self":[{"href":"https:\/\/senoticias.com.br\/se\/wp-json\/wp\/v2\/posts\/110393"}],"collection":[{"href":"https:\/\/senoticias.com.br\/se\/wp-json\/wp\/v2\/posts"}],"about":[{"href":"https:\/\/senoticias.com.br\/se\/wp-json\/wp\/v2\/types\/post"}],"author":[{"embeddable":true,"href":"https:\/\/senoticias.com.br\/se\/wp-json\/wp\/v2\/users\/2"}],"replies":[{"embeddable":true,"href":"https:\/\/senoticias.com.br\/se\/wp-json\/wp\/v2\/comments?post=110393"}],"version-history":[{"count":0,"href":"https:\/\/senoticias.com.br\/se\/wp-json\/wp\/v2\/posts\/110393\/revisions"}],"wp:featuredmedia":[{"embeddable":true,"href":"https:\/\/senoticias.com.br\/se\/wp-json\/wp\/v2\/media\/104009"}],"wp:attachment":[{"href":"https:\/\/senoticias.com.br\/se\/wp-json\/wp\/v2\/media?parent=110393"}],"wp:term":[{"taxonomy":"category","embeddable":true,"href":"https:\/\/senoticias.com.br\/se\/wp-json\/wp\/v2\/categories?post=110393"},{"taxonomy":"post_tag","embeddable":true,"href":"https:\/\/senoticias.com.br\/se\/wp-json\/wp\/v2\/tags?post=110393"}],"curies":[{"name":"wp","href":"https:\/\/api.w.org\/{rel}","templated":true}]}}