{"id":110353,"date":"2018-01-29T11:19:27","date_gmt":"2018-01-29T14:19:27","guid":{"rendered":"http:\/\/senoticias.com.br\/se\/?p=110353"},"modified":"2018-01-29T20:23:27","modified_gmt":"2018-01-29T23:23:27","slug":"contrato-da-secretaria-da-saude-com-a-fundacao-hospitalar-de-saude-terminara-no-dia-31-de-marco-de-2019","status":"publish","type":"post","link":"https:\/\/senoticias.com.br\/se\/contrato-da-secretaria-da-saude-com-a-fundacao-hospitalar-de-saude-terminara-no-dia-31-de-marco-de-2019\/","title":{"rendered":"Contrato da Secretaria da Sa\u00fade com a Funda\u00e7\u00e3o Hospitalar de Sa\u00fade terminar\u00e1 no dia 31 de mar\u00e7o de 2019"},"content":{"rendered":"<p style=\"text-align: justify;\"><span style=\"color: #000000;\">Na manh\u00e3 da \u00faltima sexta-feira, 26, em audi\u00eancia realizada na Justi\u00e7a Federal, entre o Minist\u00e9rio P\u00fablico Federal (MPF), representantes do Estado, sindicatos e servidores da Funda\u00e7\u00e3o Hospitalar de Sa\u00fade (FHS), foi definido, ap\u00f3s acordo coletivo, que o contrato da SES com a Funda\u00e7\u00e3o terminar\u00e1 no dia 31 de mar\u00e7o de 2019. At\u00e9 l\u00e1, todos os servi\u00e7os passar\u00e3o a ser de responsabilidade da Secretaria de Sa\u00fade.<\/span><\/p>\n<p style=\"text-align: justify;\"><span style=\"color: #000000;\">Segundo Almeida, com a homologa\u00e7\u00e3o do acordo, chega ao fim um problema que se arrasta h\u00e1 anos. O secret\u00e1rio ressalta ainda que os servidores da Funda\u00e7\u00e3o Hospitalar n\u00e3o ser\u00e3o prejudicados, pois, at\u00e9 2019, o Governo do Estado tomar\u00e1 as devidas provid\u00eancias para garantir os direitos dos profissionais concursados da entidade.<\/span><\/p>\n<div id=\"attachment_110354\" style=\"width: 609px\" class=\"wp-caption aligncenter\"><a href=\"http:\/\/senoticias.com.br\/se\/wp-content\/uploads\/2018\/01\/ses-SENOTICIAS-e1517249895954.jpg\"><img loading=\"lazy\" decoding=\"async\" aria-describedby=\"caption-attachment-110354\" class=\"size-full wp-image-110354\" src=\"http:\/\/senoticias.com.br\/se\/wp-content\/uploads\/2018\/01\/ses-SENOTICIAS-e1517249895954.jpg\" alt=\"Contrato da Secretaria da Sa\u00fade com a Funda\u00e7\u00e3o Hospitalar de Sa\u00fade terminar\u00e1 no dia 31 de mar\u00e7o de 2019 \/ Fotos: Fl\u00e1via Pacheco \/ SES\" width=\"599\" height=\"418\" \/><\/a><p id=\"caption-attachment-110354\" class=\"wp-caption-text\">Contrato da Secretaria da Sa\u00fade com a Funda\u00e7\u00e3o Hospitalar de Sa\u00fade terminar\u00e1 no dia 31 de mar\u00e7o de 2019 \/ Fotos: Fl\u00e1via Pacheco \/ SES<\/p><\/div>\n<p style=\"text-align: justify;\"><span style=\"color: #000000;\">\u201cFizemos a homologa\u00e7\u00e3o do acordo e a SES coloca fim a um problema grav\u00edssimo que se arrastava h\u00e1 muito tempo. O contrato da SES com a Funda\u00e7\u00e3o Hospitalar foi renovado, mas se encerrar\u00e1 no ano que vem, no dia 31 de mar\u00e7o, e a Secretaria assumir\u00e1 a administra\u00e7\u00e3o de todas as unidades de sa\u00fade do Estado para prestarmos uma assist\u00eancia ainda melhor \u00e0 popula\u00e7\u00e3o. Esclarecendo que a Funda\u00e7\u00e3o n\u00e3o ser\u00e1 extinta, mas sim o contrato de servi\u00e7os da entidade com a SES. Quanto aos servidores da Funda\u00e7\u00e3o Hospitalar, o Governo do Estado dar\u00e1 um encaminhamento \u00e0 quest\u00e3o, respeitando o direito dos profissionais concursados da entidade. J\u00e1 os contratados, entraram sabendo que s\u00e3o tempor\u00e1rios e que h\u00e1 um prazo determinado para a presta\u00e7\u00e3o de servi\u00e7o. Mas n\u00e3o tenho d\u00favida de que os servidores efetivos n\u00e3o ser\u00e3o prejudicados\u201d, afirma o Secret\u00e1rio.<\/span><\/p>\n<p><strong><span style=\"color: #000000;\">Avan\u00e7os na sa\u00fade<\/span><\/strong><\/p>\n<p><span style=\"color: #000000;\">Ap\u00f3s a assinatura do acordo, o procurador Federal, Ramiro Rockenbach, ressaltou que a sa\u00fade de Sergipe obteve grandes avan\u00e7os em 2018 e que, agora, realmente se colocou um ponto final na rela\u00e7\u00e3o da Secretaria de Estado da Sa\u00fade com a Funda\u00e7\u00e3o Hospitalar. A a\u00e7\u00e3o p\u00fablica envolvendo o contrato da SES com a FHS foi ajuizada pelo Minist\u00e9rio P\u00fablico Federal em 2014.<\/span><\/p>\n<p><span style=\"color: #000000;\">\u201cO MPF sempre defendeu que a dire\u00e7\u00e3o \u00fanica da Sa\u00fade tem que ser do Estado de Sergipe. Renovamos, mais uma vez, o contrato da SES com a Funda\u00e7\u00e3o Hospitalar, mas definimos tamb\u00e9m que este contrato terminar\u00e1 definitivamente no ano que vem. A sa\u00fade do Estado avan\u00e7ou muito em 2018, tivemos grandes melhoras na presta\u00e7\u00e3o dos servi\u00e7os, mas, como a sa\u00fade \u00e9 complexa, ainda h\u00e1 muito que fazer. Mas sa\u00edmos satisfeitos da audi\u00eancia porque, agora, colocamos um fim nessa rela\u00e7\u00e3o da SES com a Funda\u00e7\u00e3o\u201d, afirma Ramiro Rockenbach.<\/span><\/p>\n<p><span style=\"color: #000000;\">O procurador garante tamb\u00e9m que o MPF e o Governo do Estado encontrar\u00e3o uma solu\u00e7\u00e3o para a quest\u00e3o dos servidores da FHS. \u201cTemos at\u00e9 31 de mar\u00e7o de 2019 para definirmos a situa\u00e7\u00e3o dos servidores da Funda\u00e7\u00e3o Hospitalar e garanto que, juntos, o MPF e o Governo resolver\u00e3o essa quest\u00e3o. Garanto que o Minist\u00e9rio P\u00fablico Federal n\u00e3o deixar\u00e1 os trabalhadores efetivos desassistidos. Encontraremos uma sa\u00edda para isso\u201d, relata o procurador.<\/span><\/p>\n<p style=\"text-align: justify;\"><a href=\"http:\/\/senoticias.com.br\/se\/wp-content\/uploads\/2018\/01\/Logomarca-fone-SE-4-2.jpg\"><img loading=\"lazy\" decoding=\"async\" class=\"aligncenter size-full wp-image-110322\" src=\"http:\/\/senoticias.com.br\/se\/wp-content\/uploads\/2018\/01\/Logomarca-fone-SE-4-2.jpg\" alt=\"Logomarca-fone-SE-4\" width=\"599\" height=\"78\" srcset=\"https:\/\/senoticias.com.br\/se\/wp-content\/uploads\/2018\/01\/Logomarca-fone-SE-4-2.jpg 599w, https:\/\/senoticias.com.br\/se\/wp-content\/uploads\/2018\/01\/Logomarca-fone-SE-4-2-300x39.jpg 300w\" sizes=\"(max-width: 599px) 100vw, 599px\" \/><\/a><\/p>\n<p style=\"text-align: justify;\"><em><strong>Acompanhe tamb\u00e9m o SE Not\u00edcias no\u00a0<a href=\"https:\/\/twitter.com\/Senoticias\" target=\"_blank\">Twitter<\/a>,\u00a0<a href=\"https:\/\/www.facebook.com\/senoticias1\" target=\"_blank\">Facebook<\/a>\u00a0e no\u00a0<a href=\"https:\/\/www.instagram.com\/senoticias\/\" target=\"_blank\">Instagram<\/a>\u00a0<\/strong><\/em><\/p>\n<p style=\"text-align: justify;\">Por ASN<\/p>\n","protected":false},"excerpt":{"rendered":"<p>Na manh\u00e3 da \u00faltima sexta-feira, 26, em audi\u00eancia realizada na Justi\u00e7a Federal, entre o Minist\u00e9rio P\u00fablico Federal (MPF), representantes do Estado, sindicatos e servidores da Funda\u00e7\u00e3o Hospitalar de Sa\u00fade (FHS), foi definido, ap\u00f3s acordo coletivo, que o contrato da SES com a Funda\u00e7\u00e3o terminar\u00e1 no dia 31 de mar\u00e7o de 2019. At\u00e9 l\u00e1, todos os [&hellip;]<\/p>\n","protected":false},"author":2,"featured_media":0,"comment_status":"closed","ping_status":"closed","sticky":false,"template":"","format":"standard","meta":{"footnotes":""},"categories":[6],"tags":[3095,6384,8462,4684,2168,1304,223,558],"class_list":{"0":"post-110353","1":"post","2":"type-post","3":"status-publish","4":"format-standard","6":"category-politica","7":"tag-contrato","8":"tag-fundacao-hospitalar","9":"tag-justica-federals","10":"tag-mpf","11":"tag-politica","12":"tag-saude","13":"tag-sergipe","14":"tag-ses"},"_links":{"self":[{"href":"https:\/\/senoticias.com.br\/se\/wp-json\/wp\/v2\/posts\/110353"}],"collection":[{"href":"https:\/\/senoticias.com.br\/se\/wp-json\/wp\/v2\/posts"}],"about":[{"href":"https:\/\/senoticias.com.br\/se\/wp-json\/wp\/v2\/types\/post"}],"author":[{"embeddable":true,"href":"https:\/\/senoticias.com.br\/se\/wp-json\/wp\/v2\/users\/2"}],"replies":[{"embeddable":true,"href":"https:\/\/senoticias.com.br\/se\/wp-json\/wp\/v2\/comments?post=110353"}],"version-history":[{"count":0,"href":"https:\/\/senoticias.com.br\/se\/wp-json\/wp\/v2\/posts\/110353\/revisions"}],"wp:attachment":[{"href":"https:\/\/senoticias.com.br\/se\/wp-json\/wp\/v2\/media?parent=110353"}],"wp:term":[{"taxonomy":"category","embeddable":true,"href":"https:\/\/senoticias.com.br\/se\/wp-json\/wp\/v2\/categories?post=110353"},{"taxonomy":"post_tag","embeddable":true,"href":"https:\/\/senoticias.com.br\/se\/wp-json\/wp\/v2\/tags?post=110353"}],"curies":[{"name":"wp","href":"https:\/\/api.w.org\/{rel}","templated":true}]}}