{"id":110326,"date":"2018-01-28T14:07:05","date_gmt":"2018-01-28T17:07:05","guid":{"rendered":"http:\/\/senoticias.com.br\/se\/?p=110326"},"modified":"2018-01-28T14:08:21","modified_gmt":"2018-01-28T17:08:21","slug":"duda-e-agatha-ficam-com-a-prata-em-etapa-do-circuito-brasileiro-em-fortaleza","status":"publish","type":"post","link":"https:\/\/senoticias.com.br\/se\/duda-e-agatha-ficam-com-a-prata-em-etapa-do-circuito-brasileiro-em-fortaleza\/","title":{"rendered":"Duda e \u00c1gatha ficam com a prata em etapa do Circuito Brasileiro, em Fortaleza"},"content":{"rendered":"<p style=\"text-align: justify;\">A sergipana Duda Lisboa e a paranaense \u00c1gatha Rippel foram vice-campe\u00e3s da etapa Fortaleza-CE do Open nacional de v\u00f4lei de praia. De virada, a dupla Maria Elisa e Carol Solberg repetiu o resultado da etapa anterior, em Itapema, e faturou a final da 4\u00ba etapa do Circuito Brasileiro de v\u00f4lei de praia, em Fortaleza, neste domingo (28). A decis\u00e3o ficou para o tie-break, vencido por 15 a 13. Com o triunfo, a dupla continua na lideran\u00e7a do ranking do Circuito.<\/p>\n<div id=\"attachment_110327\" style=\"width: 609px\" class=\"wp-caption aligncenter\"><a href=\"http:\/\/senoticias.com.br\/se\/wp-content\/uploads\/2018\/01\/lcm8988-e1517158919120.jpg\"><img loading=\"lazy\" decoding=\"async\" aria-describedby=\"caption-attachment-110327\" class=\"size-full wp-image-110327\" src=\"http:\/\/senoticias.com.br\/se\/wp-content\/uploads\/2018\/01\/lcm8988-e1517158919120.jpg\" alt=\"A repeti\u00e7\u00e3o do duelo entre as duplas Maria Elisa\/Carol Solberg e \u00c1ghata\/Duda foi bastante acirrada.\" width=\"599\" height=\"399\" \/><\/a><p id=\"caption-attachment-110327\" class=\"wp-caption-text\">A repeti\u00e7\u00e3o do duelo entre as duplas Maria Elisa\/Carol Solberg e \u00c1ghata\/Duda foi bastante acirrada ( L.C. Moreira \/Inovafoto\/CBV)<\/p><\/div>\n<p style=\"text-align: justify;\">\u00c9 o terceiro confronto em finais entre as duas duplas. Elas se enfrentaram na decis\u00e3o da etapa de Natal (RN), com t\u00edtulo para \u00c1gatha\/Duda, e na semifinal da etapa de Campo Grande (MS), com vit\u00f3ria de Maria e Carol. No tira-teima quem levou a melhor foram as l\u00edderes do Circuito, Maria Elisa e Carol.<\/p>\n<p><strong>Disputa acirrada<\/strong><\/p>\n<p style=\"text-align: justify;\">O primeiro set foi tranquilo para \u00c1ghata\/Duda, que seguiram \u00e0 frente no placar a maior parte do tempo. Duda abriu o marcador da disputa com um lance no fundo da quadra. Carol\/Maria Elisa iniciaram a partida com uma vantagem de 3 pontos, mas \u00c1ghata\/Duda estava atentas com bloqueios fortes e v\u00e1rios saques em Maria Elisa, bastante exigida na partida. Um ponto de Duda na diagonal fechou o set. No fim: 15 a 21.<\/p>\n<div id=\"attachment_110328\" style=\"width: 609px\" class=\"wp-caption aligncenter\"><a href=\"http:\/\/senoticias.com.br\/se\/wp-content\/uploads\/2018\/01\/lcm9163-e1517159039189.jpg\"><img loading=\"lazy\" decoding=\"async\" aria-describedby=\"caption-attachment-110328\" class=\"size-full wp-image-110328\" src=\"http:\/\/senoticias.com.br\/se\/wp-content\/uploads\/2018\/01\/lcm9163-e1517159039189.jpg\" alt=\"Sergipana e paranaense perderam final para Maria Elisa e Carol\" width=\"599\" height=\"399\" \/><\/a><p id=\"caption-attachment-110328\" class=\"wp-caption-text\">Sergipana e paranaense perderam final para Maria Elisa e Carol\u00a0 (foto: L.C. Moreira \/Inovafoto\/CBV)<\/p><\/div>\n<p style=\"text-align: justify;\">No segundo set, Maria Elisa\/Carol Solberg dominou a partida. O bloqueio de Carol funcionou e a dupla abriu uma vantagem que n\u00e3o foi superada. Em um ponto disputado, fecharam o set por 21 a 10.<\/p>\n<p style=\"text-align: justify;\">No tie-break, o jogo voltou a ficar bastante acirrado e muito equilibrado. Ponto a ponto, Maria Elisa\/Carol abriu uma pequena vantagem de dois pontos. No momento de decis\u00e3o, um ace de Maria Elisa deu o primeiro match point para a dupla. \u00c1gatha salvou. Na segunda tentativa, ap\u00f3s belo rally, Maria Elisa confirmou a vit\u00f3ria em largada e venceu o set desempate por 15 a 13 ficando com o t\u00edtulo.<\/p>\n<p style=\"text-align: justify;\">A pr\u00f3xima etapa do Open nacional ser\u00e1 em Jo\u00e3o Pessoa-PB entre os dias 20 e 25 de fevereiro.<\/p>\n<p style=\"text-align: justify;\"><a href=\"http:\/\/senoticias.com.br\/se\/wp-content\/uploads\/2018\/01\/Logomarca-fone-SE-4-2.jpg\"><img loading=\"lazy\" decoding=\"async\" class=\"aligncenter size-full wp-image-110322\" src=\"http:\/\/senoticias.com.br\/se\/wp-content\/uploads\/2018\/01\/Logomarca-fone-SE-4-2.jpg\" alt=\"Logomarca-fone-SE-4\" width=\"599\" height=\"78\" srcset=\"https:\/\/senoticias.com.br\/se\/wp-content\/uploads\/2018\/01\/Logomarca-fone-SE-4-2.jpg 599w, https:\/\/senoticias.com.br\/se\/wp-content\/uploads\/2018\/01\/Logomarca-fone-SE-4-2-300x39.jpg 300w\" sizes=\"(max-width: 599px) 100vw, 599px\" \/><\/a><\/p>\n<p style=\"text-align: justify;\"><em><strong>Acompanhe tamb\u00e9m o SE Not\u00edcias no<\/strong><span class=\"apple-converted-space\"><b>\u00a0<\/b><\/span><a href=\"https:\/\/twitter.com\/Senoticias\" target=\"_blank\"><b>Twitter<\/b><\/a><strong>,<\/strong><span class=\"apple-converted-space\"><b>\u00a0<\/b><\/span><a href=\"https:\/\/www.facebook.com\/senoticias1\" target=\"_blank\"><b>Facebook<\/b><span class=\"apple-converted-space\"><b>\u00a0<\/b><\/span><\/a><strong>e no<\/strong><span class=\"apple-converted-space\"><b>\u00a0<\/b><\/span><a href=\"https:\/\/www.instagram.com\/senoticias\/\" target=\"_blank\"><b>Instagram<\/b><\/a><\/em><\/p>\n<p style=\"text-align: justify;\"><em>Por Beatriz Carvalho, Fortaleza, <a href=\"https:\/\/globoesporte.globo.com\/ce\/volei\/noticia\/de-virada-maria-elisacarol-solberg-fatura-etapa-do-circuito-brasileiro.ghtml\"><strong>Globo Esporte<\/strong><\/a>, CE<\/em><\/p>\n","protected":false},"excerpt":{"rendered":"<p>A sergipana Duda Lisboa e a paranaense \u00c1gatha Rippel foram vice-campe\u00e3s da etapa Fortaleza-CE do Open nacional de v\u00f4lei de praia. De virada, a dupla Maria Elisa e Carol Solberg repetiu o resultado da etapa anterior, em Itapema, e faturou a final da 4\u00ba etapa do Circuito Brasileiro de v\u00f4lei de praia, em Fortaleza, neste [&hellip;]<\/p>\n","protected":false},"author":2,"featured_media":110327,"comment_status":"closed","ping_status":"closed","sticky":false,"template":"","format":"standard","meta":{"footnotes":""},"categories":[15,26],"tags":[8434,6608,2525,4732,850,8435,8436,8437,8433],"class_list":{"0":"post-110326","1":"post","2":"type-post","3":"status-publish","4":"format-standard","5":"has-post-thumbnail","7":"category-destaques","8":"category-esportes","9":"tag-aghata","10":"tag-circuito-brasileiro","11":"tag-circuito-brasileiro-de-volei-de-praia","12":"tag-duda-lisboa","13":"tag-fortaleza","14":"tag-prata","15":"tag-sancristovense-duda-lisboa","16":"tag-sergipana-duda-lisboa","17":"tag-tie-break"},"_links":{"self":[{"href":"https:\/\/senoticias.com.br\/se\/wp-json\/wp\/v2\/posts\/110326"}],"collection":[{"href":"https:\/\/senoticias.com.br\/se\/wp-json\/wp\/v2\/posts"}],"about":[{"href":"https:\/\/senoticias.com.br\/se\/wp-json\/wp\/v2\/types\/post"}],"author":[{"embeddable":true,"href":"https:\/\/senoticias.com.br\/se\/wp-json\/wp\/v2\/users\/2"}],"replies":[{"embeddable":true,"href":"https:\/\/senoticias.com.br\/se\/wp-json\/wp\/v2\/comments?post=110326"}],"version-history":[{"count":0,"href":"https:\/\/senoticias.com.br\/se\/wp-json\/wp\/v2\/posts\/110326\/revisions"}],"wp:featuredmedia":[{"embeddable":true,"href":"https:\/\/senoticias.com.br\/se\/wp-json\/wp\/v2\/media\/110327"}],"wp:attachment":[{"href":"https:\/\/senoticias.com.br\/se\/wp-json\/wp\/v2\/media?parent=110326"}],"wp:term":[{"taxonomy":"category","embeddable":true,"href":"https:\/\/senoticias.com.br\/se\/wp-json\/wp\/v2\/categories?post=110326"},{"taxonomy":"post_tag","embeddable":true,"href":"https:\/\/senoticias.com.br\/se\/wp-json\/wp\/v2\/tags?post=110326"}],"curies":[{"name":"wp","href":"https:\/\/api.w.org\/{rel}","templated":true}]}}