{"id":110320,"date":"2018-01-28T08:11:03","date_gmt":"2018-01-28T11:11:03","guid":{"rendered":"http:\/\/senoticias.com.br\/se\/?p=110320"},"modified":"2018-01-29T06:58:09","modified_gmt":"2018-01-29T09:58:09","slug":"criminosos-invadem-festa-atiram-e-matam-14-pessoas-na-maior-chacina-do-ceara","status":"publish","type":"post","link":"https:\/\/senoticias.com.br\/se\/criminosos-invadem-festa-atiram-e-matam-14-pessoas-na-maior-chacina-do-ceara\/","title":{"rendered":"8 feridos em chacina no Cear\u00e1 seguem internados; 14 morreram"},"content":{"rendered":"<p style=\"text-align: justify;\">Oito pessoas baleadas durante a chacina que deixou 14 mortos no Bairro Cajazeiras, em Fortaleza, seguem internadas, conforme o \u00faltimo boletim divulgado na noite de s\u00e1bado (27) pelo Instituto Dr. Jos\u00e9 Frota (IJF). Sete v\u00edtimas est\u00e3o internadas na unidade e uma outra pessoa segue hospitalizada em estado grave no Hospital Distrital Edmilson Barros de Oliveira, o Frotinha Messejana.<\/p>\n<p style=\"text-align: justify;\">Entre os feridos, est\u00e1 um garoto de 12 anos, que \u00e9 filho de um vendedor de cachorro-quente morto na chacina.<\/p>\n<p style=\"text-align: justify;\">Oito mulheres e seis homens foram assassinados por um grupo que invadiu a danceteria &#8220;Forr\u00f3 do Gago&#8221; por volta de 1h30 (hor\u00e1rio de Bras\u00edlia).<\/p>\n<div id=\"attachment_110321\" style=\"width: 609px\" class=\"wp-caption aligncenter\"><a href=\"http:\/\/senoticias.com.br\/se\/wp-content\/uploads\/2018\/01\/chacina-gago1-e1517137649867.jpg\"><img loading=\"lazy\" decoding=\"async\" aria-describedby=\"caption-attachment-110321\" class=\"size-full wp-image-110321\" src=\"http:\/\/senoticias.com.br\/se\/wp-content\/uploads\/2018\/01\/chacina-gago1-e1517137649867.jpg\" alt=\" Chacina ocorreu no 'Forr\u00f3 do Gago', local de shows no Bairro Cajazeiras (foto: Facebook\/Reprodu\u00e7\u00e3o) \" width=\"599\" height=\"391\" \/><\/a><p id=\"caption-attachment-110321\" class=\"wp-caption-text\"><br \/>Chacina ocorreu no &#8216;Forr\u00f3 do Gago&#8217;, local de shows no Bairro Cajazeiras (foto: Facebook\/Reprodu\u00e7\u00e3o)<\/p><\/div>\n<p style=\"text-align: justify;\">Segundo um policial militar que conversou com o G1 e moradores do bairro, membros de uma fac\u00e7\u00e3o criminosa dispararam contra a danceteria &#8220;Forr\u00f3 do Gago&#8221; por volta de 1h30 (hor\u00e1rio de Bras\u00edlia). V\u00e1rios homens armados chegaram em tr\u00eas carros, invadiram o local e dispararam tiros, conforme os relatos.<br \/>\nO secret\u00e1rio, no entanto, disse que as investiga\u00e7\u00f5es ainda est\u00e3o acontecendo e preferiu n\u00e3o atribuir o crime a uma disputa entre fac\u00e7\u00f5es. Segundo ele, a chacina foi &#8220;um caso pontual&#8221; e o &#8220;estado n\u00e3o perdeu o controle [do combate ao crime]&#8221;.<\/p>\n<p style=\"text-align: justify;\">Al\u00e9m do fuzil, a pol\u00edcia tamb\u00e9m apreendeu uma bomba de g\u00e1s lacrimog\u00eaneo que estava no interior do clube onde ocorreu a chacina. O artefato explosivo foi desarmado e recolhido por uma equipe da Pol\u00edcia Militar. A pol\u00edcia n\u00e3o informou a quem pertencia a bomba.<\/p>\n<p>Costa disse que a secretaria est\u00e1 trabalhando para identificar todas as v\u00edtimas, investigar a motiva\u00e7\u00e3o do crime e fazendo buscas por suspeitos.<\/p>\n<p>Entre os 14 mortos, h\u00e1 oito v\u00edtimas do sexo feminino e seis do sexo masculino. Um motorista do aplicativo Uber e um vendedor de cachorro-quente est\u00e3o entre os mortos. Um menino de 12 anos ficou ferido. Os nomes n\u00e3o foram divulgados.<\/p>\n<p style=\"text-align: justify;\">Outras dez pessoas ficaram feridas e foram hospitalizadas, duas em estado grave. Sete continuam internadas no Instituto Dr. Jos\u00e9 Frota (IJF) e outro no hospital Frotinha de Messejana.<br \/>\nOs internados no hospital Instituto Jos\u00e9 Frota (IJF) s\u00e3o:<\/p>\n<p>Um homem de 24 anos;<br \/>\nUma mulher de 23 anos;<br \/>\nUma jovem de 19 anos;<br \/>\nDuas adolescentes de 17 anos;<br \/>\nDuas adolescentes de 16 anos;<br \/>\nUm adolescente de 16 anos;<br \/>\nUm garoto de 12 anos<\/p>\n<p style=\"text-align: justify;\">A procuradora de Justi\u00e7a, Vanja Fontenele Pontes, coordenadora do Minist\u00e9rio P\u00fablico do Cear\u00e1, comentou que o \u00f3rg\u00e3o tamb\u00e9m iniciou as investiga\u00e7\u00f5es para tentar identificar os suspeitos. &#8220;Lamentamos muito essa situa\u00e7\u00e3o, mas n\u00f3s estamos trabalhando. Eu espero [que essa viol\u00eancia] pare por aqui&#8221;, afirmou.<\/p>\n<p><strong>Governador se pronuncia<\/strong><\/p>\n<p style=\"text-align: justify;\">O governador Camilo Santana se pronunciou oficialmente sobre o caso por meio de seu perfil no facebook. Camilo definiu a chacina como um &#8220;ato selvagem e inaceit\u00e1vel&#8221;. O governador informou ainda que se reuniu com o secret\u00e1rio Andr\u00e9 Costa e com membros da c\u00fapula da SSPDS.<\/p>\n<p>&#8220;Determinei rigor absoluto nas investiga\u00e7\u00f5es e busca incessante dos criminosos, para que todos os envolvidos sejam identificados e presos o mais r\u00e1pido poss\u00edvel. N\u00e3o aceitaremos de forma alguma que esse tipo barb\u00e1rie fique impune&#8221;, escreveu o governador.<\/p>\n<p><strong>Marcas de viol\u00eancia<\/strong><\/p>\n<p style=\"text-align: justify;\">O G1 esteve no local do crime horas ap\u00f3s a chacina. Os moradores relataram que &#8220;t\u00eam medo de sair de casa at\u00e9 pra comprar p\u00e3o&#8221;. Eles contaram que um motorista que tinha acabado de deixar um passageiro e um vendedor de cachorro-quente morreram no tiroteio. O filho do ambulante, de 12 anos, \u00e9 um dos feridos.<br \/>\nUm outro morador, que preferiu n\u00e3o se identificar, disse que os suspeitos estavam armados com pistolas e fuzis, usando coletes e balaclavas. Ele contou que o tiroteio durou cerca de 40 minutos.<\/p>\n<p style=\"text-align: justify;\">Um comerciante disse que estava indo vender bebidas no local, quando come\u00e7ou o tiroteio. &#8220;Eles apareceram atirando. Matando quem aparecesse pela frente. Eu entrei em casa e os vi atirando no motorista do Uber. O passageiro correu e os criminosos atiraram nela, mas ela, gra\u00e7as a Deus, escapou&#8221;, disse o homem.<br \/>\nH\u00e1 marcas de bala nas paredes das casas, no local da festa e nos ve\u00edculos que estavam estacionados na via. Apesar da chuva, a cal\u00e7ada da casa de forr\u00f3 ainda estava coberta de sangue na manh\u00e3 deste s\u00e1bado.<\/p>\n<p style=\"text-align: justify;\">O secret\u00e1rio Andr\u00e9 Costa afirmou que a pol\u00edcia est\u00e1 &#8220;engajada&#8221; no caso e &#8220;n\u00e3o h\u00e1 motivo para p\u00e2nico e temor&#8221;. Ele negou que h\u00e1 risco de repres\u00e1lias entre as fac\u00e7\u00f5es. &#8220;A pol\u00edcia est\u00e1 engajada no caso e vamos dar a resposta que a sociedade merece&#8221;, disse.<\/p>\n<p style=\"text-align: justify;\">&#8220;S\u00e3o eventos isolados, que ocorrem no mundo todo, casos com 50 mortes, 60 mortes. S\u00e3o a\u00e7\u00f5es planejadas, que em alguns casos, com o trabalho da Intelig\u00eancia da pol\u00edcia, n\u00f3s conseguimos evitar e n\u00e3o s\u00e3o noticiados. Nesse caso, infelizmente, n\u00f3s n\u00e3o conseguimos evitar.&#8221;<\/p>\n<p style=\"text-align: justify;\">Em dezembro de 2017, ano em que o Cear\u00e1 teve um recorde no n\u00famero de homic\u00eddios, o governador do Cear\u00e1, Camilo Santana, havia dito que 82% dos homic\u00eddios ocorrem em consequ\u00eancia do conflito entre fac\u00e7\u00f5es que disputam territ\u00f3rios de tr\u00e1fico de drogas.<\/p>\n<p><strong>Relato de sobrevivente<\/strong><\/p>\n<p style=\"text-align: justify;\">&#8220;Est\u00e1 muito horr\u00edvel, muito horr\u00edvel mesmo, muita gente baleada no ch\u00e3o&#8221;, disse um sobrevivente, em mensagem compartilhada em rede social. A PM confirmou que se trata da declara\u00e7\u00e3o de uma testemunha que pediu para n\u00e3o ter o nome divulgado.<\/p>\n<p style=\"text-align: justify;\">Algumas testemunhas falam em dezenas de pessoas chegando e atirando, sem dar chance de defesa; outras falam que eram um grupo de 15 bandidos, em tr\u00eas carros, fortemente armados, segundo a Pol\u00edcia Militar.<\/p>\n<p style=\"text-align: justify;\"><a href=\"http:\/\/senoticias.com.br\/se\/wp-content\/uploads\/2018\/01\/Logomarca-fone-SE-4-2.jpg\"><img loading=\"lazy\" decoding=\"async\" class=\"aligncenter size-full wp-image-110322\" src=\"http:\/\/senoticias.com.br\/se\/wp-content\/uploads\/2018\/01\/Logomarca-fone-SE-4-2.jpg\" alt=\"Logomarca-fone-SE-4\" width=\"599\" height=\"78\" srcset=\"https:\/\/senoticias.com.br\/se\/wp-content\/uploads\/2018\/01\/Logomarca-fone-SE-4-2.jpg 599w, https:\/\/senoticias.com.br\/se\/wp-content\/uploads\/2018\/01\/Logomarca-fone-SE-4-2-300x39.jpg 300w\" sizes=\"(max-width: 599px) 100vw, 599px\" \/><\/a><\/p>\n<p style=\"text-align: justify;\"><em>Informa\u00e7\u00f5es do <a href=\"https:\/\/g1.globo.com\/ce\/ceara\/noticia\/moradores-de-bairro-onde-houve-chacina-em-fortaleza-relatam-medo-de-sair-de-casa.ghtml\"><strong>G1 CE<\/strong><\/a><\/em><\/p>\n","protected":false},"excerpt":{"rendered":"<p>Oito pessoas baleadas durante a chacina que deixou 14 mortos no Bairro Cajazeiras, em Fortaleza, seguem internadas, conforme o \u00faltimo boletim divulgado na noite de s\u00e1bado (27) pelo Instituto Dr. Jos\u00e9 Frota (IJF). Sete v\u00edtimas est\u00e3o internadas na unidade e uma outra pessoa segue hospitalizada em estado grave no Hospital Distrital Edmilson Barros de Oliveira, [&hellip;]<\/p>\n","protected":false},"author":2,"featured_media":110321,"comment_status":"closed","ping_status":"closed","sticky":false,"template":"","format":"standard","meta":{"footnotes":""},"categories":[2961],"tags":[8431,8432,8429,8430,857],"class_list":{"0":"post-110320","1":"post","2":"type-post","3":"status-publish","4":"format-standard","5":"has-post-thumbnail","7":"category-nacional","8":"tag-bairro-cajazeiras","9":"tag-chacina-fortaleza","10":"tag-forro-do-gago","11":"tag-matam-14-pessoas","12":"tag-violencia"},"_links":{"self":[{"href":"https:\/\/senoticias.com.br\/se\/wp-json\/wp\/v2\/posts\/110320"}],"collection":[{"href":"https:\/\/senoticias.com.br\/se\/wp-json\/wp\/v2\/posts"}],"about":[{"href":"https:\/\/senoticias.com.br\/se\/wp-json\/wp\/v2\/types\/post"}],"author":[{"embeddable":true,"href":"https:\/\/senoticias.com.br\/se\/wp-json\/wp\/v2\/users\/2"}],"replies":[{"embeddable":true,"href":"https:\/\/senoticias.com.br\/se\/wp-json\/wp\/v2\/comments?post=110320"}],"version-history":[{"count":0,"href":"https:\/\/senoticias.com.br\/se\/wp-json\/wp\/v2\/posts\/110320\/revisions"}],"wp:featuredmedia":[{"embeddable":true,"href":"https:\/\/senoticias.com.br\/se\/wp-json\/wp\/v2\/media\/110321"}],"wp:attachment":[{"href":"https:\/\/senoticias.com.br\/se\/wp-json\/wp\/v2\/media?parent=110320"}],"wp:term":[{"taxonomy":"category","embeddable":true,"href":"https:\/\/senoticias.com.br\/se\/wp-json\/wp\/v2\/categories?post=110320"},{"taxonomy":"post_tag","embeddable":true,"href":"https:\/\/senoticias.com.br\/se\/wp-json\/wp\/v2\/tags?post=110320"}],"curies":[{"name":"wp","href":"https:\/\/api.w.org\/{rel}","templated":true}]}}