{"id":110257,"date":"2018-01-25T18:09:36","date_gmt":"2018-01-25T21:09:36","guid":{"rendered":"http:\/\/senoticias.com.br\/se\/?p=110257"},"modified":"2018-01-25T18:09:36","modified_gmt":"2018-01-25T21:09:36","slug":"mulher-morre-eletrocutada-no-municipio-de-pirambu","status":"publish","type":"post","link":"https:\/\/senoticias.com.br\/se\/mulher-morre-eletrocutada-no-municipio-de-pirambu\/","title":{"rendered":"Mulher morre eletrocutada no munic\u00edpio de Pirambu"},"content":{"rendered":"<div class=\"mc-column content-text active-extra-styles active-capital-letter\" data-block-type=\"unstyled\" data-block-weight=\"36\" data-block-id=\"2\">\n<p class=\"content-text__container theme-color-primary-first-letter\" style=\"text-align: justify;\" data-track-category=\"Link no Texto\" data-track-links=\"\">Por volta das 8h30 da manh\u00e3 desta quinta-feira (25), o Instituto M\u00e9dico Legal de Sergipe (IML) foi acionado pelo para recolher o corpo de Erica Soares dos Santos, de 22 anos, que morreu eletrocutada no Povoado Lagoa Redonda, munic\u00edpio de Pirambu, distante 45 km de Aracaju.<\/p>\n<div id=\"attachment_110259\" style=\"width: 567px\" class=\"wp-caption aligncenter\"><a href=\"http:\/\/senoticias.com.br\/se\/wp-content\/uploads\/2018\/01\/corpo.jpeg\"><img loading=\"lazy\" decoding=\"async\" aria-describedby=\"caption-attachment-110259\" class=\"size-full wp-image-110259\" src=\"http:\/\/senoticias.com.br\/se\/wp-content\/uploads\/2018\/01\/corpo.jpeg\" alt=\" Erica morreu eletrocutada no Povoado Lagoa Redonda, no munic\u00edpio de Pirambu\" width=\"557\" height=\"503\" srcset=\"https:\/\/senoticias.com.br\/se\/wp-content\/uploads\/2018\/01\/corpo.jpeg 557w, https:\/\/senoticias.com.br\/se\/wp-content\/uploads\/2018\/01\/corpo-300x271.jpeg 300w\" sizes=\"(max-width: 557px) 100vw, 557px\" \/><\/a><p id=\"caption-attachment-110259\" class=\"wp-caption-text\">Erica morreu eletrocutada no Povoado Lagoa Redonda, no munic\u00edpio de Pirambu (foto: redes Sociais)<\/p><\/div>\n<\/div>\n<div class=\"mc-column content-text active-extra-styles \" style=\"text-align: justify;\" data-block-type=\"unstyled\" data-block-weight=\"53\" data-block-id=\"3\">\n<p class=\"content-text__container \" data-track-category=\"Link no Texto\" data-track-links=\"\">De acordo com as informa\u00e7\u00f5es passadas pelo Centro Integrado de Opera\u00e7\u00f5es em Seguran\u00e7a P\u00fablica (CIOSP) ao IML, o caso ocorreu pr\u00f3ximo a um riacho. Familiares disseram que a v\u00edtima participava de um passeio na regi\u00e3o com outras pessoas. Um cabo de energia estava encoberto pela areia e a mulher acabou recebendo a carga.<\/p>\n<\/div>\n<div class=\"mc-column content-text active-extra-styles \" data-block-type=\"unstyled\" data-block-weight=\"45\" data-block-id=\"4\">\n<p class=\"content-text__container \" style=\"text-align: justify;\" data-track-category=\"Link no Texto\" data-track-links=\"\">Segundo a assessoria de comunica\u00e7\u00e3o da Energisa, empresa respons\u00e1vel pelo fornecimento de energia da regi\u00e3o, informou que ao tomar conhecimento do fato desligou rede el\u00e9trica e enviou uma equipe ao local. Disse ainda que lamenta o ocorrido e est\u00e1 prestando todo o apoio aos familiares.<\/p>\n<\/div>\n<p class=\"content-text__container \" style=\"text-align: justify;\" data-track-category=\"Link no Texto\" data-track-links=\"\"><a href=\"http:\/\/senoticias.com.br\/se\/wp-content\/uploads\/2018\/01\/Logomarca-fone-SE-4-1.jpg\"><img loading=\"lazy\" decoding=\"async\" class=\"aligncenter size-full wp-image-109978\" src=\"http:\/\/senoticias.com.br\/se\/wp-content\/uploads\/2018\/01\/Logomarca-fone-SE-4-1.jpg\" alt=\"Logomarca-fone-SE-4\" width=\"599\" height=\"78\" srcset=\"https:\/\/senoticias.com.br\/se\/wp-content\/uploads\/2018\/01\/Logomarca-fone-SE-4-1.jpg 599w, https:\/\/senoticias.com.br\/se\/wp-content\/uploads\/2018\/01\/Logomarca-fone-SE-4-1-300x39.jpg 300w\" sizes=\"(max-width: 599px) 100vw, 599px\" \/><\/a><\/p>\n<p class=\"content-text__container \" style=\"text-align: justify;\" data-track-category=\"Link no Texto\" data-track-links=\"\">\n<p class=\"content-text__container \" style=\"text-align: justify;\" data-track-category=\"Link no Texto\" data-track-links=\"\"><em><strong>Acompanhe tamb\u00e9m o SE Not\u00edcias no\u00a0<a href=\"https:\/\/twitter.com\/Senoticias\" target=\"_blank\">Twitter<\/a>,\u00a0<a href=\"https:\/\/www.facebook.com\/senoticias1\" target=\"_blank\">Facebook<\/a>\u00a0e no\u00a0<a href=\"https:\/\/www.instagram.com\/senoticias\/\" target=\"_blank\">Instagram<\/a>\u00a0<\/strong><\/em><\/p>\n<p class=\"content-text__container \" style=\"text-align: justify;\" data-track-category=\"Link no Texto\" data-track-links=\"\"><em>Com informa\u00e7\u00f5es do G1 SE<\/em><\/p>\n<p class=\"content-text__container \" style=\"text-align: justify;\" data-track-category=\"Link no Texto\" data-track-links=\"\">\n","protected":false},"excerpt":{"rendered":"<p>Por volta das 8h30 da manh\u00e3 desta quinta-feira (25), o Instituto M\u00e9dico Legal de Sergipe (IML) foi acionado pelo para recolher o corpo de Erica Soares dos Santos, de 22 anos, que morreu eletrocutada no Povoado Lagoa Redonda, munic\u00edpio de Pirambu, distante 45 km de Aracaju. De acordo com as informa\u00e7\u00f5es passadas pelo Centro Integrado [&hellip;]<\/p>\n","protected":false},"author":2,"featured_media":110259,"comment_status":"closed","ping_status":"closed","sticky":false,"template":"","format":"standard","meta":{"footnotes":""},"categories":[15],"tags":[8379,8378,4086],"class_list":{"0":"post-110257","1":"post","2":"type-post","3":"status-publish","4":"format-standard","5":"has-post-thumbnail","7":"category-destaques","8":"tag-eletrocutada","9":"tag-mulher-morre","10":"tag-pirambu"},"_links":{"self":[{"href":"https:\/\/senoticias.com.br\/se\/wp-json\/wp\/v2\/posts\/110257"}],"collection":[{"href":"https:\/\/senoticias.com.br\/se\/wp-json\/wp\/v2\/posts"}],"about":[{"href":"https:\/\/senoticias.com.br\/se\/wp-json\/wp\/v2\/types\/post"}],"author":[{"embeddable":true,"href":"https:\/\/senoticias.com.br\/se\/wp-json\/wp\/v2\/users\/2"}],"replies":[{"embeddable":true,"href":"https:\/\/senoticias.com.br\/se\/wp-json\/wp\/v2\/comments?post=110257"}],"version-history":[{"count":0,"href":"https:\/\/senoticias.com.br\/se\/wp-json\/wp\/v2\/posts\/110257\/revisions"}],"wp:featuredmedia":[{"embeddable":true,"href":"https:\/\/senoticias.com.br\/se\/wp-json\/wp\/v2\/media\/110259"}],"wp:attachment":[{"href":"https:\/\/senoticias.com.br\/se\/wp-json\/wp\/v2\/media?parent=110257"}],"wp:term":[{"taxonomy":"category","embeddable":true,"href":"https:\/\/senoticias.com.br\/se\/wp-json\/wp\/v2\/categories?post=110257"},{"taxonomy":"post_tag","embeddable":true,"href":"https:\/\/senoticias.com.br\/se\/wp-json\/wp\/v2\/tags?post=110257"}],"curies":[{"name":"wp","href":"https:\/\/api.w.org\/{rel}","templated":true}]}}