{"id":110214,"date":"2018-01-24T17:58:46","date_gmt":"2018-01-24T20:58:46","guid":{"rendered":"http:\/\/senoticias.com.br\/se\/?p=110214"},"modified":"2018-01-24T20:49:22","modified_gmt":"2018-01-24T23:49:22","slug":"no-dia-do-aposentado-temer-e-ministros-pedem-apoio-para-aprovar-reforma","status":"publish","type":"post","link":"https:\/\/senoticias.com.br\/se\/no-dia-do-aposentado-temer-e-ministros-pedem-apoio-para-aprovar-reforma\/","title":{"rendered":"No Dia do Aposentado, Temer e ministros pedem apoio para aprovar reforma"},"content":{"rendered":"<p style=\"text-align: justify;\">O presidente Michel Temer e os ministros Eliseu Padilha, da Casa Civil, e Carlos Marun, da Secretaria de Governo, divulgaram v\u00eddeos nas redes sociais em raz\u00e3o do Dia do Aposentado, comemorado hoje (24). Temer e seus ministros aproveitaram a ocasi\u00e3o para pedir apoio para aprova\u00e7\u00e3o da reforma da Previd\u00eancia.<\/p>\n<div id=\"attachment_109040\" style=\"width: 609px\" class=\"wp-caption aligncenter\"><a href=\"http:\/\/senoticias.com.br\/se\/wp-content\/uploads\/2017\/12\/temer-SENOTICIAS-1-e1513192512362.jpg\"><img loading=\"lazy\" decoding=\"async\" aria-describedby=\"caption-attachment-109040\" class=\"size-full wp-image-109040\" src=\"http:\/\/senoticias.com.br\/se\/wp-content\/uploads\/2017\/12\/temer-SENOTICIAS-1-e1513192512362.jpg\" alt=\"Foto: Uol\" width=\"599\" height=\"319\" \/><\/a><p id=\"caption-attachment-109040\" class=\"wp-caption-text\">Foto: Uol<\/p><\/div>\n<p style=\"text-align: justify;\">\u201cQuero inicialmente cumpriment\u00e1-los, o aposentado e a aposentada do nosso pa\u00eds. Quero tamb\u00e9m dizer que no dia 20 de fevereiro vamos votar uma readequa\u00e7\u00e3o, uma reformula\u00e7\u00e3o da Previd\u00eancia social. E sabe para qu\u00ea? Para exatamente garantir o que voc\u00ea recebe como aposentado, como aposentada\u201d, disse Temer.<\/p>\n<p style=\"text-align: justify;\">Ao defender a necessidade da reforma, Temer argumentou que \u201cse n\u00e3o fizermos hoje uma readequa\u00e7\u00e3o previdenci\u00e1ria voc\u00ea vai ter preju\u00edzo\u201d.<\/p>\n<p style=\"text-align: justify;\">O ministro Eliseu Padilha, por sua vez, afirmou que sem a reforma, o dinheiro destinado a outras \u00e1reas importantes ser\u00e1 redirecionado para o pagamento de aposentadorias.<\/p>\n<p style=\"text-align: justify;\">\u201cVoc\u00eas viram que o d\u00e9ficit da Previd\u00eancia, em 2017, foi R$ 268 bilh\u00f5es. E isto \u00e9 crescente e n\u00f3s temos que estancar. Porque, sen\u00e3o, os recursos da sa\u00fade, da educa\u00e7\u00e3o, da seguran\u00e7a, ser\u00e3o, cada vez mais, carreados para o sistema de aposentadoria\u201d, disse Padilha. Ele pediu ajuda aos aposentados para que influenciassem seus representantes pol\u00edticos favoravelmente \u00e0 reforma.<\/p>\n<p style=\"text-align: justify;\">\u201cPrecisamos pedir que voc\u00eas ajudem a ajudar voc\u00eas. Voc\u00eas ajudam dando ci\u00eancia a toda representa\u00e7\u00e3o pol\u00edtica que voc\u00eas t\u00eam, de que \u00e9 importante, n\u00e3o para o atual governo, que \u00e9 importante para o Brasil n\u00f3s fazermos uma reforma da Previd\u00eancia que garanta o pagamento daqueles que j\u00e1 est\u00e3o aposentados e dos que ainda v\u00e3o se aposentar\u201d.<\/p>\n<p style=\"text-align: justify;\">O ministro Carlos Marun seguiu a linha do discurso de Temer e Padilha. Lembrou que em alguns estados a aposentadoria n\u00e3o est\u00e1 sendo paga pontualmente e citou um exemplo a pr\u00f3pria fam\u00edlia. \u201cA minha m\u00e3e \u00e9 aposentada e ela n\u00e3o est\u00e1 recebendo sua aposentadoria em dia\u201d.<\/p>\n<p style=\"text-align: justify;\">O ministro Carlos Marun destacou o combate aos privil\u00e9gios em defesa da reforma. \u201cN\u00f3s ainda temos aqui absurdos. A maioria dos brasileiros, 64, 65%, se aposentam com um sal\u00e1rio m\u00ednimo. E n\u00f3s temos gente que se aposenta com R$ 35 mil, R$ 40 mil por m\u00eas. Isso n\u00e3o \u00e9 poss\u00edvel, o Brasil n\u00e3o pode mais pagar isso. Precisamos de uma Previd\u00eancia com menos privil\u00e9gios\u201d.<\/p>\n<p style=\"text-align: justify;\"><strong>Votos<\/strong><\/p>\n<p style=\"text-align: justify;\">Dos 308 votos necess\u00e1rios para aprova\u00e7\u00e3o da reforma da Previd\u00eancia na C\u00e2mara dos Deputados, o governo tem 275, nas contas do relator da reforma deputado Arthur Maia (PPS-BA). Ap\u00f3s reuni\u00e3o com Carlos Marun, na manh\u00e3 de hoje (24), Maia disse que o governo tem pelo menos 275 votos favor\u00e1veis \u00e0 reforma da Previd\u00eancia.<\/p>\n<p style=\"text-align: justify;\">Em conversa com jornalistas, \u00e0 tarde, Carlos Marun procurou ser otimista em rela\u00e7\u00e3o aos votos que faltam. \u201cN\u00f3s teremos esse n\u00famero seguro ainda no m\u00eas de fevereiro, colocaremos em vota\u00e7\u00e3o e seremos vitoriosos\u201d. Ele, no entanto, n\u00e3o apresentou nenhum fato que mostre que em poucas semanas o governo vai conseguir convencer os deputados indecisos.<\/p>\n<p style=\"text-align: justify;\">\u201cMudan\u00e7as [na PEC da reforma] s\u00f3 ser\u00e3o realmente avaliadas no caso de um n\u00famero significativo de parlamentares tenha o desejo de fazer algum aprimoramento no texto e se comprometendo a trazer votos para a aprova\u00e7\u00e3o da reforma. Querem sugerir o que pensam ser melhorias? Que se comprometam a aprovar a reforma\u201d, defendeu Carlos Marun. Ele frisou, no entanto, que o fim dos privil\u00e9gios e o estabelecimento da idade m\u00ednima s\u00e3o pontos com os quais o governo n\u00e3o pretende negociar.<\/p>\n<p style=\"text-align: justify;\"><em>Da Ag\u00eancia Brasil.<\/em><\/p>\n<p style=\"line-height: 14.25pt;\"><strong><span style=\"font-size: 10.0pt; font-family: 'Georgia','serif'; color: #333333;\">Acompanhe tamb\u00e9m o SE Not\u00edcias no<\/span><\/strong><span class=\"apple-converted-space\"><b><span style=\"font-size: 10.0pt; font-family: 'Georgia','serif'; color: #333333;\">\u00a0<\/span><\/b><\/span><a href=\"https:\/\/twitter.com\/Senoticias\" target=\"_blank\"><b><span style=\"font-size: 10.0pt; font-family: 'Georgia','serif';\">Twitter<\/span><\/b><\/a><strong><span style=\"font-size: 10.0pt; font-family: 'Georgia','serif'; color: #333333;\">,<\/span><\/strong><span class=\"apple-converted-space\"><b><span style=\"font-size: 10.0pt; font-family: 'Georgia','serif'; color: #333333;\">\u00a0<\/span><\/b><\/span><a href=\"https:\/\/www.facebook.com\/senoticias1\" target=\"_blank\"><b><span style=\"font-size: 10.0pt; font-family: 'Georgia','serif';\">Facebook<\/span><\/b><span class=\"apple-converted-space\"><b><span style=\"font-size: 10.0pt; font-family: 'Georgia','serif'; color: windowtext; text-decoration: none; text-underline: none;\">\u00a0<\/span><\/b><\/span><\/a><strong><span style=\"font-size: 10.0pt; font-family: 'Georgia','serif'; color: #333333;\">e no<\/span><\/strong><span class=\"apple-converted-space\"><b><span style=\"font-size: 10.0pt; font-family: 'Georgia','serif'; color: #333333;\">\u00a0<\/span><\/b><\/span><a href=\"https:\/\/www.instagram.com\/senoticias\/\" target=\"_blank\"><b><span style=\"font-size: 10.0pt; font-family: 'Georgia','serif';\">Instagram<\/span><\/b><\/a><strong><span style=\"font-size: 10.0pt; font-family: 'Georgia','serif'; color: #333333;\">.<\/span><\/strong><\/p>\n<p style=\"line-height: 14.25pt;\"><a href=\"http:\/\/senoticias.com.br\/se\/wp-content\/uploads\/2018\/01\/Logomarca-fone-SE-4-1.jpg\"><img loading=\"lazy\" decoding=\"async\" class=\"aligncenter size-full wp-image-109978\" src=\"http:\/\/senoticias.com.br\/se\/wp-content\/uploads\/2018\/01\/Logomarca-fone-SE-4-1.jpg\" alt=\"Logomarca-fone-SE-4\" width=\"599\" height=\"78\" srcset=\"https:\/\/senoticias.com.br\/se\/wp-content\/uploads\/2018\/01\/Logomarca-fone-SE-4-1.jpg 599w, https:\/\/senoticias.com.br\/se\/wp-content\/uploads\/2018\/01\/Logomarca-fone-SE-4-1-300x39.jpg 300w\" sizes=\"(max-width: 599px) 100vw, 599px\" \/><\/a><\/p>\n","protected":false},"excerpt":{"rendered":"<p>O presidente Michel Temer e os ministros Eliseu Padilha, da Casa Civil, e Carlos Marun, da Secretaria de Governo, divulgaram v\u00eddeos nas redes sociais em raz\u00e3o do Dia do Aposentado, comemorado hoje (24). Temer e seus ministros aproveitaram a ocasi\u00e3o para pedir apoio para aprova\u00e7\u00e3o da reforma da Previd\u00eancia. \u201cQuero inicialmente cumpriment\u00e1-los, o aposentado e [&hellip;]<\/p>\n","protected":false},"author":2,"featured_media":109040,"comment_status":"closed","ping_status":"closed","sticky":false,"template":"","format":"standard","meta":{"footnotes":""},"categories":[2961],"tags":[8352,8353],"class_list":{"0":"post-110214","1":"post","2":"type-post","3":"status-publish","4":"format-standard","5":"has-post-thumbnail","7":"category-nacional","8":"tag-no-dia-do-aposentado","9":"tag-temer-e-ministros-pedem-apoio-para-aprovar-reforma"},"_links":{"self":[{"href":"https:\/\/senoticias.com.br\/se\/wp-json\/wp\/v2\/posts\/110214"}],"collection":[{"href":"https:\/\/senoticias.com.br\/se\/wp-json\/wp\/v2\/posts"}],"about":[{"href":"https:\/\/senoticias.com.br\/se\/wp-json\/wp\/v2\/types\/post"}],"author":[{"embeddable":true,"href":"https:\/\/senoticias.com.br\/se\/wp-json\/wp\/v2\/users\/2"}],"replies":[{"embeddable":true,"href":"https:\/\/senoticias.com.br\/se\/wp-json\/wp\/v2\/comments?post=110214"}],"version-history":[{"count":0,"href":"https:\/\/senoticias.com.br\/se\/wp-json\/wp\/v2\/posts\/110214\/revisions"}],"wp:featuredmedia":[{"embeddable":true,"href":"https:\/\/senoticias.com.br\/se\/wp-json\/wp\/v2\/media\/109040"}],"wp:attachment":[{"href":"https:\/\/senoticias.com.br\/se\/wp-json\/wp\/v2\/media?parent=110214"}],"wp:term":[{"taxonomy":"category","embeddable":true,"href":"https:\/\/senoticias.com.br\/se\/wp-json\/wp\/v2\/categories?post=110214"},{"taxonomy":"post_tag","embeddable":true,"href":"https:\/\/senoticias.com.br\/se\/wp-json\/wp\/v2\/tags?post=110214"}],"curies":[{"name":"wp","href":"https:\/\/api.w.org\/{rel}","templated":true}]}}