{"id":110199,"date":"2018-01-24T14:34:07","date_gmt":"2018-01-24T17:34:07","guid":{"rendered":"http:\/\/senoticias.com.br\/se\/?p=110199"},"modified":"2018-02-26T22:41:55","modified_gmt":"2018-02-27T01:41:55","slug":"confira-a-agenda-de-bloquinhos-do-municipio-de-nossa-senhora-do-socorro","status":"publish","type":"post","link":"https:\/\/senoticias.com.br\/se\/confira-a-agenda-de-bloquinhos-do-municipio-de-nossa-senhora-do-socorro\/","title":{"rendered":"AGENDA: bloquinhos de rua em Nossa Senhora do Socorro"},"content":{"rendered":"<p><span style=\"color: #000000;\">O carnaval est\u00e1 chegando e com ele os bloquinhos de rua. O Portal SE Not\u00edcias elaborou uma agenda de bloquinhos da capital Aracaju e agora uma agenda especial para o munic\u00edpio de Nossa Senhora do Socorro. Confira:<\/span><\/p>\n<p><span style=\"color: #000000;\"><a style=\"color: #000000;\" href=\"http:\/\/senoticias.com.br\/se\/wp-content\/uploads\/2018\/01\/carnaval-socorro-SENOTICIAS-e1516814616887.jpeg\"><img loading=\"lazy\" decoding=\"async\" class=\"aligncenter size-full wp-image-110200\" src=\"http:\/\/senoticias.com.br\/se\/wp-content\/uploads\/2018\/01\/carnaval-socorro-SENOTICIAS-e1516814616887.jpeg\" alt=\"carnaval socorro SENOTICIAS\" width=\"599\" height=\"405\" \/><\/a><\/span><\/p>\n<p><span style=\"color: #000000;\"><strong>4 de fevereiro &#8211; de 9h \u00e0s 15h<\/strong><\/span><\/p>\n<p><span style=\"color: #000000;\"><strong>Bloco Embaixadores da Folia<\/strong><\/span><\/p>\n<p><span style=\"color: #000000;\">Local: Pra\u00e7a Hilton Lopes, Conjunto Jo\u00e3o Alves Filho<\/span><\/p>\n<p><span style=\"color: #000000;\"><strong>Bloco Quebradinho do Siri<\/strong><\/span><\/p>\n<p><span style=\"color: #000000;\">Local: Restaurante popular Frei Miguel, no Conj. Jo\u00e3o Alves Filho<\/span><\/p>\n<p><span style=\"color: #000000;\"><strong>Bloco Marcos Frevo Folia<\/strong><\/span><\/p>\n<p><span style=\"color: #000000;\">Local: Avenida Perimetral A, no Conj. Jo\u00e3o Alves Filho<\/span><\/p>\n<p><span style=\"color: #000000;\"><strong>Bloco da APAE<\/strong><\/span><\/p>\n<p><span style=\"color: #000000;\">Local: Av. Perimetral D, no final de linha do Marcos Freire II<\/span><\/p>\n<p><span style=\"color: #000000;\"><strong>13h \u00e0s 18h &#8211;<\/strong><\/span><\/p>\n<p><span style=\"color: #000000;\"><strong>Bloco Curiar<\/strong><\/span><\/p>\n<p><span style=\"color: #000000;\">Local: Avenida L, no Conl. Jo\u00e3o Alves Filho<\/span><\/p>\n<p><span style=\"color: #000000;\">10h \u00e0s 17h &#8211;<\/span><\/p>\n<p><span style=\"color: #000000;\"><strong>Bloco Sobrado Fest<\/strong><\/span><\/p>\n<p><span style=\"color: #000000;\">Local: Pra\u00e7a do Povoado Sobrado<\/span><\/p>\n<p><span style=\"color: #000000;\"><strong>10 de fevereiro &#8211; 10h \u00e0s 18h<\/strong><\/span><\/p>\n<p><span style=\"color: #000000;\"><strong>Bloco Ojuara<\/strong><\/span><\/p>\n<p><span style=\"color: #000000;\">Local: Pra\u00e7a do Conj. Albano Franco<\/span><\/p>\n<p><span style=\"color: #000000;\">11 de fevereiro<\/span><\/p>\n<p><span style=\"color: #000000;\"><strong>Bloco da Moita &#8211; 13h \u00e0s 18h<\/strong><\/span><\/p>\n<p><span style=\"color: #000000;\">Local: Av. 9, no Conjunto Marcos Freire I<\/span><\/p>\n<p><span style=\"color: #000000;\"><strong>Bloco das Virgens<\/strong><\/span><\/p>\n<p><span style=\"color: #000000;\">Local: Rua A 44, no Conjunto Marcos Freire III<\/span><\/p>\n<p><span style=\"color: #000000;\"><strong>Bloco Aratu &#8211; 13h \u00e0s 16h<\/strong><\/span><\/p>\n<p><span style=\"color: #000000;\">Local: Pra\u00e7a Get\u00falio Vargas, na sede de Socorro<\/span><\/p>\n<p><span style=\"color: #000000;\"><strong>Bloco Rosa M\u00edstica<\/strong><\/span><\/p>\n<p><span style=\"color: #000000;\">Local: Rua 169, N-90, no Conjunto Marcos Freire III, 1\u00aa etapa<\/span><\/p>\n<p><span style=\"color: #000000;\"><strong>13 de fevereiro &#8211; 16h \u00e0s 21h<\/strong><\/span><\/p>\n<p><span style=\"color: #000000;\"><strong>Bloco Aratu<\/strong><\/span><\/p>\n<p><span style=\"color: #000000;\">Local: Pra\u00e7a do Povoado Porto Grande, na sede do munic\u00edpio.<\/span><\/p>\n<p>&nbsp;<\/p>\n<p><span style=\"text-decoration: underline;\"><a href=\"http:\/\/senoticias.com.br\/se\/acompanhe-a-agenda-de-bloquinhos-de-rua-de-aracaju\/\">Veja a agenda de blocos de rua de Aracaju<\/a><\/span><\/p>\n<p>&nbsp;<\/p>\n<p><a href=\"http:\/\/senoticias.com.br\/se\/wp-content\/uploads\/2018\/01\/Logomarca-fone-SE-4-1.jpg\"><img loading=\"lazy\" decoding=\"async\" class=\"aligncenter size-full wp-image-109978\" src=\"http:\/\/senoticias.com.br\/se\/wp-content\/uploads\/2018\/01\/Logomarca-fone-SE-4-1.jpg\" alt=\"Logomarca-fone-SE-4\" width=\"599\" height=\"78\" srcset=\"https:\/\/senoticias.com.br\/se\/wp-content\/uploads\/2018\/01\/Logomarca-fone-SE-4-1.jpg 599w, https:\/\/senoticias.com.br\/se\/wp-content\/uploads\/2018\/01\/Logomarca-fone-SE-4-1-300x39.jpg 300w\" sizes=\"(max-width: 599px) 100vw, 599px\" \/><\/a><\/p>\n<p>Da Reda\u00e7\u00e3o de SE Not\u00edcias<\/p>\n","protected":false},"excerpt":{"rendered":"<p>O carnaval est\u00e1 chegando e com ele os bloquinhos de rua. O Portal SE Not\u00edcias elaborou uma agenda de bloquinhos da capital Aracaju e agora uma agenda especial para o munic\u00edpio de Nossa Senhora do Socorro. Confira: 4 de fevereiro &#8211; de 9h \u00e0s 15h Bloco Embaixadores da Folia Local: Pra\u00e7a Hilton Lopes, Conjunto Jo\u00e3o [&hellip;]<\/p>\n","protected":false},"author":6554,"featured_media":0,"comment_status":"closed","ping_status":"closed","sticky":false,"template":"","format":"standard","meta":{"footnotes":""},"categories":[21],"tags":[5266,8059,58,8345,2884,2746],"class_list":{"0":"post-110199","1":"post","2":"type-post","3":"status-publish","4":"format-standard","6":"category-entretenimento","7":"tag-agenda","8":"tag-bloquinhos","9":"tag-carnaval","10":"tag-carnaval-de-rua","11":"tag-prefeitura","12":"tag-socorro"},"_links":{"self":[{"href":"https:\/\/senoticias.com.br\/se\/wp-json\/wp\/v2\/posts\/110199"}],"collection":[{"href":"https:\/\/senoticias.com.br\/se\/wp-json\/wp\/v2\/posts"}],"about":[{"href":"https:\/\/senoticias.com.br\/se\/wp-json\/wp\/v2\/types\/post"}],"author":[{"embeddable":true,"href":"https:\/\/senoticias.com.br\/se\/wp-json\/wp\/v2\/users\/6554"}],"replies":[{"embeddable":true,"href":"https:\/\/senoticias.com.br\/se\/wp-json\/wp\/v2\/comments?post=110199"}],"version-history":[{"count":0,"href":"https:\/\/senoticias.com.br\/se\/wp-json\/wp\/v2\/posts\/110199\/revisions"}],"wp:attachment":[{"href":"https:\/\/senoticias.com.br\/se\/wp-json\/wp\/v2\/media?parent=110199"}],"wp:term":[{"taxonomy":"category","embeddable":true,"href":"https:\/\/senoticias.com.br\/se\/wp-json\/wp\/v2\/categories?post=110199"},{"taxonomy":"post_tag","embeddable":true,"href":"https:\/\/senoticias.com.br\/se\/wp-json\/wp\/v2\/tags?post=110199"}],"curies":[{"name":"wp","href":"https:\/\/api.w.org\/{rel}","templated":true}]}}