{"id":110165,"date":"2018-01-23T19:07:40","date_gmt":"2018-01-23T22:07:40","guid":{"rendered":"http:\/\/senoticias.com.br\/se\/?p=110165"},"modified":"2018-01-24T22:12:45","modified_gmt":"2018-01-25T01:12:45","slug":"governo-dara-apoio-a-festa-do-senhor-dos-passos-em-sao-cristovao","status":"publish","type":"post","link":"https:\/\/senoticias.com.br\/se\/governo-dara-apoio-a-festa-do-senhor-dos-passos-em-sao-cristovao\/","title":{"rendered":"Governo dar\u00e1 apoio \u00e0 Festa de Nosso Senhor dos Passos em S\u00e3o Crist\u00f3v\u00e3o"},"content":{"rendered":"<p style=\"text-align: justify;\">O governador Jackson Barreto recebeu, nesta\u00a0ter\u00e7a-feira (23), o prefeito de S\u00e3o Crist\u00f3v\u00e3o, Marcos Santana, e o deputado Estadual Francisco Gualberto. Na ocasi\u00e3o, o prefeito Marcos Santana pediu\u00a0apoio\u00a0para a realiza\u00e7\u00e3o da tradicional Romaria de Senhor dos Passos, uma festa tradicional que acontece h\u00e1 mais de 200 anos e \u00e9 considerada Patrim\u00f4nio Imaterial de Sergipe. A festa atrai cerca de 40 mil visitantes para S\u00e3o Crist\u00f3v\u00e3o.\u00a0O governador sinalizou positivamente ao apoio para a celebra\u00e7\u00e3o, que acontece\u00a0nos dias 24 e 25 de fevereiro, e ter\u00e1 apoio do governo do Estado por meio\u00a0do Banese, al\u00e9m do apoio da Pol\u00edcia Militar de Sergipe.<\/p>\n<div id=\"attachment_110168\" style=\"width: 609px\" class=\"wp-caption aligncenter\"><a href=\"http:\/\/senoticias.com.br\/se\/wp-content\/uploads\/2018\/01\/a9b57ff4ca1ec250e895088f5794e392.jpeg\"><img loading=\"lazy\" decoding=\"async\" aria-describedby=\"caption-attachment-110168\" class=\"size-full wp-image-110168\" src=\"http:\/\/senoticias.com.br\/se\/wp-content\/uploads\/2018\/01\/a9b57ff4ca1ec250e895088f5794e392-e1516745029263.jpeg\" alt=\"Jackson Barreto recebeu, nesta ter\u00e7a-feira (23), o prefeito de S\u00e3o Crist\u00f3v\u00e3o, Marcos Santana, e o deputado Estadual Francisco Gualberto\" width=\"599\" height=\"399\" \/><\/a><p id=\"caption-attachment-110168\" class=\"wp-caption-text\">Governador\u00a0recebeu, nesta ter\u00e7a-feira (23), o prefeito de S\u00e3o Crist\u00f3v\u00e3o, Marcos Santana, e o deputado Estadual Francisco Gualberto (foto: Jorge Henrique\/ASN)<\/p><\/div>\n<p style=\"text-align: justify;\">Satisfeito, o prefeito de S\u00e3o Crist\u00f3v\u00e3o\u00a0destacou a import\u00e2ncia da festa para a cultura do munic\u00edpio e de Sergipe. \u201cO governador que se mostrou bastante sol\u00edcito para que\u00a0a gente possa realizar essa festa, que \u00e9 uma tradi\u00e7\u00e3o secular e patrim\u00f4nio imaterial da cultura sergipana. \u00c9 uma das festas do calend\u00e1rio oficial do Estado. A Romaria do Senhor dos Passos \u00e9 uma festa puramente religiosa e \u00fanica em Sergipe. Ser\u00e3o duas prociss\u00f5es que acontecem no s\u00e1bado e no domingo. A nossa expectativa \u00e9 que\u00a0 S\u00e3o Crist\u00f3v\u00e3o receba em torno de 40 mil pessoas entre visitantes e romeiros\u201d, informou.<\/p>\n<p>Considerada a segunda maior peregrina\u00e7\u00e3o do estado e a terceira maior peregrina\u00e7\u00e3o do Nordeste, a\u00a0Festa do Senhor dos Passos \u00e9 a mais\u00a0tradicional manifesta\u00e7\u00e3o religiosa da quarta cidade mais antiga do Brasil e primeira capital sergipana:\u00a0S\u00e3o Crist\u00f3v\u00e3o.<\/p>\n<p><a href=\"http:\/\/senoticias.com.br\/se\/wp-content\/uploads\/2018\/01\/Logomarca-fone-SE-4-1.jpg\"><img loading=\"lazy\" decoding=\"async\" class=\"aligncenter size-full wp-image-109978\" src=\"http:\/\/senoticias.com.br\/se\/wp-content\/uploads\/2018\/01\/Logomarca-fone-SE-4-1.jpg\" alt=\"Logomarca-fone-SE-4\" width=\"599\" height=\"78\" srcset=\"https:\/\/senoticias.com.br\/se\/wp-content\/uploads\/2018\/01\/Logomarca-fone-SE-4-1.jpg 599w, https:\/\/senoticias.com.br\/se\/wp-content\/uploads\/2018\/01\/Logomarca-fone-SE-4-1-300x39.jpg 300w\" sizes=\"(max-width: 599px) 100vw, 599px\" \/><\/a><\/p>\n<p><em><strong>Acompanhe tamb\u00e9m o SE Not\u00edcias no\u00a0<a href=\"https:\/\/twitter.com\/Senoticias\" target=\"_blank\">Twitter<\/a>,\u00a0<a href=\"https:\/\/www.facebook.com\/senoticias1\" target=\"_blank\">Facebook<\/a>\u00a0e no\u00a0<a href=\"https:\/\/www.instagram.com\/senoticias\/\" target=\"_blank\">Instagram<\/a>\u00a0<\/strong><\/em><\/p>\n<p><em>Da ag\u00eancia Sergipe de Not\u00edcias<\/em><\/p>\n","protected":false},"excerpt":{"rendered":"<p>O governador Jackson Barreto recebeu, nesta\u00a0ter\u00e7a-feira (23), o prefeito de S\u00e3o Crist\u00f3v\u00e3o, Marcos Santana, e o deputado Estadual Francisco Gualberto. Na ocasi\u00e3o, o prefeito Marcos Santana pediu\u00a0apoio\u00a0para a realiza\u00e7\u00e3o da tradicional Romaria de Senhor dos Passos, uma festa tradicional que acontece h\u00e1 mais de 200 anos e \u00e9 considerada Patrim\u00f4nio Imaterial de Sergipe. A festa [&hellip;]<\/p>\n","protected":false},"author":2,"featured_media":110168,"comment_status":"closed","ping_status":"closed","sticky":false,"template":"","format":"standard","meta":{"footnotes":""},"categories":[15,38,46],"tags":[4244,2207,1498,675,8322,335,8323],"class_list":{"0":"post-110165","1":"post","2":"type-post","3":"status-publish","4":"format-standard","5":"has-post-thumbnail","7":"category-destaques","8":"category-municipios","9":"category-religiao","10":"tag-francisco-gualberto","11":"tag-garante-o-governador-jackson-barreto","12":"tag-marcos-santana","13":"tag-prefeito-de-sao-cristovao","14":"tag-romaria-do-senhor-dos-passos","15":"tag-sao-cristovao","16":"tag-senhor-dos-passos"},"_links":{"self":[{"href":"https:\/\/senoticias.com.br\/se\/wp-json\/wp\/v2\/posts\/110165"}],"collection":[{"href":"https:\/\/senoticias.com.br\/se\/wp-json\/wp\/v2\/posts"}],"about":[{"href":"https:\/\/senoticias.com.br\/se\/wp-json\/wp\/v2\/types\/post"}],"author":[{"embeddable":true,"href":"https:\/\/senoticias.com.br\/se\/wp-json\/wp\/v2\/users\/2"}],"replies":[{"embeddable":true,"href":"https:\/\/senoticias.com.br\/se\/wp-json\/wp\/v2\/comments?post=110165"}],"version-history":[{"count":0,"href":"https:\/\/senoticias.com.br\/se\/wp-json\/wp\/v2\/posts\/110165\/revisions"}],"wp:featuredmedia":[{"embeddable":true,"href":"https:\/\/senoticias.com.br\/se\/wp-json\/wp\/v2\/media\/110168"}],"wp:attachment":[{"href":"https:\/\/senoticias.com.br\/se\/wp-json\/wp\/v2\/media?parent=110165"}],"wp:term":[{"taxonomy":"category","embeddable":true,"href":"https:\/\/senoticias.com.br\/se\/wp-json\/wp\/v2\/categories?post=110165"},{"taxonomy":"post_tag","embeddable":true,"href":"https:\/\/senoticias.com.br\/se\/wp-json\/wp\/v2\/tags?post=110165"}],"curies":[{"name":"wp","href":"https:\/\/api.w.org\/{rel}","templated":true}]}}