{"id":110152,"date":"2018-01-23T15:59:39","date_gmt":"2018-01-23T18:59:39","guid":{"rendered":"http:\/\/senoticias.com.br\/se\/?p=110152"},"modified":"2018-01-23T15:59:39","modified_gmt":"2018-01-23T18:59:39","slug":"ifs-oferta-225-vagas-em-11-cursos-com-nota-do-enem","status":"publish","type":"post","link":"https:\/\/senoticias.com.br\/se\/ifs-oferta-225-vagas-em-11-cursos-com-nota-do-enem\/","title":{"rendered":"IFS oferta 225 vagas em 11 cursos com nota do Enem"},"content":{"rendered":"<p style=\"text-align: justify;\"><span style=\"color: #000000;\">At\u00e9 sexta-feira (26), o Instituto Federal de Sergipe (IFS) os candidatos que fizeram o Exame Nacional do Ensino M\u00e9dio (Enem) podem se inscrever em uma das 225 vagas em 11 dos seus cursos de n\u00edvel superior atrav\u00e9s do Sistema de Sele\u00e7\u00e3o Unificada (SiSU).<\/span><\/p>\n<p style=\"text-align: justify;\"><span style=\"color: #000000;\">O resultado da chamada regular ser\u00e1 divulgado no site do SiSU na segunda-feira (29). De ter\u00e7a-feira (30) at\u00e9 o dia 2 de fevereiro. \u00c9 recomend\u00e1vel que os estudantes interessados nas vagas disponibilizadas pelo IFS verifiquem as informa\u00e7\u00f5es constantes do Termo de Ades\u00e3o da institui\u00e7\u00e3o ao SiSU, o qual tamb\u00e9m est\u00e1 dispon\u00edvel no site. Os alunos selecionados iniciar\u00e3o seus estudos no primeiro semestre letivo de 2018.<\/span><\/p>\n<p style=\"text-align: justify;\"><span style=\"color: #000000;\"><strong>Cursos<\/strong><\/span><\/p>\n<p style=\"text-align: justify;\"><span style=\"color: #000000;\">Os cursos de gradua\u00e7\u00e3o ofertadas pelo IFS s\u00e3o: Engenharia Civil, Gest\u00e3o de Turismo, Matem\u00e1tica, Qu\u00edmica e Saneamento Ambiental, no Campus Aracaju; Engenharia Civil, no Campus Est\u00e2ncia; F\u00edsica, Sistemas de Informa\u00e7\u00e3o e Engenharia El\u00e9trica, no Campus Lagarto; e Agroecologia e Alimentos, no Campus S\u00e3o Crist\u00f3v\u00e3o.<\/span><\/p>\n<p style=\"text-align: justify;\">\n<p style=\"text-align: justify;\">\n<p style=\"text-align: justify;\"><a href=\"http:\/\/senoticias.com.br\/se\/wp-content\/uploads\/2018\/01\/Logomarca-fone-SE-4-1.jpg\"><img loading=\"lazy\" decoding=\"async\" class=\"aligncenter size-full wp-image-109978\" src=\"http:\/\/senoticias.com.br\/se\/wp-content\/uploads\/2018\/01\/Logomarca-fone-SE-4-1.jpg\" alt=\"Logomarca-fone-SE-4\" width=\"599\" height=\"78\" srcset=\"https:\/\/senoticias.com.br\/se\/wp-content\/uploads\/2018\/01\/Logomarca-fone-SE-4-1.jpg 599w, https:\/\/senoticias.com.br\/se\/wp-content\/uploads\/2018\/01\/Logomarca-fone-SE-4-1-300x39.jpg 300w\" sizes=\"(max-width: 599px) 100vw, 599px\" \/><\/a><\/p>\n<p style=\"text-align: justify;\"><span style=\"color: #000000;\"><em><strong>Acompanhe tamb\u00e9m o SE Not\u00edcias no\u00a0<a style=\"color: #000000;\" href=\"https:\/\/twitter.com\/Senoticias\" target=\"_blank\">Twitter<\/a>,\u00a0<a style=\"color: #000000;\" href=\"https:\/\/www.facebook.com\/senoticias1\" target=\"_blank\">Facebook<\/a>\u00a0e no\u00a0<a style=\"color: #000000;\" href=\"https:\/\/www.instagram.com\/senoticias\/\" target=\"_blank\">Instagram<\/a>\u00a0<\/strong><\/em><\/span><\/p>\n<p style=\"text-align: justify;\"><span style=\"color: #000000;\">Por Instituto Federal de Sergipe\u00a0<\/span><\/p>\n","protected":false},"excerpt":{"rendered":"<p>At\u00e9 sexta-feira (26), o Instituto Federal de Sergipe (IFS) os candidatos que fizeram o Exame Nacional do Ensino M\u00e9dio (Enem) podem se inscrever em uma das 225 vagas em 11 dos seus cursos de n\u00edvel superior atrav\u00e9s do Sistema de Sele\u00e7\u00e3o Unificada (SiSU). O resultado da chamada regular ser\u00e1 divulgado no site do SiSU na [&hellip;]<\/p>\n","protected":false},"author":2,"featured_media":109833,"comment_status":"closed","ping_status":"closed","sticky":false,"template":"","format":"standard","meta":{"footnotes":""},"categories":[8],"tags":[339,3022,764,139,972,1965,806,335,223],"class_list":{"0":"post-110152","1":"post","2":"type-post","3":"status-publish","4":"format-standard","5":"has-post-thumbnail","7":"category-esporte-e-cultura","8":"tag-aracaju","9":"tag-cursos","10":"tag-enem","11":"tag-ensino-medio","12":"tag-estancia","13":"tag-ifs","14":"tag-lagarto","15":"tag-sao-cristovao","16":"tag-sergipe"},"_links":{"self":[{"href":"https:\/\/senoticias.com.br\/se\/wp-json\/wp\/v2\/posts\/110152"}],"collection":[{"href":"https:\/\/senoticias.com.br\/se\/wp-json\/wp\/v2\/posts"}],"about":[{"href":"https:\/\/senoticias.com.br\/se\/wp-json\/wp\/v2\/types\/post"}],"author":[{"embeddable":true,"href":"https:\/\/senoticias.com.br\/se\/wp-json\/wp\/v2\/users\/2"}],"replies":[{"embeddable":true,"href":"https:\/\/senoticias.com.br\/se\/wp-json\/wp\/v2\/comments?post=110152"}],"version-history":[{"count":0,"href":"https:\/\/senoticias.com.br\/se\/wp-json\/wp\/v2\/posts\/110152\/revisions"}],"wp:featuredmedia":[{"embeddable":true,"href":"https:\/\/senoticias.com.br\/se\/wp-json\/wp\/v2\/media\/109833"}],"wp:attachment":[{"href":"https:\/\/senoticias.com.br\/se\/wp-json\/wp\/v2\/media?parent=110152"}],"wp:term":[{"taxonomy":"category","embeddable":true,"href":"https:\/\/senoticias.com.br\/se\/wp-json\/wp\/v2\/categories?post=110152"},{"taxonomy":"post_tag","embeddable":true,"href":"https:\/\/senoticias.com.br\/se\/wp-json\/wp\/v2\/tags?post=110152"}],"curies":[{"name":"wp","href":"https:\/\/api.w.org\/{rel}","templated":true}]}}