{"id":110144,"date":"2018-01-23T14:41:21","date_gmt":"2018-01-23T17:41:21","guid":{"rendered":"http:\/\/senoticias.com.br\/se\/?p=110144"},"modified":"2018-01-23T16:03:40","modified_gmt":"2018-01-23T19:03:40","slug":"helicoptero-que-prestava-servico-para-a-globo-cai-proximo-a-praia-no-recife","status":"publish","type":"post","link":"https:\/\/senoticias.com.br\/se\/helicoptero-que-prestava-servico-para-a-globo-cai-proximo-a-praia-no-recife\/","title":{"rendered":"Helic\u00f3ptero que prestava servi\u00e7o para a Globo cai pr\u00f3ximo a praia em Recife"},"content":{"rendered":"<p style=\"text-align: justify;\"><span style=\"color: #000000;\">Um helic\u00f3ptero que fazia imagens para o programa Bom Dia, PE, da Rede Globo em Recife, caiu na manh\u00e3 desta ter\u00e7a-feira (23) pr\u00f3ximo \u00e0 Praia do Pina, zona sul da capital pernambucana. De acordo com o Corpo de Bombeiros, o plano de voo da aeronave informa que havia tr\u00eas pessoas no helic\u00f3ptero. Duas delas morreram e uma encontra em \u201cestado grav\u00edssimo\u201d no hospital da Restaura\u00e7\u00e3o.<\/span><\/p>\n<div id=\"attachment_110145\" style=\"width: 470px\" class=\"wp-caption aligncenter\"><a href=\"http:\/\/senoticias.com.br\/se\/wp-content\/uploads\/2018\/01\/helicoptero-em-recife-SENOTICIAS.jpg\"><img loading=\"lazy\" decoding=\"async\" aria-describedby=\"caption-attachment-110145\" class=\"size-full wp-image-110145\" src=\"http:\/\/senoticias.com.br\/se\/wp-content\/uploads\/2018\/01\/helicoptero-em-recife-SENOTICIAS.jpg\" alt=\"Imagem: Terra\" width=\"460\" height=\"307\" srcset=\"https:\/\/senoticias.com.br\/se\/wp-content\/uploads\/2018\/01\/helicoptero-em-recife-SENOTICIAS.jpg 460w, https:\/\/senoticias.com.br\/se\/wp-content\/uploads\/2018\/01\/helicoptero-em-recife-SENOTICIAS-300x200.jpg 300w, https:\/\/senoticias.com.br\/se\/wp-content\/uploads\/2018\/01\/helicoptero-em-recife-SENOTICIAS-90x60.jpg 90w, https:\/\/senoticias.com.br\/se\/wp-content\/uploads\/2018\/01\/helicoptero-em-recife-SENOTICIAS-180x120.jpg 180w, https:\/\/senoticias.com.br\/se\/wp-content\/uploads\/2018\/01\/helicoptero-em-recife-SENOTICIAS-95x64.jpg 95w\" sizes=\"(max-width: 460px) 100vw, 460px\" \/><\/a><p id=\"caption-attachment-110145\" class=\"wp-caption-text\">Imagem: Terra<\/p><\/div>\n<p style=\"text-align: justify;\"><span style=\"color: #000000;\">O acidente ocorreu \u00e0s 6h04, segundo a assessoria do Corpo de Bombeiros. As primeiras unidades de salvamento chegaram ao local do acidente, pr\u00f3ximo \u00e0 entrada do bairro de Bras\u00edlia Teimosa, por volta das 6h10. O comandante da aeronave, Daniel Galv\u00e3o, morreu no local.<\/span><\/p>\n<p style=\"text-align: justify;\"><span style=\"color: #000000;\">Os dois passageiros foram socorridos pelo Servi\u00e7o de Atendimento M\u00f3vel de Urg\u00eancia (Samu). Um deles, no entanto, faleceu durante os primeiros socorros. O outro est\u00e1 hospitalizado em estado grav\u00edssimo. Ainda n\u00e3o foram informados os nomes dos dois passageiros. Neste momento, o local do acidente conta com a presen\u00e7a de peritos, bombeiros, m\u00e9dicos-legistas, al\u00e9m de autoridades aeron\u00e1uticas.<\/span><\/p>\n<p style=\"text-align: justify;\">\n<p style=\"text-align: justify;\">\n<p style=\"text-align: justify;\"><a href=\"http:\/\/senoticias.com.br\/se\/wp-content\/uploads\/2018\/01\/Logomarca-fone-SE-4-1.jpg\"><img loading=\"lazy\" decoding=\"async\" class=\"aligncenter size-full wp-image-109978\" src=\"http:\/\/senoticias.com.br\/se\/wp-content\/uploads\/2018\/01\/Logomarca-fone-SE-4-1.jpg\" alt=\"Logomarca-fone-SE-4\" width=\"599\" height=\"78\" srcset=\"https:\/\/senoticias.com.br\/se\/wp-content\/uploads\/2018\/01\/Logomarca-fone-SE-4-1.jpg 599w, https:\/\/senoticias.com.br\/se\/wp-content\/uploads\/2018\/01\/Logomarca-fone-SE-4-1-300x39.jpg 300w\" sizes=\"(max-width: 599px) 100vw, 599px\" \/><\/a><\/p>\n<p style=\"text-align: justify;\">\n<p style=\"text-align: justify;\"><em><strong>Acompanhe tamb\u00e9m o SE Not\u00edcias no\u00a0<a href=\"https:\/\/twitter.com\/Senoticias\" target=\"_blank\">Twitter<\/a>,\u00a0<a href=\"https:\/\/www.facebook.com\/senoticias1\" target=\"_blank\">Facebook<\/a>\u00a0e no\u00a0<a href=\"https:\/\/www.instagram.com\/senoticias\/\" target=\"_blank\">Instagram<\/a>\u00a0<\/strong><\/em><\/p>\n<p style=\"text-align: justify;\">Da Ag\u00eancia Brasil<\/p>\n","protected":false},"excerpt":{"rendered":"<p>Um helic\u00f3ptero que fazia imagens para o programa Bom Dia, PE, da Rede Globo em Recife, caiu na manh\u00e3 desta ter\u00e7a-feira (23) pr\u00f3ximo \u00e0 Praia do Pina, zona sul da capital pernambucana. De acordo com o Corpo de Bombeiros, o plano de voo da aeronave informa que havia tr\u00eas pessoas no helic\u00f3ptero. Duas delas morreram [&hellip;]<\/p>\n","protected":false},"author":2,"featured_media":0,"comment_status":"closed","ping_status":"closed","sticky":false,"template":"","format":"standard","meta":{"footnotes":""},"categories":[2961],"tags":[8313,8312,445,8314],"class_list":{"0":"post-110144","1":"post","2":"type-post","3":"status-publish","4":"format-standard","6":"category-nacional","7":"tag-globocop","8":"tag-helicoptero","9":"tag-pernambuco","10":"tag-recife"},"_links":{"self":[{"href":"https:\/\/senoticias.com.br\/se\/wp-json\/wp\/v2\/posts\/110144"}],"collection":[{"href":"https:\/\/senoticias.com.br\/se\/wp-json\/wp\/v2\/posts"}],"about":[{"href":"https:\/\/senoticias.com.br\/se\/wp-json\/wp\/v2\/types\/post"}],"author":[{"embeddable":true,"href":"https:\/\/senoticias.com.br\/se\/wp-json\/wp\/v2\/users\/2"}],"replies":[{"embeddable":true,"href":"https:\/\/senoticias.com.br\/se\/wp-json\/wp\/v2\/comments?post=110144"}],"version-history":[{"count":0,"href":"https:\/\/senoticias.com.br\/se\/wp-json\/wp\/v2\/posts\/110144\/revisions"}],"wp:attachment":[{"href":"https:\/\/senoticias.com.br\/se\/wp-json\/wp\/v2\/media?parent=110144"}],"wp:term":[{"taxonomy":"category","embeddable":true,"href":"https:\/\/senoticias.com.br\/se\/wp-json\/wp\/v2\/categories?post=110144"},{"taxonomy":"post_tag","embeddable":true,"href":"https:\/\/senoticias.com.br\/se\/wp-json\/wp\/v2\/tags?post=110144"}],"curies":[{"name":"wp","href":"https:\/\/api.w.org\/{rel}","templated":true}]}}