{"id":110141,"date":"2018-01-23T14:25:10","date_gmt":"2018-01-23T17:25:10","guid":{"rendered":"http:\/\/senoticias.com.br\/se\/?p=110141"},"modified":"2018-01-23T18:56:26","modified_gmt":"2018-01-23T21:56:26","slug":"secretaria-de-estado-da-saude-garante-que-vacinacao-contra-febre-amarela-esta-sob-controle-em-sergipe","status":"publish","type":"post","link":"https:\/\/senoticias.com.br\/se\/secretaria-de-estado-da-saude-garante-que-vacinacao-contra-febre-amarela-esta-sob-controle-em-sergipe\/","title":{"rendered":"Secretaria de Estado da Sa\u00fade garante que vacina\u00e7\u00e3o contra febre amarela est\u00e1 sob controle em Sergipe"},"content":{"rendered":"<p style=\"text-align: justify;\"><span style=\"color: #000000;\">Em coletiva de imprensa realizada nesta segunda-feira (22), a gerente do N\u00facleo de Imuniza\u00e7\u00e3o da Secretaria de Estado da Sa\u00fade (SES), S\u00e2ndala Teles, assegurou que a din\u00e2mica que diz respeito \u00e0 vacina\u00e7\u00e3o contra a febre amarela, em Sergipe, est\u00e1 sob controle. A coletiva foi realizada na Secretaria Municipal da Sa\u00fade (SMS) de Aracaju, localizada no bairro Coroa do Meio.<\/span><\/p>\n<p style=\"text-align: justify;\"><span style=\"color: #000000;\">\u201cO Estado n\u00e3o \u00e9 executor da vacina, mas recebe as doses do Minist\u00e9rio da Sa\u00fade e realiza a an\u00e1lise de distribui\u00e7\u00e3o das mesmas, identificando, para isso, o local onde h\u00e1 necessidade de envio. A log\u00edstica relacionada a esse abastecimento est\u00e1 sob controle, sendo o quantitativo dispon\u00edvel suficiente para atender demandas de viajantes para \u00e1reas end\u00eamicas. Cidad\u00e3os sergipanos podem ficar tranquilos quanto ao estoque, mediante compreens\u00e3o de que a vacina n\u00e3o \u00e9 necess\u00e1ria \u00e0 popula\u00e7\u00e3o em geral, mesmo porque h\u00e1 contraindica\u00e7\u00f5es a serem observadas\u201d, declarou a gerente.<\/span><\/p>\n<p style=\"text-align: justify;\"><span style=\"text-decoration: underline;\"><a href=\"http:\/\/senoticias.com.br\/se\/saiba-quem-pode-receber-a-vacina-da-febre-amarela-e-quais-sao-os-sintomas-da-doenca\/\"><strong><span style=\"color: #000000; text-decoration: underline;\">Veja as contraindica\u00e7\u00f5es da vacina\u00a0<\/span><\/strong><\/a><\/span><\/p>\n<div id=\"attachment_110142\" style=\"width: 609px\" class=\"wp-caption aligncenter\"><a href=\"http:\/\/senoticias.com.br\/se\/wp-content\/uploads\/2018\/01\/vacina-febre-amarela-SENOTICIAS-e1516728520734.jpg\"><img loading=\"lazy\" decoding=\"async\" aria-describedby=\"caption-attachment-110142\" class=\"size-full wp-image-110142\" src=\"http:\/\/senoticias.com.br\/se\/wp-content\/uploads\/2018\/01\/vacina-febre-amarela-SENOTICIAS-e1516728520734.jpg\" alt=\"Foto: Exame \" width=\"599\" height=\"399\" \/><\/a><p id=\"caption-attachment-110142\" class=\"wp-caption-text\">Foto: Exame<\/p><\/div>\n<p style=\"text-align: justify;\"><span style=\"color: #000000;\"><strong>Munic\u00edpios sergipanos<\/strong><\/span><\/p>\n<p style=\"text-align: justify;\"><span style=\"color: #000000;\">Mesmo n\u00e3o correndo risco de se tornar regi\u00e3o end\u00eamica, Sergipe possui 40 munic\u00edpios receptores da vacina, inclusive localidades que s\u00e3o sede de regi\u00e3o, sem possibilidades de fracionamento das doses. Em cidades que possuem menos de 10 mil habitantes est\u00e1 sendo processada a rela\u00e7\u00e3o da popula\u00e7\u00e3o que est\u00e1 se deslocando para as zonas de risco, e com base nesse quantitativo, a SES estar\u00e1 enviando a vacina.<\/span><\/p>\n<p style=\"text-align: justify;\"><span style=\"color: #000000;\">Diante desse cen\u00e1rio de monitoramento e abastecimento, S\u00e2ndala Teles ressalta que n\u00e3o h\u00e1 necessidade de os cidad\u00e3os sa\u00edrem do interior em dire\u00e7\u00e3o \u00e0 capital em busca da vacina contra a febre amarela. As doses, por sua vez, est\u00e3o dispon\u00edveis rotineiramente para viajantes, durante todo o ano nas UBS, portanto, se n\u00e3o h\u00e1 viagem programada para uma dada \u00e1rea end\u00eamica, n\u00e3o h\u00e1 necessidade de ir em busca da dose nesse exato momento. Deve-se obt\u00ea-la no momento em que o cidad\u00e3o for realmente viajar para a regi\u00e3o end\u00eamica.<\/span><\/p>\n<p style=\"text-align: justify;\"><span style=\"text-decoration: underline;\"><a href=\"http:\/\/senoticias.com.br\/se\/veja-as-unidades-de-saude-aracaju-onde-e-possivel-tomar-a-vacina-da-febre-amarela\/\"><strong><span style=\"color: #000000; text-decoration: underline;\">Veja os locais de vacina\u00e7\u00e3o<\/span><\/strong><\/a><\/span><\/p>\n<p style=\"text-align: justify;\"><span style=\"color: #000000;\"><strong>Carnaval<\/strong><\/span><\/p>\n<p style=\"text-align: justify;\"><span style=\"color: #000000;\">A secret\u00e1ria de Sa\u00fade de Aracaju, Waneska Barboza, declara que a responsabilidade sanit\u00e1ria com o munic\u00edpio consiste em desconsiderar qualquer necessidade de p\u00e2nico entre a popula\u00e7\u00e3o.<\/span><\/p>\n<p style=\"text-align: justify;\"><span style=\"color: #000000;\">\u201cA vacina\u00e7\u00e3o ser\u00e1 feita, naturalmente, nas UBS, de forma que estaremos intensificando o trabalho frente ao per\u00edodo carnavalesco. Senhas ser\u00e3o distribu\u00eddas em cada turno, a fim de garantir a aplica\u00e7\u00e3o nas pessoas que realmente possuam indica\u00e7\u00e3o para a vacina. \u00c9 importante que a popula\u00e7\u00e3o tenha ci\u00eancia das \u00e1reas de risco, cujos detalhamentos se encontram no site do Minist\u00e9rio da Sa\u00fade, atentando tamb\u00e9m para a necessidade real do recebimento da dose. O quantitativo dispon\u00edvel para os que viajam durante o carnaval tamb\u00e9m \u00e9 suficiente, sem possibilidade de desassist\u00eancia. Quem viaja para \u00e1reas end\u00eamicas deve apresentar comprovante de viagem ou da resid\u00eancia a que se destina\u201d, orientou.<\/span><\/p>\n<p style=\"text-align: justify;\"><a href=\"http:\/\/senoticias.com.br\/se\/wp-content\/uploads\/2018\/01\/Logomarca-fone-SE-4-1.jpg\"><img loading=\"lazy\" decoding=\"async\" class=\"aligncenter size-full wp-image-109978\" src=\"http:\/\/senoticias.com.br\/se\/wp-content\/uploads\/2018\/01\/Logomarca-fone-SE-4-1.jpg\" alt=\"Logomarca-fone-SE-4\" width=\"599\" height=\"78\" srcset=\"https:\/\/senoticias.com.br\/se\/wp-content\/uploads\/2018\/01\/Logomarca-fone-SE-4-1.jpg 599w, https:\/\/senoticias.com.br\/se\/wp-content\/uploads\/2018\/01\/Logomarca-fone-SE-4-1-300x39.jpg 300w\" sizes=\"(max-width: 599px) 100vw, 599px\" \/><\/a><\/p>\n<p style=\"text-align: justify;\"><em><strong>Acompanhe tamb\u00e9m o SE Not\u00edcias no\u00a0<a href=\"https:\/\/twitter.com\/Senoticias\" target=\"_blank\">Twitter<\/a>,\u00a0<a href=\"https:\/\/www.facebook.com\/senoticias1\" target=\"_blank\">Facebook<\/a>\u00a0e no\u00a0<a href=\"https:\/\/www.instagram.com\/senoticias\/\" target=\"_blank\">Instagram<\/a>\u00a0<\/strong><\/em><\/p>\n<p style=\"text-align: justify;\">Por ASN<\/p>\n","protected":false},"excerpt":{"rendered":"<p>Em coletiva de imprensa realizada nesta segunda-feira (22), a gerente do N\u00facleo de Imuniza\u00e7\u00e3o da Secretaria de Estado da Sa\u00fade (SES), S\u00e2ndala Teles, assegurou que a din\u00e2mica que diz respeito \u00e0 vacina\u00e7\u00e3o contra a febre amarela, em Sergipe, est\u00e1 sob controle. A coletiva foi realizada na Secretaria Municipal da Sa\u00fade (SMS) de Aracaju, localizada no [&hellip;]<\/p>\n","protected":false},"author":2,"featured_media":110142,"comment_status":"closed","ping_status":"closed","sticky":false,"template":"","format":"standard","meta":{"footnotes":""},"categories":[15],"tags":[339,8103,8311,1304,223,554],"class_list":{"0":"post-110141","1":"post","2":"type-post","3":"status-publish","4":"format-standard","5":"has-post-thumbnail","7":"category-destaques","8":"tag-aracaju","9":"tag-febre-amarela","10":"tag-locais-de-vacinacao","11":"tag-saude","12":"tag-sergipe","13":"tag-vacina"},"_links":{"self":[{"href":"https:\/\/senoticias.com.br\/se\/wp-json\/wp\/v2\/posts\/110141"}],"collection":[{"href":"https:\/\/senoticias.com.br\/se\/wp-json\/wp\/v2\/posts"}],"about":[{"href":"https:\/\/senoticias.com.br\/se\/wp-json\/wp\/v2\/types\/post"}],"author":[{"embeddable":true,"href":"https:\/\/senoticias.com.br\/se\/wp-json\/wp\/v2\/users\/2"}],"replies":[{"embeddable":true,"href":"https:\/\/senoticias.com.br\/se\/wp-json\/wp\/v2\/comments?post=110141"}],"version-history":[{"count":0,"href":"https:\/\/senoticias.com.br\/se\/wp-json\/wp\/v2\/posts\/110141\/revisions"}],"wp:featuredmedia":[{"embeddable":true,"href":"https:\/\/senoticias.com.br\/se\/wp-json\/wp\/v2\/media\/110142"}],"wp:attachment":[{"href":"https:\/\/senoticias.com.br\/se\/wp-json\/wp\/v2\/media?parent=110141"}],"wp:term":[{"taxonomy":"category","embeddable":true,"href":"https:\/\/senoticias.com.br\/se\/wp-json\/wp\/v2\/categories?post=110141"},{"taxonomy":"post_tag","embeddable":true,"href":"https:\/\/senoticias.com.br\/se\/wp-json\/wp\/v2\/tags?post=110141"}],"curies":[{"name":"wp","href":"https:\/\/api.w.org\/{rel}","templated":true}]}}