{"id":110139,"date":"2018-01-23T14:15:02","date_gmt":"2018-01-23T17:15:02","guid":{"rendered":"http:\/\/senoticias.com.br\/se\/?p=110139"},"modified":"2018-01-23T14:15:50","modified_gmt":"2018-01-23T17:15:50","slug":"prefeitura-de-aracaju-oferece-cursos-de-capacitacao-para-servidores-veja-como-se-inscrever-e-os-cursos-disponiveis","status":"publish","type":"post","link":"https:\/\/senoticias.com.br\/se\/prefeitura-de-aracaju-oferece-cursos-de-capacitacao-para-servidores-veja-como-se-inscrever-e-os-cursos-disponiveis\/","title":{"rendered":"Prefeitura de Aracaju oferece cursos de capacita\u00e7\u00e3o para servidores; veja os cursos dispon\u00edveis"},"content":{"rendered":"<p style=\"text-align: justify;\"><span style=\"color: #000000;\">Uma parceria in\u00e9dita que proporciona cursos de capacita\u00e7\u00e3o com uma das mais conceituadas institui\u00e7\u00f5es nacionais. Essa \u00e9 a s\u00edntese que define a parceria realizada pela Prefeitura de Aracaju, atrav\u00e9s da Escola de Governo, que \u00e9 vinculada \u00e0 Secretaria Municipal de Planejamento, Or\u00e7amento e Gest\u00e3o (Seplog), com a Universidade Caixa Poder P\u00fablico, instrumento para a\u00e7\u00f5es de capacita\u00e7\u00e3o mantido pela Caixa Econ\u00f4mica Federal (CEF).<\/span><\/p>\n<p style=\"text-align: justify;\"><span style=\"color: #000000;\">De maneira simples e objetiva, os servidores ativos e aposentados podem ter acesso aos cursos \u00e0 dist\u00e2ncia oferecidos pela institui\u00e7\u00e3o. \u201cO acesso \u00e9 f\u00e1cil, simples e agrad\u00e1vel, atrav\u00e9s do smartphone, tablet, notebook ou computador. Cuidar da sua capacita\u00e7\u00e3o profissional \u00e9 contribuir para a reconstru\u00e7\u00e3o de uma cidade inteligente, criativa e humana\u201d, destaca o diretor da Escola de Governo, Bosco Rolemberg, ao convidar os servidores a aproveitarem essa in\u00e9dita iniciativa de capacita\u00e7\u00e3o.<\/span><\/p>\n<p style=\"text-align: justify;\"><span style=\"color: #000000;\">\u201cBasta reunir seus colegas de equipe, escolher os cursos atrav\u00e9s do site <a href=\"http:\/\/Uma parceria in\u00e9dita que proporciona cursos de capacita\u00e7\u00e3o com uma das mais conceituadas institui\u00e7\u00f5es nacionais. Essa \u00e9 a s\u00edntese que define a parceria realizada pela Prefeitura de Aracaju, atrav\u00e9s da Escola de Governo, que \u00e9 vinculada \u00e0 Secretaria Municipal de Planejamento, Or\u00e7amento e Gest\u00e3o (Seplog), com a Universidade Caixa Poder P\u00fablico, instrumento para a\u00e7\u00f5es de capacita\u00e7\u00e3o mantido pela Caixa Econ\u00f4mica Federal (CEF). De maneira simples e objetiva, os servidores ativos e aposentados podem ter acesso aos cursos \u00e0 dist\u00e2ncia oferecidos pela institui\u00e7\u00e3o. \u201cO acesso \u00e9 f\u00e1cil, simples e agrad\u00e1vel, atrav\u00e9s do smartphone, tablet, notebook ou computador. Cuidar da sua capacita\u00e7\u00e3o profissional \u00e9 contribuir para a reconstru\u00e7\u00e3o de uma cidade inteligente, criativa e humana\u201d, destaca o diretor da Escola de Governo, Bosco Rolemberg, ao convidar os servidores a aproveitarem essa in\u00e9dita iniciativa de capacita\u00e7\u00e3o. \u201cBasta reunir seus colegas de equipe, escolher os cursos atrav\u00e9s do site universidade.caixa.gov.br\/poderpublico e solicitar a senha chave para o primeiro acesso na Escola de Governo\u201d, explica Bosco. Informa\u00e7\u00f5es mais detalhadas podem ser obtidas pelo telefone 3179-3784 ou pelo email da Escola de Governo esgap.seplog@aracaju.se.gov.br. Veja a gama de cursos oferecidos: Desenvolvimento Pessoal A Arte de Falar em P\u00fablico Apresenta\u00e7\u00e3o Pessoal e No\u00e7\u00f5es de Cerimonial Comunica\u00e7\u00e3o e Linguagem Comunica\u00e7\u00e3o e Relacionamento Interpessoal Matem\u00e1tica Financeira Negocia\u00e7\u00e3o Comunica\u00e7\u00e3o Eficaz Preven\u00e7\u00e3o \u00e0 DORT\/LER Inova\u00e7\u00e3o e Melhoria de Processos Inova\u00e7\u00e3o No\u00e7\u00f5es de Gerenciamento de Projetos Fundamentos do Gerenciamento de Projetos \u2013 I Fundamentos do Gerenciamento de Projetos \u2013 II Gest\u00e3o de Pessoas e Lideran\u00e7a Confiar e Relacionar Lideran\u00e7a Transformadora Feedback \u2013 Ferramenta em Desenvolvimento Gest\u00e3o P\u00fablica Instrumentos para Entender a Gest\u00e3o P\u00fablica Cartilha Referencial Concess\u00f5es e Parcerias P\u00fablico-Privadas Gest\u00e3o de Conv\u00eanios e Contratos Ordem Banc\u00e1ria de Transfer\u00eancias Volunt\u00e1rias \u2013 OBTV Habita\u00e7\u00e3o MCMV \u2013 Fundo de Arrendamento Residencial (FAR) Programas Sociais Cadastro \u00danico \u2013 Cadun Sistema de Benef\u00edcios ao Cidad\u00e3o \u2013 Sibec Desenvolvimento Sustent\u00e1vel Cartilha Cidades Sustent\u00e1veis Cartilha Iniciativa Cidades Emergentes e Sustent\u00e1veis\">universidade.caixa.gov.br\/poderpublico<\/a> e solicitar a senha chave para o primeiro acesso na Escola de Governo\u201d, explica Bosco. Informa\u00e7\u00f5es mais detalhadas podem ser obtidas pelo telefone 3179-3784 ou pelo email da Escola de Governo esgap.seplog@aracaju.se.gov.br.<\/span><\/p>\n<div id=\"attachment_110140\" style=\"width: 609px\" class=\"wp-caption aligncenter\"><a href=\"http:\/\/senoticias.com.br\/se\/wp-content\/uploads\/2018\/01\/ciclo_de_treinamento_3-e1516727633392.jpg\"><img loading=\"lazy\" decoding=\"async\" aria-describedby=\"caption-attachment-110140\" class=\"size-full wp-image-110140\" src=\"http:\/\/senoticias.com.br\/se\/wp-content\/uploads\/2018\/01\/ciclo_de_treinamento_3-e1516727633392.jpg\" alt=\"Foto: Seplog \" width=\"599\" height=\"337\" \/><\/a><p id=\"caption-attachment-110140\" class=\"wp-caption-text\">Foto: Seplog<\/p><\/div>\n<p><span style=\"color: #000000;\"><strong>Veja a gama de cursos oferecidos:<\/strong><\/span><\/p>\n<p><span style=\"color: #000000;\"><strong>Desenvolvimento Pessoal<\/strong><\/span><\/p>\n<p><span style=\"color: #000000;\">A Arte de Falar em P\u00fablico<\/span><br \/>\n<span style=\"color: #000000;\">Apresenta\u00e7\u00e3o Pessoal e No\u00e7\u00f5es de Cerimonial<\/span><br \/>\n<span style=\"color: #000000;\">Comunica\u00e7\u00e3o e Linguagem<\/span><br \/>\n<span style=\"color: #000000;\">Comunica\u00e7\u00e3o e Relacionamento Interpessoal<\/span><br \/>\n<span style=\"color: #000000;\">Matem\u00e1tica Financeira<\/span><br \/>\n<span style=\"color: #000000;\">Negocia\u00e7\u00e3o<\/span><br \/>\n<span style=\"color: #000000;\">Comunica\u00e7\u00e3o Eficaz<\/span><br \/>\n<span style=\"color: #000000;\">Preven\u00e7\u00e3o \u00e0 DORT\/LER<\/span><br \/>\n<span style=\"color: #000000;\"><strong>Inova\u00e7\u00e3o e Melhoria de Processos<\/strong><\/span><\/p>\n<p><span style=\"color: #000000;\">Inova\u00e7\u00e3o<\/span><br \/>\n<span style=\"color: #000000;\">No\u00e7\u00f5es de Gerenciamento de Projetos<\/span><br \/>\n<span style=\"color: #000000;\">Fundamentos do Gerenciamento de Projetos \u2013 I<\/span><br \/>\n<span style=\"color: #000000;\">Fundamentos do Gerenciamento de Projetos \u2013 II<\/span><br \/>\n<span style=\"color: #000000;\"><strong>Gest\u00e3o de Pessoas e Lideran\u00e7a<\/strong><\/span><\/p>\n<p><span style=\"color: #000000;\">Confiar e Relacionar<\/span><br \/>\n<span style=\"color: #000000;\">Lideran\u00e7a Transformadora<\/span><br \/>\n<span style=\"color: #000000;\">Feedback \u2013 Ferramenta em Desenvolvimento<\/span><br \/>\n<span style=\"color: #000000;\"><strong>Gest\u00e3o P\u00fablica<\/strong><\/span><\/p>\n<p><span style=\"color: #000000;\">Instrumentos para Entender a Gest\u00e3o P\u00fablica<\/span><br \/>\n<span style=\"color: #000000;\">Cartilha Referencial Concess\u00f5es e Parcerias P\u00fablico-Privadas<\/span><br \/>\n<span style=\"color: #000000;\"><strong>Gest\u00e3o de Conv\u00eanios e Contratos<\/strong><\/span><\/p>\n<p><span style=\"color: #000000;\">Ordem Banc\u00e1ria de Transfer\u00eancias Volunt\u00e1rias \u2013 OBTV<\/span><br \/>\n<span style=\"color: #000000;\"><strong>Habita\u00e7\u00e3o<\/strong><\/span><\/p>\n<p><span style=\"color: #000000;\">MCMV \u2013 Fundo de Arrendamento Residencial (FAR)<\/span><br \/>\n<span style=\"color: #000000;\"><strong>Programas Sociais<\/strong><\/span><\/p>\n<p><span style=\"color: #000000;\">Cadastro \u00danico \u2013 Cadun<\/span><br \/>\n<span style=\"color: #000000;\">Sistema de Benef\u00edcios ao Cidad\u00e3o \u2013 Sibec<\/span><br \/>\n<span style=\"color: #000000;\"><strong>Desenvolvimento Sustent\u00e1vel<\/strong><\/span><\/p>\n<p><span style=\"color: #000000;\">Cartilha Cidades Sustent\u00e1veis<\/span><br \/>\n<span style=\"color: #000000;\">Cartilha Iniciativa Cidades Emergentes e Sustent\u00e1veis<\/span><\/p>\n<p>&nbsp;<\/p>\n<p>&nbsp;<\/p>\n<p><a href=\"http:\/\/senoticias.com.br\/se\/wp-content\/uploads\/2018\/01\/Logomarca-fone-SE-4-1.jpg\"><img loading=\"lazy\" decoding=\"async\" class=\"aligncenter size-full wp-image-109978\" src=\"http:\/\/senoticias.com.br\/se\/wp-content\/uploads\/2018\/01\/Logomarca-fone-SE-4-1.jpg\" alt=\"Logomarca-fone-SE-4\" width=\"599\" height=\"78\" srcset=\"https:\/\/senoticias.com.br\/se\/wp-content\/uploads\/2018\/01\/Logomarca-fone-SE-4-1.jpg 599w, https:\/\/senoticias.com.br\/se\/wp-content\/uploads\/2018\/01\/Logomarca-fone-SE-4-1-300x39.jpg 300w\" sizes=\"(max-width: 599px) 100vw, 599px\" \/><\/a><\/p>\n<p><em><strong>Acompanhe tamb\u00e9m o SE Not\u00edcias no\u00a0<a href=\"https:\/\/twitter.com\/Senoticias\" target=\"_blank\">Twitter<\/a>,\u00a0<a href=\"https:\/\/www.facebook.com\/senoticias1\" target=\"_blank\">Facebook<\/a>\u00a0e no\u00a0<a href=\"https:\/\/www.instagram.com\/senoticias\/\" target=\"_blank\">Instagram<\/a>\u00a0<\/strong><\/em><\/p>\n<p>Por AAN<\/p>\n<p>&nbsp;<\/p>\n","protected":false},"excerpt":{"rendered":"<p>Uma parceria in\u00e9dita que proporciona cursos de capacita\u00e7\u00e3o com uma das mais conceituadas institui\u00e7\u00f5es nacionais. Essa \u00e9 a s\u00edntese que define a parceria realizada pela Prefeitura de Aracaju, atrav\u00e9s da Escola de Governo, que \u00e9 vinculada \u00e0 Secretaria Municipal de Planejamento, Or\u00e7amento e Gest\u00e3o (Seplog), com a Universidade Caixa Poder P\u00fablico, instrumento para a\u00e7\u00f5es de [&hellip;]<\/p>\n","protected":false},"author":2,"featured_media":0,"comment_status":"closed","ping_status":"closed","sticky":false,"template":"","format":"standard","meta":{"footnotes":""},"categories":[10],"tags":[339,3166,3022,7548,3027,2985,4518,2936],"class_list":{"0":"post-110139","1":"post","2":"type-post","3":"status-publish","4":"format-standard","6":"category-empregos","7":"tag-aracaju","8":"tag-capacitacao","9":"tag-cursos","10":"tag-desenvolvimento","11":"tag-emprego","12":"tag-gestao","13":"tag-orcamento","14":"tag-servidores"},"_links":{"self":[{"href":"https:\/\/senoticias.com.br\/se\/wp-json\/wp\/v2\/posts\/110139"}],"collection":[{"href":"https:\/\/senoticias.com.br\/se\/wp-json\/wp\/v2\/posts"}],"about":[{"href":"https:\/\/senoticias.com.br\/se\/wp-json\/wp\/v2\/types\/post"}],"author":[{"embeddable":true,"href":"https:\/\/senoticias.com.br\/se\/wp-json\/wp\/v2\/users\/2"}],"replies":[{"embeddable":true,"href":"https:\/\/senoticias.com.br\/se\/wp-json\/wp\/v2\/comments?post=110139"}],"version-history":[{"count":0,"href":"https:\/\/senoticias.com.br\/se\/wp-json\/wp\/v2\/posts\/110139\/revisions"}],"wp:attachment":[{"href":"https:\/\/senoticias.com.br\/se\/wp-json\/wp\/v2\/media?parent=110139"}],"wp:term":[{"taxonomy":"category","embeddable":true,"href":"https:\/\/senoticias.com.br\/se\/wp-json\/wp\/v2\/categories?post=110139"},{"taxonomy":"post_tag","embeddable":true,"href":"https:\/\/senoticias.com.br\/se\/wp-json\/wp\/v2\/tags?post=110139"}],"curies":[{"name":"wp","href":"https:\/\/api.w.org\/{rel}","templated":true}]}}